{"id":10619,"date":"2026-09-05T16:27:51","date_gmt":"2026-09-05T14:27:51","guid":{"rendered":"https:\/\/www.rathgeber-balance.de\/bloggen\/?p=10619"},"modified":"2026-09-05T16:45:53","modified_gmt":"2026-09-05T14:45:53","slug":"oxymel-sauerhonig-als-traditionelles-hausmittel","status":"publish","type":"post","link":"http:\/\/www.rathgeber-balance.de\/bloggen\/naturapotheke\/oxymel-sauerhonig-als-traditionelles-hausmittel\/","title":{"rendered":"Oxymel &#8211; Sauerhonig als traditionelles Hausmittel"},"content":{"rendered":"<p><img loading=\"lazy\" decoding=\"async\" class=\"alignleft size-full wp-image-10621\" src=\"http:\/\/www.rathgeber-balance.de\/bloggen\/wp-content\/uploads\/2026\/09\/6E3A2214b300.jpg\" alt=\"\" width=\"300\" height=\"200\" \/>Der meteorologische Herbst hat am 1. September begonnen.<!--more--><\/p>\n<p>Nach den hei\u00dfen Sommermonaten ist das wieder eine v\u00f6llig neue, h\u00f6chst angenehme Erfahrung.<br \/>\nK\u00fchlere N\u00e4chte, Abende, an denen es fr\u00fcher finster wird.<br \/>\nNiederschl\u00e4ge, gr\u00fcne, nachwachsende Wiesen.<br \/>\nDiie Natur atmet sp\u00fcrbar auf nach der sehr, sehr langen Durststrecke.<br \/>\nWas geblieben ist; das d\u00fcrre Laub der hitzegeplagten B\u00e4ume, das fr\u00fchzeitig den Boden bedeckt.<\/p>\n<p>Und wieder stand eine Exkursion an, die innerhalb der einj\u00e4hrigen Ausbildung zur Kr\u00e4uterp\u00e4dagogin regelm\u00e4\u00dfig stattfinden.<br \/>\nDie Berufsbezeichnung \u201eKr\u00e4uterp\u00e4dagogin\u201c ist in Deutschland nicht staatlich gesch\u00fctzt; es wird auf fundiertes Wissen, Praxis und verantwortungsvolle Anwendung gesetzt.<\/p>\n<p>Es ist eine weite Fahrt und zwischenzeitlich wird das Einzugsgebiet f\u00fcr die Kr\u00e4uterschule \u201eSpirit of Nature\u201c \u2013 die Kr\u00e4uterschule f\u00fcr ganzheitliche Wildpflanzenkunde und traditionelle Naturmedizin \u2013 immer gr\u00f6\u00dfer.<br \/>\n<a href=\"https:\/\/www.kraeuter-son.de\/\">www.kraeuter-son.de\/<\/a><\/p>\n<p><img loading=\"lazy\" decoding=\"async\" class=\"alignleft size-full wp-image-10624\" src=\"http:\/\/www.rathgeber-balance.de\/bloggen\/wp-content\/uploads\/2026\/09\/6E3A1699b300.jpg\" alt=\"\" width=\"300\" height=\"200\" \/>Der online Kurs, der ein ganzes Jahr lang zwei Mal im Monat am Abend f\u00fcr zwei Stunden stattfindet und durch f\u00fcnf Pr\u00e4senztage vorort erg\u00e4nzt wird, ist eine sch\u00f6ne M\u00f6glichkeit, noch tiefer in die Welt der Pflanzen einzutauchen und auf Gleichgesinnte zu treffen, die \u00e4hnlich \u201eticken\u201c.<\/p>\n<p>Das Wissen um Wildpflanzen im Zyklus des Jahreskreises wird vertieft, praktisch angewendet und erm\u00f6glicht so das Ersp\u00fcren des eigenen Bio-Rhythmus.<br \/>\nEs gibt auch viele Angebote f\u00fcr den pers\u00f6nlichen Austausch in einer gesch\u00fctzten Gruppe, um Rezepte zu teilen oder Pflanzen gemeinsam zu bestimmen.<\/p>\n<p>Eine gro\u00dfe Rolle, schon fast tragende Rolle\u00a0 im Kr\u00e4uterjahr spielt auch die Signaturenlehre.<br \/>\n<img loading=\"lazy\" decoding=\"async\" class=\"alignleft size-full wp-image-10044\" src=\"http:\/\/www.rathgeber-balance.de\/bloggen\/wp-content\/uploads\/2025\/01\/Kapuzinerkresserotb300.jpg\" alt=\"\" width=\"300\" height=\"217\" \/>Was verr\u00e4t das Aussehen einer Pflanze \u00fcber ihre Heilkraft?<br \/>\nWarum sagt ein Pflanzenname so viel aus?<br \/>\nUnsere Volksmedizin basiert in erster Li\u00adnie auf dieser Signaturlehre, deren Begr\u00fcnder der mittelalterliche Arzt (auch Alchemist und Naturphilosoph) Pa\u00adracelsus (1493 bis 1541) war.<br \/>\nHatten Pflanzen \u00c4hnlichkeit mit einem menschlichen K\u00f6rperteil, wurde eine besondere Eignung f\u00fcr die Behandlung bestimmter Krankheiten abgeleitet.<br \/>\nAuch Farbe, Geruch, Duft oder Standort wurde mit einbezogen.<\/p>\n<p><img loading=\"lazy\" decoding=\"async\" class=\"alignleft size-full wp-image-10361\" src=\"http:\/\/www.rathgeber-balance.de\/bloggen\/wp-content\/uploads\/2025\/12\/6E3A1035bblog-1.jpg\" alt=\"\" width=\"300\" height=\"200\" \/>Und das alles im Hinblick auf die acht (keltischen) Jahreskreisfeste, die im Rhythmus der Natur das Jahr strukturieren.<br \/>\n\u00c4hnlich wie ein Kalender, der wichtige Feste oder Wendepunkte markiert.<br \/>\nManchmal ist das eine gute M\u00f6glichkeit sich zu orientieren und\u00a0 Fu\u00df zu fassen im trubeligen Alltag.<\/p>\n<p><img loading=\"lazy\" decoding=\"async\" class=\"alignleft size-full wp-image-7021\" src=\"http:\/\/www.rathgeber-balance.de\/bloggen\/wp-content\/uploads\/2019\/10\/OxymeleIMG_6385b.jpg\" alt=\"\" width=\"250\" height=\"166\" \/>Diesmal stand die Herstellung von Oxmel auf dem Programm im September-Treffen.<br \/>\nHierbei handelt es sich um heilkr\u00e4ftigen Sauerhonig, ein Gemisch auf Honig, Essig und ausgew\u00e4hlten Pflanzenteilen.<br \/>\nDies gilt als nat\u00fcrliches Heil- und St\u00e4rkungsmittel und war fr\u00fcher Standard im Apothekerschatz. Er existiert, seitdem es Honig gibt.<\/p>\n<p>Im Apfelessig finden sich fast alle Inhaltsstoffe des Apfels wieder: Mineralien, Spurenelemente, Vitamine, Flavonoide, Antioxidantien, Zitronen- und Eissigs\u00e4ure und Aminos\u00e4uren.<br \/>\nApfelessig wirkt anregend auf den Stoffwechsel, wirkt einer \u00dcbers\u00e4uerung des K\u00f6rpers entgegen, da er basisch verstoffwechselt wird. Au\u00dferdem sorgt er f\u00fcr eine gesunde Darmflora.<br \/>\nHonig enth\u00e4lt antibakterielle und entz\u00fcndungshemmende Stoffe.<br \/>\nKr\u00e4uter, Rosenbl\u00fcten, Beeren, Obst oder Wurzeln runden das Gespann ab.<\/p>\n<p><span style=\"color: #ff6600;\"><strong>Anwendung:<\/strong><\/span><br \/>\nEinnahme 1 Teel\u00f6ffel Oxymel in einem Glas Wasser.<br \/>\nSchmackhaft sind auch Oxymele als Salatdressing, hierbei mit \u00d6l, Salz und Kr\u00e4utern gemischt.<br \/>\nIch mixe es auch gerne ins Mineralwasser mixen und habe so ein schmackhaftes, gesundes Getr\u00e4nk.<\/p>\n<p>Beim Sammeln vorort habe ich mich f\u00fcr Sanddorn, Ringelblumenbl\u00fcten, Zitronenmelisse und jeweils eine Spalte klein geschnittenen Apfel und Birne entschieden.<br \/>\nHierbei bitte immer Vorsicht, Birne und Apfel enthalten Wasser und somit bewahre ich den Sud w\u00e4hrend der Reifezeit im K\u00fchlschrank auf.<\/p>\n<p><strong><span style=\"color: #ff6600;\">Wie wird Oxymel angesetzt?<\/span><br \/>\n<\/strong>150 g Honig<br \/>\n150 g Apfelessig<br \/>\neine kleine, bewusst gew\u00e4hlte Menge geeigneter Kr\u00e4uter, Bl\u00fcten, Wurzeln oder Fr\u00fcchte<\/p>\n<p><img loading=\"lazy\" decoding=\"async\" class=\"alignleft size-full wp-image-10626\" src=\"http:\/\/www.rathgeber-balance.de\/bloggen\/wp-content\/uploads\/2026\/09\/6E3A2222bz.jpg\" alt=\"\" width=\"300\" height=\"200\" \/>Honig und Essig zu gleichen Teilen im Schraubglas gr\u00fcndlich sch\u00fctteln oder verr\u00fchren.<br \/>\nNun das Pflanzenmaterial zugeben, bis alles vollst\u00e4ndig bedeckt ist.<br \/>\nDas Glas beschriften und k\u00fchl sowie dunkel ziehen lassen.<br \/>\nRegelm\u00e4\u00dfig schwenken. Nach ca. zwei Wochen sorgf\u00e4ltig abseihen.<\/p>\n<p>Eine Inspiration des Kurses war ein bereits fertiges Oxymel auf der Basis von Himbeeressig, Honig, einem halben kleingeschnittenen Apfel, Rosenbl\u00fcten und Melissenbl\u00e4tter.<\/p>\n","protected":false},"excerpt":{"rendered":"<p>Der meteorologische Herbst hat am 1. September begonnen.<\/p>\n","protected":false},"author":1,"featured_media":0,"comment_status":"open","ping_status":"open","sticky":false,"template":"","format":"standard","meta":{"footnotes":""},"categories":[6],"tags":[],"class_list":["post-10619","post","type-post","status-publish","format-standard","hentry","category-naturapotheke"],"_links":{"self":[{"href":"http:\/\/www.rathgeber-balance.de\/bloggen\/wp-json\/wp\/v2\/posts\/10619","targetHints":{"allow":["GET"]}}],"collection":[{"href":"http:\/\/www.rathgeber-balance.de\/bloggen\/wp-json\/wp\/v2\/posts"}],"about":[{"href":"http:\/\/www.rathgeber-balance.de\/bloggen\/wp-json\/wp\/v2\/types\/post"}],"author":[{"embeddable":true,"href":"http:\/\/www.rathgeber-balance.de\/bloggen\/wp-json\/wp\/v2\/users\/1"}],"replies":[{"embeddable":true,"href":"http:\/\/www.rathgeber-balance.de\/bloggen\/wp-json\/wp\/v2\/comments?post=10619"}],"version-history":[{"count":11,"href":"http:\/\/www.rathgeber-balance.de\/bloggen\/wp-json\/wp\/v2\/posts\/10619\/revisions"}],"predecessor-version":[{"id":10637,"href":"http:\/\/www.rathgeber-balance.de\/bloggen\/wp-json\/wp\/v2\/posts\/10619\/revisions\/10637"}],"wp:attachment":[{"href":"http:\/\/www.rathgeber-balance.de\/bloggen\/wp-json\/wp\/v2\/media?parent=10619"}],"wp:term":[{"taxonomy":"category","embeddable":true,"href":"http:\/\/www.rathgeber-balance.de\/bloggen\/wp-json\/wp\/v2\/categories?post=10619"},{"taxonomy":"post_tag","embeddable":true,"href":"http:\/\/www.rathgeber-balance.de\/bloggen\/wp-json\/wp\/v2\/tags?post=10619"}],"curies":[{"name":"wp","href":"https:\/\/api.w.org\/{rel}","templated":true}]}}