{"id":10051,"date":"2025-03-16T11:45:14","date_gmt":"2025-03-16T10:45:14","guid":{"rendered":"https:\/\/www.rathgeber-balance.de\/bloggen\/?p=10051"},"modified":"2025-03-27T11:21:41","modified_gmt":"2025-03-27T10:21:41","slug":"maerz-der-lenzmond","status":"publish","type":"post","link":"https:\/\/www.rathgeber-balance.de\/bloggen\/impressionen\/maerz-der-lenzmond\/","title":{"rendered":"M\u00e4rz, der Lenzmond"},"content":{"rendered":"<p><img loading=\"lazy\" decoding=\"async\" class=\"alignleft size-full wp-image-10053\" src=\"http:\/\/www.rathgeber-balance.de\/bloggen\/wp-content\/uploads\/2025\/03\/IMG_7458bbbgelb.jpg\" alt=\"\" width=\"300\" height=\"217\" \/>Der Lenzmond im M\u00e4rz (Vollmond, heuer am 14.03.25) verdankt seinen Namen der beginnenden Jahreszeit.<br \/>\n<!--more-->Lenze leitet sich von &#8222;lang&#8220; ab und meint damit die l\u00e4nger werdenden Tage im M\u00e4rz.<br \/>\nIn vielen Kulturen galt der Vollmond im M\u00e4rz als wichtiger Wendepunkt.<br \/>\nDie alten Germanen sahen ihn als Zeichen f\u00fcr den endg\u00fcltigen Sieg des Fr\u00fchlings \u00fcber den Winter.<br \/>\nAuch in der r\u00f6mischen Antike spielte der M\u00e4rz-Vollmond eine Rolle; der Monat war dem Kriegsgott Mars gewidmet.<\/p>\n<p>Der M\u00e4rz ist der Monat, in dem der Winter sich zum Fr\u00fchling wandelt.<br \/>\nNach altgermanischer Bezeichnung hei\u00dft er auch \u201eM\u00e4rzmond\u201c.<br \/>\nDie Benennung orientierte sich an klimatischen Besonderheiten, Naturerscheinungen oder b\u00e4uerlichen T\u00e4tigkeiten.<\/p>\n<p>Derzeit ist es hier eiskalt, die meisten Vorfr\u00fchlingsarbeiten sind erledigt.<br \/>\nDer Geh\u00f6lzschnitt ist abgeschlossen, damit br\u00fctende V\u00f6gel nicht gest\u00f6rt werden.<\/p>\n<p>Bei Rosen gilt eher die Regel, sie zur Forsythienbl\u00fcte zu schneiden.<br \/>\nAuch die beiden Zistrosen\u00a0 sind noch gut mit Reisig gesch\u00fctzt.<\/p>\n<p><img loading=\"lazy\" decoding=\"async\" class=\"alignleft size-full wp-image-10100\" src=\"http:\/\/www.rathgeber-balance.de\/bloggen\/wp-content\/uploads\/2025\/03\/Ballontest11001400farblosblog.jpg\" alt=\"\" width=\"500\" height=\"273\" srcset=\"https:\/\/www.rathgeber-balance.de\/bloggen\/wp-content\/uploads\/2025\/03\/Ballontest11001400farblosblog.jpg 500w, https:\/\/www.rathgeber-balance.de\/bloggen\/wp-content\/uploads\/2025\/03\/Ballontest11001400farblosblog-300x164.jpg 300w\" sizes=\"auto, (max-width: 500px) 100vw, 500px\" \/>Einige Samen sind im Warmen ausgebracht, f\u00fcr Tomaten, Brunnenkresse, Basilikum und L\u00f6wenm\u00e4ulchen.<br \/>\nEs ist sch\u00f6n zu beobachten, wann sich etwas regen wird und das erste Gr\u00fcn sichtbar ist.<\/p>\n<p>Im Moment \u00fcberwiegt einfach die Vorfreude.<br \/>\nUnd sich in Ruhe den Bauernkalender vorzunehmen, wenngleich er als Wetterprophet nicht allzu verl\u00e4sslich sein wird.<\/p>\n<p>Am 17. M\u00e4rz St. Gertrud gilt die Regel: \u201eFriert\u2019s an Gertrud, der Winter noch vierzig Tage nicht ruht.\u201c<\/p>\n<p>Am 19. M\u00e4rz ist St. Josef: &#8222;Ist es klar am Josephstag, spart er dir viel Not und Plag.&#8220;<\/p>\n<p>Der astronomische Fr\u00fchlingsanfang ist heuer am 20. M\u00e4rz (der meteorologische Fr\u00fchlingsbeginn ist immer der 1. M\u00e4rz).<br \/>\nHier gilt die Regel: \u201eWie das Wetter am Fr\u00fchlingsanfang, so ist es den ganzen Sommer lang.\u201c<\/p>\n<p>Am 21. M\u00e4rz ist St. Benedikt: \u201eWie das Wetter sich zeigt nach Benedikt eine Woche lang, so zeigt\u2019s sich auch den ganzen Sommer lang.\u201c<\/p>\n<p>So verbunden mit dem Jahreszyklus der Natur (auch das w\u00f6chentliche Winterbaden im See geh\u00f6rt dazu, um das Erwachen der Natur zu verfolgen) kann getrost abgewartet werden, wann was zu tun ist.<br \/>\nDie Natur gibt es klar und deutlich vor.<\/p>\n<p><img loading=\"lazy\" decoding=\"async\" class=\"alignleft size-full wp-image-7504\" src=\"http:\/\/www.rathgeber-balance.de\/bloggen\/wp-content\/uploads\/2020\/03\/Veilchen-IMG_7695z.jpg\" alt=\"\" width=\"300\" height=\"216\" \/>Bald wird auch wieder die Garten-Naturwerkstatt ge\u00f6ffnet werden.<br \/>\nGestartet wird mit dem Duftveilchen (<em>Viola odorata)<\/em>, einem Vertreter der Familie der Veilchengew\u00e4chse (<em>Violaceae), <\/em>das vor allem durch seine bezaubernden, leicht duftenden Bl\u00fctenbl\u00e4tter auff\u00e4llt . Charakteristisch ist auch die die Herzform der Bl\u00e4tter.<\/p>\n<p>Man kann mit Veilchen so einiges herstellen in der Gartenk\u00fcche oder im naturkosmetischen Bereich.<br \/>\nVeilchenzucker oder bek\u00f6mmlichen Veilchenessig mit Kandiszucker.<br \/>\nBereits Hildegard von Bingen kannte die Heilkraft der Pflanze und r\u00fchrte Salben mit Duftveilchen zur Linderung von Kopfschmerzen, aber auch zur Hautpflege.<\/p>\n<p>Einfach anzusetzen ist Veilchen\u00f6lauszug.<br \/>\nGeeignet f\u00fcr den \u00d6lauszug sind Mandel\u00f6l oder Jojoba\u00f6l, da beide \u00d6le duftneutral sind.<\/p>\n<p>Das gleiche gilt f\u00fcr Veilchentinktur, das auch zur Konservierung naturkosmetischer Produkte verwendet wird.<br \/>\nVielleicht noch zus\u00e4tzlich beduftet mit dem \u00e4therischen \u00d6l von Veilchenbl\u00e4ttern, stellt all das eine kleine Kostbarkeit dar.<\/p>\n<p><img loading=\"lazy\" decoding=\"async\" class=\"alignleft size-full wp-image-10065\" src=\"http:\/\/www.rathgeber-balance.de\/bloggen\/wp-content\/uploads\/2025\/03\/Hobby-III-004-gross-Originalblog.jpg\" alt=\"\" width=\"300\" height=\"200\" \/>Denn auch hier gilt immer wieder neben all den vielf\u00e4ltigen praktischen Arbeiten im Garten: die Natur ist eine Schatzkiste mit einem schier unersch\u00f6pflichen Fundus an Zutaten f\u00fcr Wohltuendes, Wohlduftendes, Wohlschmeckendes und Dekoratives zum Selbermachen.<\/p>\n","protected":false},"excerpt":{"rendered":"<p>Der Lenzmond im M\u00e4rz (Vollmond, heuer am 14.03.25) verdankt seinen Namen der beginnenden Jahreszeit.<\/p>\n","protected":false},"author":1,"featured_media":0,"comment_status":"open","ping_status":"open","sticky":false,"template":"","format":"standard","meta":{"footnotes":""},"categories":[7],"tags":[],"class_list":["post-10051","post","type-post","status-publish","format-standard","hentry","category-impressionen"],"_links":{"self":[{"href":"https:\/\/www.rathgeber-balance.de\/bloggen\/wp-json\/wp\/v2\/posts\/10051","targetHints":{"allow":["GET"]}}],"collection":[{"href":"https:\/\/www.rathgeber-balance.de\/bloggen\/wp-json\/wp\/v2\/posts"}],"about":[{"href":"https:\/\/www.rathgeber-balance.de\/bloggen\/wp-json\/wp\/v2\/types\/post"}],"author":[{"embeddable":true,"href":"https:\/\/www.rathgeber-balance.de\/bloggen\/wp-json\/wp\/v2\/users\/1"}],"replies":[{"embeddable":true,"href":"https:\/\/www.rathgeber-balance.de\/bloggen\/wp-json\/wp\/v2\/comments?post=10051"}],"version-history":[{"count":24,"href":"https:\/\/www.rathgeber-balance.de\/bloggen\/wp-json\/wp\/v2\/posts\/10051\/revisions"}],"predecessor-version":[{"id":10058,"href":"https:\/\/www.rathgeber-balance.de\/bloggen\/wp-json\/wp\/v2\/posts\/10051\/revisions\/10058"}],"wp:attachment":[{"href":"https:\/\/www.rathgeber-balance.de\/bloggen\/wp-json\/wp\/v2\/media?parent=10051"}],"wp:term":[{"taxonomy":"category","embeddable":true,"href":"https:\/\/www.rathgeber-balance.de\/bloggen\/wp-json\/wp\/v2\/categories?post=10051"},{"taxonomy":"post_tag","embeddable":true,"href":"https:\/\/www.rathgeber-balance.de\/bloggen\/wp-json\/wp\/v2\/tags?post=10051"}],"curies":[{"name":"wp","href":"https:\/\/api.w.org\/{rel}","templated":true}]}}