{"id":10132,"date":"2025-05-17T13:51:12","date_gmt":"2025-05-17T11:51:12","guid":{"rendered":"https:\/\/www.rathgeber-balance.de\/bloggen\/?p=10132"},"modified":"2025-05-17T18:23:09","modified_gmt":"2025-05-17T16:23:09","slug":"gewoehnliche-nachtviole-hesperis-matronalis","status":"publish","type":"post","link":"https:\/\/www.rathgeber-balance.de\/bloggen\/impressionen\/gewoehnliche-nachtviole-hesperis-matronalis\/","title":{"rendered":"Gew\u00f6hnliche Nachtviole &#8211; Hesperis matronalis"},"content":{"rendered":"<p><img loading=\"lazy\" decoding=\"async\" class=\"alignleft size-full wp-image-10137\" src=\"http:\/\/www.rathgeber-balance.de\/bloggen\/wp-content\/uploads\/2025\/05\/IMG_7752zhoch.jpg\" alt=\"\" width=\"300\" height=\"416\" srcset=\"https:\/\/www.rathgeber-balance.de\/bloggen\/wp-content\/uploads\/2025\/05\/IMG_7752zhoch.jpg 300w, https:\/\/www.rathgeber-balance.de\/bloggen\/wp-content\/uploads\/2025\/05\/IMG_7752zhoch-216x300.jpg 216w\" sizes=\"auto, (max-width: 300px) 100vw, 300px\" \/>Die Staude z\u00e4hlt aus botanischer Sicht zur Familie der Kreuzbl\u00fctler <em>(Brassicaceae).<\/em><!--more--><\/p>\n<p>Sie hat im Garten, vor allem im Bauerngarten, eine lange Tradition und war aufgrund der h\u00fcbschen Bl\u00fcten in wei\u00df oder violett und ihres Duftes schon immer eine beliebte Zierpflanze.<\/p>\n<p>Die Nachtviole stammt urspr\u00fcnglich aus S\u00fcdosteuropa, sie gilt als nicht-invasiv, sie verdr\u00e4ngt also keine heimischen Arten.<br \/>\nFr\u00fcher wurde die Hesperis h\u00e4ufig als Heilpflanze verwendet und besonders wegen ihrer harn- und schwei\u00dftreibenden Wirkung gesch\u00e4tzt.<br \/>\nSie galt als Allheilmittel, \u00e4u\u00dferlich angewendet bei Abszessen.<br \/>\nAufgrund ihres feinen Duftes wurde sie auch als Grundsubstanz zur Herstellung von Heilmitteln und Salben verarbeitet.<\/p>\n<p>Die leider kurzlebige, zweij\u00e4hrige, krautig gewachsene, winterharte Staude bildet im ersten Jahr eine Blattrosette und ab dem zweiten Jahr einen langen Bl\u00fctenst\u00e4ngel.<br \/>\nAn geeigneten Standorten erh\u00e4lt sie sich durch Selbstaussaat.<\/p>\n<p>Man kann auch einige St\u00e4ngel im Fr\u00fchjahr oder Sp\u00e4tsommer abschneiden, Stecklinge ziehen und so Nachtviolen vermehren.<br \/>\nDie Bl\u00fctezeit w\u00e4hrt recht lange von Mai bis Juli.<br \/>\nObwohl die Bl\u00fcten sehr klein sind, verstr\u00f6men sie ab dem Abend und die gesamte Nacht hindurch einen leicht w\u00fcrzigen Duft.<\/p>\n<p>Nachtviolen bevorzugen einen n\u00e4hrstoffreichen, gut durchl\u00e4ssigen Boden, der mit etwas Sand oder Kies aufgelockert werden kann.<br \/>\nAm besten gedeihen sie an einem sonnigen bis halbschattigen Standort.<\/p>\n<p>In kleinen Gruppen gepflanzt, setzen sie einen duftenden und h\u00fcbschen Akzent zwischen Stauden oder auch unter lichten Geh\u00f6lzen.<br \/>\nUnd sie passen als Bauerngartenstaude gut in den Natur- und Aromagarten auch in Kombination mit anderen Wildstauden wie Akelei, Stockrose und Fingerhut.<\/p>\n<p>Zudem ist die Nachtviole eine Bienenweide\u00a0 und lockt mit ihrem intensiven Duft vor allem Schwebfliegen und Nachtfalter in den Garten, wobei sie als Raupenfutter f\u00fcr Schmetterlinge und Pollenlieferant f\u00fcr Wildbienen dient. .<\/p>\n<p><img loading=\"lazy\" decoding=\"async\" class=\"alignleft size-full wp-image-10140\" src=\"http:\/\/www.rathgeber-balance.de\/bloggen\/wp-content\/uploads\/2025\/05\/IMG_7841bzhb500.jpg\" alt=\"\" width=\"500\" height=\"361\" srcset=\"https:\/\/www.rathgeber-balance.de\/bloggen\/wp-content\/uploads\/2025\/05\/IMG_7841bzhb500.jpg 500w, https:\/\/www.rathgeber-balance.de\/bloggen\/wp-content\/uploads\/2025\/05\/IMG_7841bzhb500-300x217.jpg 300w\" sizes=\"auto, (max-width: 500px) 100vw, 500px\" \/>Man nennt die Nachtviole auch &#8222;Mondscheindufter&#8220; mit einem bet\u00f6renden Veilchenduft.<br \/>\nW\u00e4hrend der Bl\u00fctezeit kann man die Bl\u00fcten trocknen und in einer Duftschale dekorieren.<\/p>\n<p>Eine unaufdringliche Wildstaude, die sich ohne gro\u00dfe Anspr\u00fcche in die Rabatte einf\u00fcgt und zur strukturellen Vielfalt im Garten beitr\u00e4gt.<\/p>\n<p>&nbsp;<\/p>\n<p>&nbsp;<\/p>\n","protected":false},"excerpt":{"rendered":"<p>Die Staude z\u00e4hlt aus botanischer Sicht zur Familie der Kreuzbl\u00fctler (Brassicaceae).<\/p>\n","protected":false},"author":1,"featured_media":0,"comment_status":"open","ping_status":"open","sticky":false,"template":"","format":"standard","meta":{"footnotes":""},"categories":[7],"tags":[],"class_list":["post-10132","post","type-post","status-publish","format-standard","hentry","category-impressionen"],"_links":{"self":[{"href":"https:\/\/www.rathgeber-balance.de\/bloggen\/wp-json\/wp\/v2\/posts\/10132","targetHints":{"allow":["GET"]}}],"collection":[{"href":"https:\/\/www.rathgeber-balance.de\/bloggen\/wp-json\/wp\/v2\/posts"}],"about":[{"href":"https:\/\/www.rathgeber-balance.de\/bloggen\/wp-json\/wp\/v2\/types\/post"}],"author":[{"embeddable":true,"href":"https:\/\/www.rathgeber-balance.de\/bloggen\/wp-json\/wp\/v2\/users\/1"}],"replies":[{"embeddable":true,"href":"https:\/\/www.rathgeber-balance.de\/bloggen\/wp-json\/wp\/v2\/comments?post=10132"}],"version-history":[{"count":9,"href":"https:\/\/www.rathgeber-balance.de\/bloggen\/wp-json\/wp\/v2\/posts\/10132\/revisions"}],"predecessor-version":[{"id":10144,"href":"https:\/\/www.rathgeber-balance.de\/bloggen\/wp-json\/wp\/v2\/posts\/10132\/revisions\/10144"}],"wp:attachment":[{"href":"https:\/\/www.rathgeber-balance.de\/bloggen\/wp-json\/wp\/v2\/media?parent=10132"}],"wp:term":[{"taxonomy":"category","embeddable":true,"href":"https:\/\/www.rathgeber-balance.de\/bloggen\/wp-json\/wp\/v2\/categories?post=10132"},{"taxonomy":"post_tag","embeddable":true,"href":"https:\/\/www.rathgeber-balance.de\/bloggen\/wp-json\/wp\/v2\/tags?post=10132"}],"curies":[{"name":"wp","href":"https:\/\/api.w.org\/{rel}","templated":true}]}}