{"id":1062,"date":"2015-03-03T15:55:07","date_gmt":"2015-03-03T14:55:07","guid":{"rendered":"http:\/\/www.rathgeber-balance.de\/bloggen\/?p=1062"},"modified":"2018-01-11T12:55:17","modified_gmt":"2018-01-11T11:55:17","slug":"duftendes-koerperoel-mit-vanille-jojoba-mazerat","status":"publish","type":"post","link":"https:\/\/www.rathgeber-balance.de\/bloggen\/naturkosmetik\/duftendes-koerperoel-mit-vanille-jojoba-mazerat\/","title":{"rendered":"Duftendes K\u00f6rper\u00f6l mit Vanille-Jojoba-Mazerat"},"content":{"rendered":"<p><a href=\"http:\/\/www.rathgeber-balance.de\/bloggen\/wp-content\/uploads\/2015\/03\/Destille-III-015.jpg\"><img loading=\"lazy\" decoding=\"async\" class=\"alignleft size-full wp-image-1069\" src=\"http:\/\/www.rathgeber-balance.de\/bloggen\/wp-content\/uploads\/2015\/03\/Destille-III-015.jpg\" alt=\"Destille\" width=\"250\" height=\"166\" \/><\/a>Heute ist es an der Zeit, ein sehr sch\u00f6nes, bestens bew\u00e4hrtes K\u00f6rper\u00f6l nachzumischen, das zur Neige geht.<!--more--><\/p>\n<p>Die Inspiration hierf\u00fcr ist nach einer Rezeptur entstanden, die Heike K\u00e4ser (Olionatura) konzipiert hat.<br \/>\nQuelle (mit freundlicher Erlaubnis):<br \/>\n<a href=\"http:\/\/www.olionatura.com\/2012\/12\/09\/weihnachtliche-naturkosmetikmanufaktur\/\">www.olionatura.com\/2012\/12\/09\/weihnachtliche-naturkosmetikmanufaktur\/<\/a><\/p>\n<p>F\u00fcr 50 ml <span style=\"color: #993300;\">K\u00f6rper\u00f6l<\/span> nehme ich folgende Substanzen:<br \/>\n10 ml Jojaba\u00f6l<br \/>\n2,5 ml Squalan (ein geruchloses, feuchtigkeitspendendes farbneutrales \u00d6l, das unter anderem aus dem Unverseifbaren der Olive gewonnen wird)<br \/>\n1,0 ml Granatapfelsamen\u00f6l<br \/>\n36 ml Aprikosenkern\u00f6l<\/p>\n<p>Beduftet habe ich das K\u00f6rper\u00f6l mit einer Mischung aus folgenden \u00e4therischen \u00d6len:<br \/>\n<span style=\"color: #800000;\">6 Tropfen Ylang, 4 Tropfen Rosengeranie, 4 Tropfen Benzoe<\/span><\/p>\n<p>Selbstverst\u00e4ndlich k\u00f6nnen die \u00d6le entsprechend ausgetauscht, Aprikosenkern\u00f6l beispielsweise durch Mandel\u00f6l ersetzt werden, wichtig ist bei dieser Mischung jedoch das Jojoba\u00f6l.<\/p>\n<p>Gerne kann auch ein<span style=\"color: #800000;\"> Jojoba\u00f6l-Mazerat <\/span>verwendet werden.<br \/>\nHierf\u00fcr wird eine kleingeschnittene Vanillestange (bitte auf Bioqualit\u00e4t achten) einige Tage in Jojoba\u00f6l eingelegt. Danach wird sorgf\u00e4ltig gefiltert. Das \u00d6l duftet nun wunderbar nach Vanille.<\/p>\n<p><img loading=\"lazy\" decoding=\"async\" class=\"alignleft size-full wp-image-5262\" src=\"http:\/\/www.rathgeber-balance.de\/bloggen\/wp-content\/uploads\/2015\/03\/Tonkabohnen-2-005be.jpg\" alt=\"\" width=\"250\" height=\"180\" \/><\/p>\n<p>Ebenso gut gelingt eine Duftmischung mit Tonka-Bohnen, die f\u00fcr einige Zeit im Jojoba\u00f6l ziehen.<\/p>\n<p><strong>Herstellung eines \u00d6lmazerats:<\/strong> <a href=\"http:\/\/www.olionatura.de\/basiswissen\/pflanzen-verarbeiten\/oelmazerate-herstellen\/\">www.olionatura.de\/basiswissen\/pflanzen-verarbeiten\/oelmazerate-herstellen\/<\/a><\/p>\n<p>Jojoba\u00f6l nennt man auch \u201efl\u00fcssiges Gold\u201c, es ist eigentlich kein \u00d6l, sondern ein Wachs.<br \/>\nJobojab\u00f6l wird im Gegensatz zu vielen anderen \u00d6len nicht ranzig. Es zieht auch bei fettiger Haut gut ein und f\u00fchlt sich niemals \u201e\u00f6lig\u201c an. Es sch\u00fctzt vor zu viel Verdunstung von Feuchtigkeit. Im Gegensatz zu mineralischen \u00d6len versiegelt es nicht die Hautoberfl\u00e4che.<br \/>\nUnd da Jojoba\u00f6l so stabil ist, besteht auch nicht die Gefahr, dass es bei Kontakt mit Sauerstoff zerf\u00e4llt, freie Radikale bildet, was wiederum zu einer vorzeitigen Alterung der Haut f\u00fchren kann.<\/p>\n<p>&nbsp;<\/p>\n","protected":false},"excerpt":{"rendered":"<p>Heute ist es an der Zeit, ein sehr sch\u00f6nes, bestens bew\u00e4hrtes K\u00f6rper\u00f6l nachzumischen, das zur Neige geht.<\/p>\n","protected":false},"author":1,"featured_media":0,"comment_status":"open","ping_status":"open","sticky":false,"template":"","format":"standard","meta":{"footnotes":""},"categories":[1],"tags":[99,97,100,98],"class_list":["post-1062","post","type-post","status-publish","format-standard","hentry","category-naturkosmetik","tag-heike-kaeser","tag-koerperoel","tag-kupferdestille","tag-vanille-jojobamazerat"],"_links":{"self":[{"href":"https:\/\/www.rathgeber-balance.de\/bloggen\/wp-json\/wp\/v2\/posts\/1062","targetHints":{"allow":["GET"]}}],"collection":[{"href":"https:\/\/www.rathgeber-balance.de\/bloggen\/wp-json\/wp\/v2\/posts"}],"about":[{"href":"https:\/\/www.rathgeber-balance.de\/bloggen\/wp-json\/wp\/v2\/types\/post"}],"author":[{"embeddable":true,"href":"https:\/\/www.rathgeber-balance.de\/bloggen\/wp-json\/wp\/v2\/users\/1"}],"replies":[{"embeddable":true,"href":"https:\/\/www.rathgeber-balance.de\/bloggen\/wp-json\/wp\/v2\/comments?post=1062"}],"version-history":[{"count":40,"href":"https:\/\/www.rathgeber-balance.de\/bloggen\/wp-json\/wp\/v2\/posts\/1062\/revisions"}],"predecessor-version":[{"id":5268,"href":"https:\/\/www.rathgeber-balance.de\/bloggen\/wp-json\/wp\/v2\/posts\/1062\/revisions\/5268"}],"wp:attachment":[{"href":"https:\/\/www.rathgeber-balance.de\/bloggen\/wp-json\/wp\/v2\/media?parent=1062"}],"wp:term":[{"taxonomy":"category","embeddable":true,"href":"https:\/\/www.rathgeber-balance.de\/bloggen\/wp-json\/wp\/v2\/categories?post=1062"},{"taxonomy":"post_tag","embeddable":true,"href":"https:\/\/www.rathgeber-balance.de\/bloggen\/wp-json\/wp\/v2\/tags?post=1062"}],"curies":[{"name":"wp","href":"https:\/\/api.w.org\/{rel}","templated":true}]}}