{"id":111,"date":"2014-07-04T15:44:41","date_gmt":"2014-07-04T13:44:41","guid":{"rendered":"http:\/\/www.rathgeber-balance.de\/bloggen\/?p=111"},"modified":"2022-11-14T12:42:38","modified_gmt":"2022-11-14T11:42:38","slug":"rund-um-die-rose","status":"publish","type":"post","link":"https:\/\/www.rathgeber-balance.de\/bloggen\/naturkosmetik\/rund-um-die-rose\/","title":{"rendered":"Rund um die Rose"},"content":{"rendered":"<p><strong><span style=\"color: #ff0000;\">Rosen, Rosen, Rosen&#8230;<\/span><\/strong><\/p>\n<p><a href=\"http:\/\/www.rathgeber-balance.de\/bloggen\/wp-content\/uploads\/2014\/07\/Rosentinktur1.jpg\"><img loading=\"lazy\" decoding=\"async\" class=\"alignleft size-full wp-image-1350\" src=\"http:\/\/www.rathgeber-balance.de\/bloggen\/wp-content\/uploads\/2014\/07\/Rosentinktur1.jpg\" alt=\"Rosen\" width=\"250\" height=\"166\" \/><\/a>Da ich so viele Rosen im Garten habe, die alle unbehandelt sind, w\u00e4re es schade, die Bl\u00fctenbl\u00e4tter nicht in der K\u00fcche (f\u00fcr ein Rosenbl\u00fctengelee) oder in der Hautpflege weiterzuverwenden.<!--more--><\/p>\n<p>Beispielsweise f\u00fcr eine <span style=\"color: #ff0000;\"><strong>Tinktur<\/strong>,<\/span> wobei ich die Bl\u00fcten in Alkohol \u2013 in meinem Fall in mit Wasser verd\u00fcnntem, 96%-igen Weingeist \u2013 einlege, da ich ihn zum Konservieren meiner Kosmetikprodukte benutzen kann.<\/p>\n<p>Normalerweise wird 70 %-iger\u00a0 Alkohol (Weingeist) verwendet. Der Alkohol l\u00f6st die Wirkstoffe aus der Pflanze und konzentriert sie w\u00e4hrend der Ruhezeit.<\/p>\n<p>Das Gef\u00e4\u00df wird verschlossen und an einen hellen Platz gestellt. Ich sch\u00fcttele t\u00e4glich, nach einer Reifezeit von zwei bis vier Wochen wird filtriert und in ein Fl\u00e4schchen abgef\u00fcllt.<\/p>\n<p><!--more--><\/p>\n<p>&nbsp;<\/p>\n<p><strong><span style=\"color: #ff0000;\">Rosen\u00f6l &#8211; \u00d6lauszug kalt<\/span><\/strong><\/p>\n<p>Hierf\u00fcr ben<img loading=\"lazy\" decoding=\"async\" class=\"alignleft size-full wp-image-117\" src=\"http:\/\/www.rathgeber-balance.de\/bloggen\/wp-content\/uploads\/2014\/07\/Rosenjojoba\u00f6l.jpg\" alt=\"Rose in Jojaba\u00f6l\" width=\"250\" height=\"166\" \/>utze ich<strong> Jojoba\u00f6l <\/strong>als Tr\u00e4ger\u00f6l, da es in vielen meiner naturkosmetischen Lotionen enthalten ist.<\/p>\n<p>Nat\u00fcrlich bevorzuge ich Rosensorten, die besonders gut duften wie \u201eSchneewittchen\u201c \u201eWesterland\u201c oder Rose de Resht, m\u00f6glichst morgens gepfl\u00fcckt.<\/p>\n<p>Nach dem Einf\u00fcllen der abgetrockneten Bl\u00fctenbl\u00e4tter in ein verschlie\u00dfbares Glas wird das Pflanzemmaterial mit \u00d6l \u00fcbergossen, bis alles gut bedeckt ist. Gelegentlich sch\u00fctteln, nach ca. zwei Wochen wird filtriert und an einem k\u00fchlen Ort gelagert.<br \/>\nDas Mazerat hat nun den feinen Duft der Rosen angenommen.<\/p>\n<p>&nbsp;<\/p>\n<p><span style=\"color: #ff0000;\"><strong>Rosenessig<\/strong><\/span><\/p>\n<p><a href=\"http:\/\/www.rathgeber-balance.de\/bloggen\/wp-content\/uploads\/2014\/07\/Rosenessighell.jpg\"><img loading=\"lazy\" decoding=\"async\" class=\"alignleft size-full wp-image-1352\" src=\"http:\/\/www.rathgeber-balance.de\/bloggen\/wp-content\/uploads\/2014\/07\/Rosenessighell.jpg\" alt=\"Rosenessig\" width=\"250\" height=\"166\" \/><\/a>Gerne setze ich auch Rosenessig f\u00fcr eine Haarsp\u00fclung an, um Seifenreste zu neutralisieren. Nach kurzer Einwirkzeit wird der mit Wasser verd\u00fcnnte Essig wieder ausgewaschen.<\/p>\n<p>Die Bl\u00fcten sollen nicht feucht sein, wenn ich sie in ein Marmeladenglas mit Deckel dr\u00fccke und mit Apfelessig auff\u00fclle, bis das Pflanzengut reichlich bedeckt ist.<br \/>\nDann lasse ich den Sud an einem hellen, nicht zu sonnigen Ort stehen, wobei ich t\u00e4glich mehrmals sch\u00fcttele.<\/p>\n<p>Um die Intensivit\u00e4t zu erh\u00f6hen, ist es \u2013 wie auch bei der Tinktur und dem Kaltauszug \u2013 empfehlenswert, nach dem ersten Abseihen neues Pflanzenmaterial einzulegen. Die Bl\u00fctenbl\u00e4tter verlieren nach gewisser Zeit all ihre Farben.<br \/>\nNach drei bis vier Wochen filtriere ich die Fl\u00fcssigkeit und f\u00fclle in kleine Fl\u00e4schchen ab.<\/p>\n<p>&nbsp;<\/p>\n","protected":false},"excerpt":{"rendered":"<p>Rosen, Rosen, Rosen&#8230; Da ich so viele Rosen im Garten habe, die alle unbehandelt sind, w\u00e4re es schade, die Bl\u00fctenbl\u00e4tter nicht in der K\u00fcche (f\u00fcr ein Rosenbl\u00fctengelee) oder in der Hautpflege weiterzuverwenden.<\/p>\n","protected":false},"author":1,"featured_media":0,"comment_status":"open","ping_status":"open","sticky":false,"template":"","format":"standard","meta":{"footnotes":""},"categories":[1],"tags":[23,21,134,18,22,20,19],"class_list":["post-111","post","type-post","status-publish","format-standard","hentry","category-naturkosmetik","tag-haarspuelung","tag-jojobaoel","tag-naturkosmetik","tag-rose","tag-rosenessig","tag-rosenoel","tag-tinktur"],"_links":{"self":[{"href":"https:\/\/www.rathgeber-balance.de\/bloggen\/wp-json\/wp\/v2\/posts\/111","targetHints":{"allow":["GET"]}}],"collection":[{"href":"https:\/\/www.rathgeber-balance.de\/bloggen\/wp-json\/wp\/v2\/posts"}],"about":[{"href":"https:\/\/www.rathgeber-balance.de\/bloggen\/wp-json\/wp\/v2\/types\/post"}],"author":[{"embeddable":true,"href":"https:\/\/www.rathgeber-balance.de\/bloggen\/wp-json\/wp\/v2\/users\/1"}],"replies":[{"embeddable":true,"href":"https:\/\/www.rathgeber-balance.de\/bloggen\/wp-json\/wp\/v2\/comments?post=111"}],"version-history":[{"count":53,"href":"https:\/\/www.rathgeber-balance.de\/bloggen\/wp-json\/wp\/v2\/posts\/111\/revisions"}],"predecessor-version":[{"id":8876,"href":"https:\/\/www.rathgeber-balance.de\/bloggen\/wp-json\/wp\/v2\/posts\/111\/revisions\/8876"}],"wp:attachment":[{"href":"https:\/\/www.rathgeber-balance.de\/bloggen\/wp-json\/wp\/v2\/media?parent=111"}],"wp:term":[{"taxonomy":"category","embeddable":true,"href":"https:\/\/www.rathgeber-balance.de\/bloggen\/wp-json\/wp\/v2\/categories?post=111"},{"taxonomy":"post_tag","embeddable":true,"href":"https:\/\/www.rathgeber-balance.de\/bloggen\/wp-json\/wp\/v2\/tags?post=111"}],"curies":[{"name":"wp","href":"https:\/\/api.w.org\/{rel}","templated":true}]}}