{"id":1230,"date":"2015-04-27T15:53:02","date_gmt":"2015-04-27T13:53:02","guid":{"rendered":"http:\/\/www.rathgeber-balance.de\/bloggen\/?p=1230"},"modified":"2026-02-06T09:37:08","modified_gmt":"2026-02-06T08:37:08","slug":"drueben-im-garten","status":"publish","type":"post","link":"https:\/\/www.rathgeber-balance.de\/bloggen\/impressionen\/drueben-im-garten\/","title":{"rendered":"&#8222;Dr\u00fcben im Garten&#8220;"},"content":{"rendered":"<p><span style=\"color: #008000;\"><em><strong><a href=\"http:\/\/www.rathgeber-balance.de\/bloggen\/wp-content\/uploads\/2015\/04\/Dr\u00fcben-im-Garten-029.jpg\"><img loading=\"lazy\" decoding=\"async\" class=\"alignleft size-full wp-image-1231\" src=\"http:\/\/www.rathgeber-balance.de\/bloggen\/wp-content\/uploads\/2015\/04\/Dr\u00fcben-im-Garten-029.jpg\" alt=\"Natur\" width=\"250\" height=\"166\" \/><\/a>&#8222;Dr\u00fcben im Garten&#8220;<\/strong><\/em><\/span>\u00a0 ist dann doch noch wahrgeworden.<!--more--><br \/>\nViele Jahre lang hatten wir einen sch\u00f6nen Ausblick nach Westen, wo auch eine Terrasse liegt.<br \/>\nDie Sonne scheint hier beinahe solange, bis sie untergeht.<br \/>\nEs ist ein weitl\u00e4ufiges Grundst\u00fcck, auf der einen H\u00e4lfte steht ein Haus, die andere H\u00e4lfte ist mit gro\u00dfen B\u00e4umen bewachsen, eine Obstbaumwiese.<\/p>\n<p>Es war fr\u00fcher eine G\u00e4rtnerei, die Vorbesitzerin hat lange Zeit bunte Dahlien und Zinnien gepflanzt in mit niedrigem Stein ummauerten Beeten.<br \/>\nAn einem alten Schuppen klettert eine wunderbare weinrote Rose hoch. Und nun hat die n\u00e4chste Besitzerin ein paar Stra\u00dfen weiter gebaut.<\/p>\n<p>&nbsp;<\/p>\n<p><a href=\"http:\/\/www.rathgeber-balance.de\/bloggen\/wp-content\/uploads\/2015\/04\/Garten.jpg\"><img loading=\"lazy\" decoding=\"async\" class=\"alignleft size-full wp-image-1233\" src=\"http:\/\/www.rathgeber-balance.de\/bloggen\/wp-content\/uploads\/2015\/04\/Garten.jpg\" alt=\"Garten\" width=\"250\" height=\"166\" \/><\/a>F\u00fcr uns hei\u00dft es ab jetzt <em>&#8222;<span style=\"color: #008000;\">Dr\u00fcben im Garten&#8220;,<\/span><\/em>\u00a0 denn die beiden G\u00e4rten wurden miteinander verbunden.<br \/>\nUnser Holzzaun ist weg, das Gef\u00e4lle wurde etwas angeglichen, die alten Obstb\u00e4ume, die zum Teil dicht mit Efeu bewachsen waren, sind gelichtet und verj\u00fcngt.<\/p>\n<p>Fast alle B\u00e4umchen konnten gerettet werden. Ein alter Essigbaum ist beim letzten Sturm umgefallen, ein Holler wurde durch schweren Schnee in zwei H\u00e4lften gespalten.<\/p>\n<p><a href=\"http:\/\/www.rathgeber-balance.de\/bloggen\/wp-content\/uploads\/2015\/04\/Biotop-Ende-April-und-Garten-011.jpg\"><img loading=\"lazy\" decoding=\"async\" class=\"alignleft size-full wp-image-1234\" src=\"http:\/\/www.rathgeber-balance.de\/bloggen\/wp-content\/uploads\/2015\/04\/Biotop-Ende-April-und-Garten-011.jpg\" alt=\"Holz\" width=\"250\" height=\"166\" \/><\/a>Unser alter Pflanzenbestand am ehemaligen Zaun wurde komplett versetzt, ein Teil ist noch zwischengelagert.<br \/>\nEs gibt Obstb\u00e4ume wie eine Kirsche, Birn- und Zwetschgenb\u00e4ume, ein kugelrundes Apfelb\u00e4umchen,\u00a0 hochgewachsene Fichten, einige Flieder und ausladende Haselnussstr\u00e4ucher. Und nat\u00fcrlich kommen nun auch jede Menge Schuppen zum Vorschein, total verwitterte Z\u00e4une, Schattenseiten&#8230;<\/p>\n<p>Es ist noch ein kleiner T\u00fcmpel geplant, ein paar Trittsteine als Verbindung, ein schlichter Sitzplatz, ein Brunnen mit Becken zum Hochpumpen von Grundwasser. Und nat\u00fcrlich die Kr\u00e4uterbeete sowie zwei gr\u00f6\u00dfere Fl\u00e4chen f\u00fcr Gem\u00fcse umrahmt von Beerenstr\u00e4uchern..<\/p>\n<p><a href=\"http:\/\/www.rathgeber-balance.de\/bloggen\/wp-content\/uploads\/2015\/04\/Dr\u00fcben-im-Garten-003.jpg\"><img loading=\"lazy\" decoding=\"async\" class=\"alignleft size-full wp-image-1235\" src=\"http:\/\/www.rathgeber-balance.de\/bloggen\/wp-content\/uploads\/2015\/04\/Dr\u00fcben-im-Garten-003.jpg\" alt=\"Schubkarre\" width=\"250\" height=\"166\" \/><\/a>Wie man an den Bildern erkennen kann, spielt &#8222;Holz&#8220; eine gro\u00dfe Rolle. Vielleicht kann ein wenig &#8222;ger\u00e4uchert&#8220; werden, eine ringf\u00f6rmige Mulde ist bereits ausgehoben f\u00fcr Steine und Findlinge&#8230;<\/p>\n<p>&nbsp;<\/p>\n<p>&#8222;Dr\u00fcben im Garten&#8220; ist nun Obst- und Naturgarten zugleich.<\/p>\n<p><a href=\"http:\/\/www.rathgeber-balance.de\/bloggen\/wp-content\/uploads\/2015\/04\/Dr\u00fcben-im-Garten-009.jpg\"><img loading=\"lazy\" decoding=\"async\" class=\"alignleft size-full wp-image-1237\" src=\"http:\/\/www.rathgeber-balance.de\/bloggen\/wp-content\/uploads\/2015\/04\/Dr\u00fcben-im-Garten-009.jpg\" alt=\"Naturgarten\" width=\"250\" height=\"166\" \/><\/a>Wer Lust hat, kann ja ab und zu<span style=\"color: #008000;\"><em> &#8222;Dr\u00fcben im (Obst-) Garten&#8220;<\/em> <\/span>vorbeischauen&#8230;<\/p>\n","protected":false},"excerpt":{"rendered":"<p>&#8222;Dr\u00fcben im Garten&#8220;\u00a0 ist dann doch noch wahrgeworden.<\/p>\n","protected":false},"author":1,"featured_media":0,"comment_status":"open","ping_status":"open","sticky":false,"template":"","format":"standard","meta":{"footnotes":""},"categories":[7],"tags":[105,106],"class_list":["post-1230","post","type-post","status-publish","format-standard","hentry","category-impressionen","tag-naturgarten","tag-obstgarten"],"_links":{"self":[{"href":"https:\/\/www.rathgeber-balance.de\/bloggen\/wp-json\/wp\/v2\/posts\/1230","targetHints":{"allow":["GET"]}}],"collection":[{"href":"https:\/\/www.rathgeber-balance.de\/bloggen\/wp-json\/wp\/v2\/posts"}],"about":[{"href":"https:\/\/www.rathgeber-balance.de\/bloggen\/wp-json\/wp\/v2\/types\/post"}],"author":[{"embeddable":true,"href":"https:\/\/www.rathgeber-balance.de\/bloggen\/wp-json\/wp\/v2\/users\/1"}],"replies":[{"embeddable":true,"href":"https:\/\/www.rathgeber-balance.de\/bloggen\/wp-json\/wp\/v2\/comments?post=1230"}],"version-history":[{"count":23,"href":"https:\/\/www.rathgeber-balance.de\/bloggen\/wp-json\/wp\/v2\/posts\/1230\/revisions"}],"predecessor-version":[{"id":10411,"href":"https:\/\/www.rathgeber-balance.de\/bloggen\/wp-json\/wp\/v2\/posts\/1230\/revisions\/10411"}],"wp:attachment":[{"href":"https:\/\/www.rathgeber-balance.de\/bloggen\/wp-json\/wp\/v2\/media?parent=1230"}],"wp:term":[{"taxonomy":"category","embeddable":true,"href":"https:\/\/www.rathgeber-balance.de\/bloggen\/wp-json\/wp\/v2\/categories?post=1230"},{"taxonomy":"post_tag","embeddable":true,"href":"https:\/\/www.rathgeber-balance.de\/bloggen\/wp-json\/wp\/v2\/tags?post=1230"}],"curies":[{"name":"wp","href":"https:\/\/api.w.org\/{rel}","templated":true}]}}