{"id":1732,"date":"2015-11-10T13:15:43","date_gmt":"2015-11-10T12:15:43","guid":{"rendered":"http:\/\/www.rathgeber-balance.de\/bloggen\/?p=1732"},"modified":"2015-11-14T09:45:12","modified_gmt":"2015-11-14T08:45:12","slug":"1732","status":"publish","type":"post","link":"https:\/\/www.rathgeber-balance.de\/bloggen\/impressionen\/1732\/","title":{"rendered":"Duft-Fantasien&#8230;"},"content":{"rendered":"<p>Die Gartensaison i<a href=\"http:\/\/www.rathgeber-balance.de\/bloggen\/wp-content\/uploads\/2015\/11\/Bl\u00fcten-f\u00fcr-Kr\u00e4uterst\u00f6vchen-003aufgehellt.jpg\"><img loading=\"lazy\" decoding=\"async\" class=\"alignleft size-full wp-image-1734\" src=\"http:\/\/www.rathgeber-balance.de\/bloggen\/wp-content\/uploads\/2015\/11\/Bl\u00fcten-f\u00fcr-Kr\u00e4uterst\u00f6vchen-003aufgehellt.jpg\" alt=\"Sonnenhut\" width=\"250\" height=\"166\" \/><\/a>st heuer sehr ausgedehnt. Normalerweise verbinde ich November mit Nebel und eiskalten Temperaturen.<!--more--><\/p>\n<p>Es gab aber offenbar eine Vereinbarung, einen Tausch auszuhandeln, n\u00e4mlich \u201eOktober gegen November\u201c.<\/p>\n<p>Im Oktober war es teils neblig tr\u00fcb und so gar nicht \u201egolden\u201c, der November hingegen hat sich bislang &#8211; zumindest hier im S\u00fcden des Landes &#8211; mehr als mild und sonnig pr\u00e4sentiert.<\/p>\n<p><a href=\"http:\/\/www.rathgeber-balance.de\/bloggen\/wp-content\/uploads\/2015\/11\/Blattgold-Blumenwiese.jpg\"><img loading=\"lazy\" decoding=\"async\" class=\"alignleft size-full wp-image-1735\" src=\"http:\/\/www.rathgeber-balance.de\/bloggen\/wp-content\/uploads\/2015\/11\/Blattgold-Blumenwiese.jpg\" alt=\"Blumenwiese\" width=\"250\" height=\"166\" \/><\/a>In aller Ruhe kann ich meinen Garten winterfest machen und jedem Bl\u00e4ttchen hinterher jagen.<\/p>\n<p>Ein Teil der Blumenwiese ist abgem\u00e4ht. Ein Teil bl\u00fcht noch (hier im Bild Mohn).<\/p>\n<p>Viele Rosen tragen noch Bl\u00fcten, zwei neue Sorten haben sich dazugesellt, speziell wegen des Duftes.<br \/>\nEine <em>Rosa Damascena<\/em>, die Rose de Resht, wobei es sich um eine historische, stark duftende Strauchrose handelt mit Bl\u00fcten, die mich an seidige Pfingstrosen erinnern.<br \/>\nDie zweite ist eine <em>Rosa Centifolia<\/em>, eine \u201ealte\u201c historische Bauernrose\u201c, ebenso mit \u00fcppigem s\u00fc\u00dfem Duft ausgestattet.<\/p>\n<p>Und da \u201eDuft\u201c eine enorme positive Wirkung haben kann, mache ich mir diesen Effekt immer wieder zunutze.<\/p>\n<p>Der Einfluss der Ger\u00fcche wirkt auf Ged\u00e4chtnis und Gef\u00fchl. Es wird das Limbische System aktiviert. Es ist jener Bereich, in dem Verhalten gesteuert wird. Hier werden auch Erlebnisse mit den jeweiligen D\u00fcften gespeichert und k\u00f6nnen abgerufen werden. (Psychische Wirkung von etherischen \u00d6len, Prof. Wabner).<\/p>\n<p><a href=\"http:\/\/www.rathgeber-balance.de\/bloggen\/wp-content\/uploads\/2015\/11\/R\u00e4ucherst\u00f6vchen-007hellerneut-zugeschnitten.jpg\"><img loading=\"lazy\" decoding=\"async\" class=\"alignleft size-full wp-image-1738\" src=\"http:\/\/www.rathgeber-balance.de\/bloggen\/wp-content\/uploads\/2015\/11\/R\u00e4ucherst\u00f6vchen-007hellerneut-zugeschnitten.jpg\" alt=\"R\u00e4ucherst\u00f6vchen\" width=\"250\" height=\"166\" \/><\/a>Darum hat sich das kleine \u201eR\u00e4ucherst\u00f6vchen\u201c auch bestens bew\u00e4hrt. Es wird nur mit einem Teelicht beheizt.<br \/>\nAuf das Sieb kommt die R\u00e4ucherware aus der \u201eGarten-Vorratskammer\u201c, im Sommer gesammelte und getrocknete Bl\u00fcten von Waldmeister, Lavendel, Rose, Johanniskraut, M\u00e4des\u00fc\u00df, Thymian und einige mehr.<\/p>\n<p>Auch jetzt findet sich noch Einiges im Garten oder in freier Natur.<\/p>\n<p><a href=\"http:\/\/www.rathgeber-balance.de\/bloggen\/wp-content\/uploads\/2015\/11\/Bl\u00fcten-f\u00fcr-Kr\u00e4uterst\u00f6vchen-012Ausschnitt.jpg\"><img loading=\"lazy\" decoding=\"async\" class=\"alignleft size-full wp-image-1739\" src=\"http:\/\/www.rathgeber-balance.de\/bloggen\/wp-content\/uploads\/2015\/11\/Bl\u00fcten-f\u00fcr-Kr\u00e4uterst\u00f6vchen-012Ausschnitt.jpg\" alt=\"Kr\u00e4uter\" width=\"250\" height=\"166\" \/><\/a>Auch klein geschnittene Orangenschale macht sich sehr gut \u00fcber der W\u00e4rmequelle. Dabei schwelen die Kr\u00e4uter und Bl\u00fcten (oder Fruchtschalen) und hinterlassen einen ganz eigenen Geruch, der zusammen mit dem schwachen Schimmerschein des Teelichtes ein \u00fcberaus positives Signal setzen kann am fr\u00fchen Morgen oder Abend, der zeitig einf\u00e4llt.<\/p>\n<p>Traditionell werden R\u00e4ucherungen eingesetzt, um K\u00f6rper, Geist und Seele zu reinigen und das Wohlbefinden zu f\u00f6rdern.<\/p>\n<p><a href=\"http:\/\/www.rathgeber-balance.de\/bloggen\/wp-content\/uploads\/2015\/11\/Bl\u00fcten-f\u00fcr-Kr\u00e4uterst\u00f6vchen-013aufgehellt.jpg\"><img loading=\"lazy\" decoding=\"async\" class=\"alignleft size-full wp-image-1740\" src=\"http:\/\/www.rathgeber-balance.de\/bloggen\/wp-content\/uploads\/2015\/11\/Bl\u00fcten-f\u00fcr-Kr\u00e4uterst\u00f6vchen-013aufgehellt.jpg\" alt=\"Rosenbl\u00fcten\" width=\"250\" height=\"166\" \/><\/a>Warum nicht ein wenig Rosen-Sommer in die K\u00fcche holen, wenn es fr\u00fch dammert..<\/p>\n<p>Oder durch den Duft von Zitrusfr\u00fcchten an Advent mit seinen tausend K\u00f6stlichkeiten erinnert werden wie hei\u00dfer Fr\u00fcchtepunsch, der sein Aroma aus dampfenden Tassen verstr\u00f6mt \u2026<\/p>\n<p><a href=\"http:\/\/www.rathgeber-balance.de\/bloggen\/wp-content\/uploads\/2015\/11\/Weihnachtspunsch.jpg\"><img loading=\"lazy\" decoding=\"async\" class=\"alignleft size-full wp-image-1755\" src=\"http:\/\/www.rathgeber-balance.de\/bloggen\/wp-content\/uploads\/2015\/11\/Weihnachtspunsch.jpg\" alt=\"Weihnachtspunsch\" width=\"250\" height=\"166\" \/><\/a><\/p>\n","protected":false},"excerpt":{"rendered":"<p>Die Gartensaison ist heuer sehr ausgedehnt. Normalerweise verbinde ich November mit Nebel und eiskalten Temperaturen.<\/p>\n","protected":false},"author":1,"featured_media":0,"comment_status":"open","ping_status":"open","sticky":false,"template":"","format":"standard","meta":{"footnotes":""},"categories":[7],"tags":[128,42],"class_list":["post-1732","post","type-post","status-publish","format-standard","hentry","category-impressionen","tag-raeucherstoevchen","tag-rosen"],"_links":{"self":[{"href":"https:\/\/www.rathgeber-balance.de\/bloggen\/wp-json\/wp\/v2\/posts\/1732","targetHints":{"allow":["GET"]}}],"collection":[{"href":"https:\/\/www.rathgeber-balance.de\/bloggen\/wp-json\/wp\/v2\/posts"}],"about":[{"href":"https:\/\/www.rathgeber-balance.de\/bloggen\/wp-json\/wp\/v2\/types\/post"}],"author":[{"embeddable":true,"href":"https:\/\/www.rathgeber-balance.de\/bloggen\/wp-json\/wp\/v2\/users\/1"}],"replies":[{"embeddable":true,"href":"https:\/\/www.rathgeber-balance.de\/bloggen\/wp-json\/wp\/v2\/comments?post=1732"}],"version-history":[{"count":21,"href":"https:\/\/www.rathgeber-balance.de\/bloggen\/wp-json\/wp\/v2\/posts\/1732\/revisions"}],"predecessor-version":[{"id":1760,"href":"https:\/\/www.rathgeber-balance.de\/bloggen\/wp-json\/wp\/v2\/posts\/1732\/revisions\/1760"}],"wp:attachment":[{"href":"https:\/\/www.rathgeber-balance.de\/bloggen\/wp-json\/wp\/v2\/media?parent=1732"}],"wp:term":[{"taxonomy":"category","embeddable":true,"href":"https:\/\/www.rathgeber-balance.de\/bloggen\/wp-json\/wp\/v2\/categories?post=1732"},{"taxonomy":"post_tag","embeddable":true,"href":"https:\/\/www.rathgeber-balance.de\/bloggen\/wp-json\/wp\/v2\/tags?post=1732"}],"curies":[{"name":"wp","href":"https:\/\/api.w.org\/{rel}","templated":true}]}}