{"id":1761,"date":"2015-11-23T15:00:12","date_gmt":"2015-11-23T14:00:12","guid":{"rendered":"http:\/\/www.rathgeber-balance.de\/bloggen\/?p=1761"},"modified":"2015-11-24T08:35:45","modified_gmt":"2015-11-24T07:35:45","slug":"der-adventskranz","status":"publish","type":"post","link":"https:\/\/www.rathgeber-balance.de\/bloggen\/impressionen\/der-adventskranz\/","title":{"rendered":"Der Adventskranz&#8230;"},"content":{"rendered":"<p><a href=\"http:\/\/www.rathgeber-balance.de\/bloggen\/wp-content\/uploads\/2015\/11\/Gr\u00fcner-Stern.jpg\"><img loading=\"lazy\" decoding=\"async\" class=\"alignleft size-full wp-image-1762\" src=\"http:\/\/www.rathgeber-balance.de\/bloggen\/wp-content\/uploads\/2015\/11\/Gr\u00fcner-Stern.jpg\" alt=\"Birkenstern\" width=\"250\" height=\"166\" \/><\/a>Ein Meilenstein im Gartenjahr ist zweifellos das Schm\u00fccken des Adventskranzes. <!--more--><br \/>\nSchon Tage vorher gr\u00fcbele ich \u00fcber die Farbe der Kerzen.<br \/>\nSchlicht in Wei\u00df, dunkelrot, naturfarben meliert oder doch lieber hellrotes Wachs rund geformt, was mich an einen knackigen Apfel erinnert?<br \/>\nDer Kranz muss so nat\u00fcrlich wie m\u00f6glich gehalten werden, auschlie\u00dflich mit\u00a0 Materialien aus dem Garten.<br \/>\nEin <span style=\"color: #008000;\">\u201egr\u00fcner Kranz\u201c.<\/span><\/p>\n<p>Seit vielen Jahren verzichte ich auf Kerzenhalter, stecke die Kerzen auf einen festen Draht und dann kommt das Sch\u00f6nste, das Umwickeln der vier Kerzen mit d\u00fcnnen Ranken von Wildem Wein.<\/p>\n<p>Auch das ist mit einer Art Tradition verbunden, der Wilde Wein stammt von der Garagenmauer des Anwesens meiner Eltern.<br \/>\nIch erinnere mit gerne an ein Jahr, an dem ich spontan mit dem Fahrrad losgefahren war, um ein paar Zweige des Wilden Weins zu schneiden. Leider kamen am Ende der Aktion meine Eltern \u00fcberraschend nach Hause und ich f\u00fchlte mich ein wenig ertappt. Blitzschnell steckte ich die Gartenschere in die Jackentasche, die Zweige stopfte ich unter den G\u00fcrtel meiner Jeans. Stocksteif stand ich da wie ein Zinnsoldat und musste insgeheim lachen\u2026 Seitdem k\u00fcndige ich meinen Besuch vorsorglich an\u2026<\/p>\n<p><a href=\"http:\/\/www.rathgeber-balance.de\/bloggen\/wp-content\/uploads\/2015\/11\/Adventskranz-005aufgehellt.jpg\"><img loading=\"lazy\" decoding=\"async\" class=\"alignleft size-full wp-image-1764\" src=\"http:\/\/www.rathgeber-balance.de\/bloggen\/wp-content\/uploads\/2015\/11\/Adventskranz-005aufgehellt.jpg\" alt=\"Adventskranz\" width=\"250\" height=\"166\" \/><\/a>Der Kranz liegt die gesamte Adventszeit auf dem (\u00fcberdachten) Balkontisch und bleibt auf diese Weise frisch.<br \/>\nNur zum Entz\u00fcnden der Kerzen wird er hereingeholt.<br \/>\nManchmal bekommt er auch eine sanfte Dusche aus der Spr\u00fchflasche.<\/p>\n<p>Das Umwinden der Kerzen mit Wildem Wein geht am besten so, indem an beide Enden des ca. 20 cm langen, m\u00f6glichst d\u00fcnnen (biegsamen) Zweiges ein St\u00fcckchen brauner Basteldraht befestigt wird. Dadurch k\u00f6nnen die (st\u00f6rrischen) Enden nach dem Umwickeln \u201everkn\u00fcpft&#8220; werden. Hierf\u00fcr ist ein wenig Fingerspitzengef\u00fchl n\u00f6tig\u2026<\/p>\n<p>So schlicht und <span style=\"color: #008000;\">\u201egr\u00fcn\u201c<\/span> wie heuer ist der Adventskranz noch nie geraten.<\/p>\n<p><a href=\"http:\/\/www.rathgeber-balance.de\/bloggen\/wp-content\/uploads\/2015\/11\/Lavendelheide.jpg\"><img loading=\"lazy\" decoding=\"async\" class=\"alignleft size-full wp-image-1765\" src=\"http:\/\/www.rathgeber-balance.de\/bloggen\/wp-content\/uploads\/2015\/11\/Lavendelheide.jpg\" alt=\"Lavendelheide\" width=\"250\" height=\"166\" \/><\/a>Er ist mehr als dezent mit roten Beeren von Heckenrosen geschm\u00fcckt, mit ein paar Zweigen Lavendel, himbeerrot gef\u00e4rbten Spitzen von Lavendelheide, eines h\u00fcbschen zierlichen Strauches f\u00fcr den Schattenbereich, der auch im Winter sein Laubkleid tr\u00e4gt.<br \/>\nDie japanische Lavendeheide geh\u00f6rt zur Famile der Heidekrautgew\u00e4chse (Ericaceae) und wird auch Schattengl\u00f6ckchen genannt.<\/p>\n<p>Drei kleine Sterne aus Birke vervollst\u00e4ndigen das Gebinde.<\/p>\n<p><a href=\"http:\/\/www.rathgeber-balance.de\/bloggen\/wp-content\/uploads\/2015\/11\/Adventskranz-2-005aufgehellt.jpg\"><img loading=\"lazy\" decoding=\"async\" class=\"alignleft size-full wp-image-1766\" src=\"http:\/\/www.rathgeber-balance.de\/bloggen\/wp-content\/uploads\/2015\/11\/Adventskranz-2-005aufgehellt.jpg\" alt=\"Adventskranz\" width=\"250\" height=\"166\" \/><\/a><\/p>\n<p>Die Adventszeit kann kommen\u2026<\/p>\n","protected":false},"excerpt":{"rendered":"<p>Ein Meilenstein im Gartenjahr ist zweifellos das Schm\u00fccken des Adventskranzes.<\/p>\n","protected":false},"author":1,"featured_media":0,"comment_status":"open","ping_status":"open","sticky":false,"template":"","format":"standard","meta":{"footnotes":""},"categories":[7],"tags":[129,131],"class_list":["post-1761","post","type-post","status-publish","format-standard","hentry","category-impressionen","tag-adventskranz","tag-japanische-lavendelheide"],"_links":{"self":[{"href":"https:\/\/www.rathgeber-balance.de\/bloggen\/wp-json\/wp\/v2\/posts\/1761","targetHints":{"allow":["GET"]}}],"collection":[{"href":"https:\/\/www.rathgeber-balance.de\/bloggen\/wp-json\/wp\/v2\/posts"}],"about":[{"href":"https:\/\/www.rathgeber-balance.de\/bloggen\/wp-json\/wp\/v2\/types\/post"}],"author":[{"embeddable":true,"href":"https:\/\/www.rathgeber-balance.de\/bloggen\/wp-json\/wp\/v2\/users\/1"}],"replies":[{"embeddable":true,"href":"https:\/\/www.rathgeber-balance.de\/bloggen\/wp-json\/wp\/v2\/comments?post=1761"}],"version-history":[{"count":22,"href":"https:\/\/www.rathgeber-balance.de\/bloggen\/wp-json\/wp\/v2\/posts\/1761\/revisions"}],"predecessor-version":[{"id":1787,"href":"https:\/\/www.rathgeber-balance.de\/bloggen\/wp-json\/wp\/v2\/posts\/1761\/revisions\/1787"}],"wp:attachment":[{"href":"https:\/\/www.rathgeber-balance.de\/bloggen\/wp-json\/wp\/v2\/media?parent=1761"}],"wp:term":[{"taxonomy":"category","embeddable":true,"href":"https:\/\/www.rathgeber-balance.de\/bloggen\/wp-json\/wp\/v2\/categories?post=1761"},{"taxonomy":"post_tag","embeddable":true,"href":"https:\/\/www.rathgeber-balance.de\/bloggen\/wp-json\/wp\/v2\/tags?post=1761"}],"curies":[{"name":"wp","href":"https:\/\/api.w.org\/{rel}","templated":true}]}}