{"id":1865,"date":"2016-01-02T17:46:05","date_gmt":"2016-01-02T16:46:05","guid":{"rendered":"http:\/\/www.rathgeber-balance.de\/bloggen\/?p=1865"},"modified":"2020-02-01T17:10:46","modified_gmt":"2020-02-01T16:10:46","slug":"lippenbalm-mit-lavendel-oelauszug","status":"publish","type":"post","link":"https:\/\/www.rathgeber-balance.de\/bloggen\/naturkosmetik\/lippenbalm-mit-lavendel-oelauszug\/","title":{"rendered":"Lippenbalsam mit Lavendel-\u00d6lauszug"},"content":{"rendered":"<p><a href=\"http:\/\/www.rathgeber-balance.de\/bloggen\/wp-content\/uploads\/2016\/01\/Frozen.jpg\"><img loading=\"lazy\" decoding=\"async\" class=\"alignleft size-full wp-image-1866\" src=\"http:\/\/www.rathgeber-balance.de\/bloggen\/wp-content\/uploads\/2016\/01\/Frozen.jpg\" alt=\"Staude im Frost\" width=\"250\" height=\"166\" \/><\/a>Kaum hat das neue Jahr angefangen, \u00fcberf\u00e4llt mich schon wieder ein wenig die Sehnsucht nach dem Garten.<!--more--><\/p>\n<p>Da es aber dauern wird, bis drau\u00dfen gewerkelt werden kann und eine Pause auch mal gut tut, greife ich gerne auf \u00d6lausz\u00fcge (Lavendelmazerat) zur\u00fcck und stelle damit eine einfache Lippenpflege her, die in ein D\u00f6schen gef\u00fcllt wird.<br \/>\nDie Rezeptur ist f\u00fcr trockene, spr\u00f6de, heizungsgeplagte Lippen gedacht, enth\u00e4lt Bienenwachs, ein Pflanzen\u00f6l, Kakaobutter und einen Tropfen eines \u00e4therischen \u00d6les.<\/p>\n<p><span style=\"color: #993300;\">Und so habe ich es gemacht:<\/span><\/p>\n<p><img loading=\"lazy\" decoding=\"async\" class=\"alignleft size-full wp-image-5599\" src=\"http:\/\/www.rathgeber-balance.de\/bloggen\/wp-content\/uploads\/2016\/01\/Lavendelbalm-016aufgehellthighlight.jpg\" alt=\"\" width=\"250\" height=\"166\" \/>Das Pflanzen\u00f6l abmessen, sanft im Wasserbad in einem Becherglas erhitzen, das Wachs hinzugeben und schmelzen lassen, dann die Kakaobutter unterr\u00fchren.<br \/>\nNach kurzem Abk\u00fchlen einen Tropfen eines \u00e4therischen \u00d6les hinzugeben, ich habe \u00e4therische Melisse genommen, die auch gegen Herpes wirkt. Der Balm kann nun in das D\u00f6schen abgef\u00fcllt werden.<\/p>\n<p>Wenn man m\u00f6chte, dass der Balm etwas geschmeidiger wird, ist es empfehlenswert, einen Teil des Bienenwachses durch Beerenwachs zu ersetzen.<\/p>\n<p>Beerenwachs als reines Pflanzenwachs wird aus der Fruchtschale des zu den Sumachgew\u00e4chsen (Anarcadiaceae) z\u00e4hlenden Lacksumachs <em>Rhus Verniciflua <\/em>gewonnen.<\/p>\n<p>Beerenwachs erzeugt in einer Lippencreme (oder einem Lipgloss) eine gelige, angenehm weiche Konsistenz, der\u00a0 Schmelzpunkt liegt bei 52 \u00b0, also niederiger wie der bei Bienenwachs. Bitte darauf achten. (Beerenwachs gibt es im Naturkosmetik-Rohstoffhandel).<\/p>\n<p>Als Pflanzen\u00f6l habe ich mein duftendes <span style=\"color: #800080;\">Lavendelmazerat<\/span> vom Sommer verwendet.<br \/>\nEin Pflanzenauszug ist leicht herzustellen. Als Tr\u00e4ger\u00f6l eignen sich hochwertige <a href=\"http:\/\/www.rathgeber-balance.de\/bloggen\/wp-content\/uploads\/2016\/01\/Lavendelmazerat-020Ausschnitt.jpg\"><img loading=\"lazy\" decoding=\"async\" class=\"alignleft size-full wp-image-1875\" src=\"http:\/\/www.rathgeber-balance.de\/bloggen\/wp-content\/uploads\/2016\/01\/Lavendelmazerat-020Ausschnitt.jpg\" alt=\"Lavendel\u00f6l\" width=\"250\" height=\"166\" \/><\/a>naturbelassene, nicht raffinierte und vor allem oxidativ stabile \u00d6le wie beispielsweise Oliven\u00f6l, Sesam\u00f6l oder Jojoba\u00f6l. Ich verwende meist Jojoba\u00f6l, da es nicht ranzig wird, gut einzieht und die Haut vor zuviel Verdunstung von Feuchtigkeit sch\u00fctzt.<\/p>\n<p>Die frisch gepfl\u00fcckten, abgetrockneten Rispen werden in ein Glasgef\u00e4\u00df mit Deckel gegeben und dann mit \u00d6l aufgegossen, bis alles reichlich bedeckt ist. Genauso gut k\u00f6nnen Rosenbl\u00fcten verwendet werden.<br \/>\nWichtig ist, dass zweimal t\u00e4glich gesch\u00fcttelt wird, damit die Wirkstoffe aus dem Pflanzmaterial gel\u00f6st werden. Nach ca. zwei Wochen wird sorgf\u00e4ltig gefiltert und in eine dunkle Flasche abgef\u00fcllt.<\/p>\n<p><img loading=\"lazy\" decoding=\"async\" class=\"alignleft size-full wp-image-5597\" src=\"http:\/\/www.rathgeber-balance.de\/bloggen\/wp-content\/uploads\/2016\/01\/Lavendelbalm-021zugeschnittenhighlight.jpg\" alt=\"\" width=\"250\" height=\"167\" \/>Mein fertiger Balm duftet verf\u00fchrerisch \u201ekrautig\u201c nach Lavendel, nach zitroniger Melisse, und zaubert einen Hauch von Lavendelsommer in mein Badezimmer&#8230;<\/p>\n","protected":false},"excerpt":{"rendered":"<p>Kaum hat das neue Jahr angefangen, \u00fcberf\u00e4llt mich schon wieder ein wenig die Sehnsucht nach dem Garten.<\/p>\n","protected":false},"author":1,"featured_media":0,"comment_status":"open","ping_status":"open","sticky":false,"template":"","format":"standard","meta":{"footnotes":""},"categories":[1],"tags":[139,138],"class_list":["post-1865","post","type-post","status-publish","format-standard","hentry","category-naturkosmetik","tag-lavendel-oelauszug","tag-lippenbalm"],"_links":{"self":[{"href":"https:\/\/www.rathgeber-balance.de\/bloggen\/wp-json\/wp\/v2\/posts\/1865","targetHints":{"allow":["GET"]}}],"collection":[{"href":"https:\/\/www.rathgeber-balance.de\/bloggen\/wp-json\/wp\/v2\/posts"}],"about":[{"href":"https:\/\/www.rathgeber-balance.de\/bloggen\/wp-json\/wp\/v2\/types\/post"}],"author":[{"embeddable":true,"href":"https:\/\/www.rathgeber-balance.de\/bloggen\/wp-json\/wp\/v2\/users\/1"}],"replies":[{"embeddable":true,"href":"https:\/\/www.rathgeber-balance.de\/bloggen\/wp-json\/wp\/v2\/comments?post=1865"}],"version-history":[{"count":25,"href":"https:\/\/www.rathgeber-balance.de\/bloggen\/wp-json\/wp\/v2\/posts\/1865\/revisions"}],"predecessor-version":[{"id":7409,"href":"https:\/\/www.rathgeber-balance.de\/bloggen\/wp-json\/wp\/v2\/posts\/1865\/revisions\/7409"}],"wp:attachment":[{"href":"https:\/\/www.rathgeber-balance.de\/bloggen\/wp-json\/wp\/v2\/media?parent=1865"}],"wp:term":[{"taxonomy":"category","embeddable":true,"href":"https:\/\/www.rathgeber-balance.de\/bloggen\/wp-json\/wp\/v2\/categories?post=1865"},{"taxonomy":"post_tag","embeddable":true,"href":"https:\/\/www.rathgeber-balance.de\/bloggen\/wp-json\/wp\/v2\/tags?post=1865"}],"curies":[{"name":"wp","href":"https:\/\/api.w.org\/{rel}","templated":true}]}}