{"id":1918,"date":"2016-01-19T12:26:21","date_gmt":"2016-01-19T11:26:21","guid":{"rendered":"http:\/\/www.rathgeber-balance.de\/bloggen\/?p=1918"},"modified":"2016-01-19T17:07:54","modified_gmt":"2016-01-19T16:07:54","slug":"1918","status":"publish","type":"post","link":"https:\/\/www.rathgeber-balance.de\/bloggen\/impressionen\/1918\/","title":{"rendered":"Aromalampe mit \u00e4therischen \u00d6len &#8211; Stimmungsbilder"},"content":{"rendered":"<p><a href=\"http:\/\/www.rathgeber-balance.de\/bloggen\/wp-content\/uploads\/2016\/01\/Aromamelts-Winter-011nn.jpg\"><img loading=\"lazy\" decoding=\"async\" class=\"alignleft size-full wp-image-1919\" src=\"http:\/\/www.rathgeber-balance.de\/bloggen\/wp-content\/uploads\/2016\/01\/Aromamelts-Winter-011nn.jpg\" alt=\"Teich\" width=\"250\" height=\"166\" \/><\/a>Die derzeitig frostige Wetterlage ist bestens daf\u00fcr geeignet, W\u00e4rme-, Licht- und Duftquellen auszusch\u00f6pfen. <!--more--><\/p>\n<p>So wird die Sch\u00f6nheit eines verschneiten Gartens beim Blick durch das Fenster stimmungsvoll\u00a0 untermalt.<\/p>\n<p><a href=\"http:\/\/www.rathgeber-balance.de\/bloggen\/wp-content\/uploads\/2016\/01\/Aromamelts-Winter-013nnn.jpg\"><img loading=\"lazy\" decoding=\"async\" class=\"alignleft size-full wp-image-1923\" src=\"http:\/\/www.rathgeber-balance.de\/bloggen\/wp-content\/uploads\/2016\/01\/Aromamelts-Winter-013nnn.jpg\" alt=\"Cylamen coum\" width=\"250\" height=\"166\" \/><\/a>Beim Erkundungsgang f\u00e4llt mir <strong><span style=\"color: #800080;\">Cyclamen coum<\/span><\/strong> auf, das Vorfr\u00fchlings-Alpenveilchen, welches unbeeindruckt der Witterung seine purpurfarbenen Bl\u00fcten ge\u00f6ffnet hat. Es liegt aber auch gut gesch\u00fctzt unter einer kuscheligen Schneedecke.<\/p>\n<p>\u00c4therische \u00d6le werden eingesetzt, um das Wohlbefinden zu steigern und leichte Beschwerden der Gesundheit zu lindern. Sie stehen in einer Vielfalt zur Verf\u00fcgung.<\/p>\n<p>\u00c4therische \u00d6le sind destillierte, ausgepresste oder extrahierte Produkte von Bl\u00fcten, Kr\u00e4utern, Harzen, Gew\u00fcrzen, Fr\u00fcchten, Bl\u00e4ttern und holzigen Teilen von Pflanzen. Sie sind leicht fl\u00fcssig, k\u00f6nnen schnell verdampfen und sind sehr intensiv duftend. Sie sind allerdings nur in geringem Ma\u00dfe wasserl\u00f6slich, in so genannten Fetten \u00d6len, den Pflanzen\u00f6len, hingegen gut l\u00f6slich.<br \/>\nDer Einfluss der D\u00fcfte wirkt in gleicher Weise auf Ged\u00e4chtnis und Gef\u00fchl. Aus diesem Zusammenhang ist auch der Begriff der Psycho-Aromatherapie entstanden. (Prof. Wabner, Psychische Wirkung von \u00e4therischen \u00d6len)<\/p>\n<p>In einer Mischung mit einem Pflanzen\u00f6l (beispielweise Mandel-, Jojoba- oder Sesam\u00f6l) zur K\u00f6rpermassage oder Hautpflege bitte immer nur 100 % naturreine \u00e4therische \u00d6le verwenden. Synthetische D\u00fcfte k\u00f6nnen nur sehr schwer abgebaut werden. Auch der Begriff \u201enaturidentisch\u201c bedeutet lediglich, dass die \u00d6le synthetisch hergestellt wurden.<br \/>\nAufgrund der hohen Konzentration sollten \u00e4therische \u00d6le bis auf wenige Ausnahmen (Rosen- und Lavendel\u00f6l) nicht pur auf die Haut aufgetragen werden.<\/p>\n<p><a href=\"http:\/\/www.rathgeber-balance.de\/bloggen\/wp-content\/uploads\/2016\/01\/Aromamelts-Winter-022nn.jpg\"><img loading=\"lazy\" decoding=\"async\" class=\"alignleft size-full wp-image-1926\" src=\"http:\/\/www.rathgeber-balance.de\/bloggen\/wp-content\/uploads\/2016\/01\/Aromamelts-Winter-022nn.jpg\" alt=\"Aromamelt\" width=\"250\" height=\"166\" \/><\/a>Anstelle von ein paar Tropfen \u00e4therischem \u00d6l im Wassersch\u00e4lchen der Duftlampe besteht auch die M\u00f6glichkeit (wie schon \u00f6fter beschrieben)<strong> <span style=\"color: #993366;\">Dufttarts,<\/span><\/strong> auch <strong><span style=\"color: #993366;\">Aromamelts <\/span><\/strong>genannt, selbst herzustellen.<\/p>\n<p>Hier ein Vorschlag f\u00fcr zwei kleine Melts, geeignet sind Silikonf\u00f6rmchen, wie man sie etwa f\u00fcr Eisw\u00fcrfel verwendet:<\/p>\n<p>10 g Bienenwachs (sie sind in kleinen Pl\u00e4ttchen erh\u00e4ltlich in Wei\u00df oder hellgelb oder direkt vom Imker) im Wasserbad langsam schmelzen. Das Glas herausnehmen, etwas abk\u00fchlen lassen. Nun mit \u00e4therischen \u00d6len beduften.<br \/>\nDie Obergrenze liegt bei ca. 7 %, somit hier etwa 0,7 ml \u00e4therische \u00d6le, was ca. 14 bis 18 Tropfen entspricht.<\/p>\n<p>Ich habe dieses Mal eine Mischung aus Edeltanne, Orangen\u00f6l s\u00fc\u00df, Zimtrinde und Ylang-Ylang verwendet. Es gen\u00fcgt v\u00f6llig, drei D\u00fcfte zu mischen.<\/p>\n<p><a href=\"http:\/\/www.rathgeber-balance.de\/bloggen\/wp-content\/uploads\/2016\/01\/Aromamelts-lila.jpg\"><img loading=\"lazy\" decoding=\"async\" class=\"alignleft size-full wp-image-1928\" src=\"http:\/\/www.rathgeber-balance.de\/bloggen\/wp-content\/uploads\/2016\/01\/Aromamelts-lila.jpg\" alt=\"Dufttart\" width=\"250\" height=\"166\" \/><\/a>Nun den Melt bei Zimmertemperatur fest werden lassen, dann eine halbe Stunde in den K\u00fchlschrank oder ins Gefrierfach geben.<br \/>\n(Wenn das Glassch\u00e4lchen mit dem erstarrten Melt gereinigt werden soll, bitte eine halbe Stunde ins Gefrierfach legen, danach l\u00e4sst sich das Wachs gut l\u00f6sen und das Glas kann gereinigt werden.)<\/p>\n<p><a href=\"http:\/\/www.rathgeber-balance.de\/bloggen\/wp-content\/uploads\/2016\/01\/Aromamelts-Winter-025n.jpg\"><img loading=\"lazy\" decoding=\"async\" class=\"alignleft size-full wp-image-1929\" src=\"http:\/\/www.rathgeber-balance.de\/bloggen\/wp-content\/uploads\/2016\/01\/Aromamelts-Winter-025n.jpg\" alt=\"Dufttart\" width=\"250\" height=\"166\" \/><\/a><\/p>\n","protected":false},"excerpt":{"rendered":"<p>Die derzeitig frostige Wetterlage ist bestens daf\u00fcr geeignet, W\u00e4rme-, Licht- und Duftquellen auszusch\u00f6pfen.<\/p>\n","protected":false},"author":1,"featured_media":0,"comment_status":"open","ping_status":"open","sticky":false,"template":"","format":"standard","meta":{"footnotes":""},"categories":[7],"tags":[143,53,142],"class_list":["post-1918","post","type-post","status-publish","format-standard","hentry","category-impressionen","tag-aromamelts-fuerdie-duftlampe","tag-aetherische-oele","tag-stimmungsbilder"],"_links":{"self":[{"href":"https:\/\/www.rathgeber-balance.de\/bloggen\/wp-json\/wp\/v2\/posts\/1918","targetHints":{"allow":["GET"]}}],"collection":[{"href":"https:\/\/www.rathgeber-balance.de\/bloggen\/wp-json\/wp\/v2\/posts"}],"about":[{"href":"https:\/\/www.rathgeber-balance.de\/bloggen\/wp-json\/wp\/v2\/types\/post"}],"author":[{"embeddable":true,"href":"https:\/\/www.rathgeber-balance.de\/bloggen\/wp-json\/wp\/v2\/users\/1"}],"replies":[{"embeddable":true,"href":"https:\/\/www.rathgeber-balance.de\/bloggen\/wp-json\/wp\/v2\/comments?post=1918"}],"version-history":[{"count":22,"href":"https:\/\/www.rathgeber-balance.de\/bloggen\/wp-json\/wp\/v2\/posts\/1918\/revisions"}],"predecessor-version":[{"id":1946,"href":"https:\/\/www.rathgeber-balance.de\/bloggen\/wp-json\/wp\/v2\/posts\/1918\/revisions\/1946"}],"wp:attachment":[{"href":"https:\/\/www.rathgeber-balance.de\/bloggen\/wp-json\/wp\/v2\/media?parent=1918"}],"wp:term":[{"taxonomy":"category","embeddable":true,"href":"https:\/\/www.rathgeber-balance.de\/bloggen\/wp-json\/wp\/v2\/categories?post=1918"},{"taxonomy":"post_tag","embeddable":true,"href":"https:\/\/www.rathgeber-balance.de\/bloggen\/wp-json\/wp\/v2\/tags?post=1918"}],"curies":[{"name":"wp","href":"https:\/\/api.w.org\/{rel}","templated":true}]}}