{"id":2062,"date":"2016-04-05T16:07:21","date_gmt":"2016-04-05T14:07:21","guid":{"rendered":"http:\/\/www.rathgeber-balance.de\/bloggen\/?p=2062"},"modified":"2026-03-27T12:13:42","modified_gmt":"2026-03-27T11:13:42","slug":"heilkosmetik-duftveilchen","status":"publish","type":"post","link":"https:\/\/www.rathgeber-balance.de\/bloggen\/naturkosmetik\/heilkosmetik-duftveilchen\/","title":{"rendered":"Heilkosmetik &#8211; Duftveilchen"},"content":{"rendered":"<p><img loading=\"lazy\" decoding=\"async\" class=\"alignleft size-full wp-image-2063\" src=\"http:\/\/www.rathgeber-balance.de\/bloggen\/wp-content\/uploads\/2016\/04\/Duftveilchen-011.jpg\" alt=\"Duftveilchen\" width=\"250\" height=\"166\" \/>Da derzeit Anfang April die ganze Wiese &#8211; vor allem \u201edr\u00fcben im Garten\u201c &#8211; \u00fcbers\u00e4t ist mit Duftveilchen, nutze ich die Gelegenheit, um einen Auszug in Jojoba\u00f6l vorzubereiten.<!--more--><\/p>\n<p>Das <span style=\"color: #666699;\"><strong>Duftveilchen<\/strong> (<\/span><em>Viola odorata)<\/em> ist ein Vertreter der Familie der Veilchengew\u00e4chse (<em>Violaceae).<\/em><\/p>\n<p><img loading=\"lazy\" decoding=\"async\" class=\"alignleft size-full wp-image-2068\" src=\"http:\/\/www.rathgeber-balance.de\/bloggen\/wp-content\/uploads\/2016\/04\/Duftveilchen-032.jpg\" alt=\"Duftveilchen\" width=\"250\" height=\"166\" \/>Gepfl\u00fcckt wird am besten am\u00a0 Vormittag, wenn die zarten Bl\u00fcten abgetrocknet sind.<\/p>\n<p>Geeignet f\u00fcr den \u00d6lauszug sind Mandel\u00f6l oder Jojoba\u00f6l, da beide \u00d6le duftneutral sind. Wichtig ist, so viel Pflanzen\u00f6l zu verwenden, dass die Pflanzenteile gut bedeckt sind. Der Ansatz sollte einige Male am Tag bewegt werden, damit die Inhaltsstoffe auf das \u00d6l \u00fcbergehen k\u00f6nnen, nach ca. drei Wochen wird filtriert.<\/p>\n<p>Um das\u00a0 Aroma zu intensivieren, kann nach ca. zwei Wochen neues Pflanzmaterial verwendet werden.<\/p>\n<p>Auch in der K\u00fcche findet das Veilchen Verwendung als kandierte S\u00fc\u00dfigkeit oder als Dekoration auf Desserts oder Pralinen.<\/p>\n<p>Hildegard von Bingen r\u00fchrte Salben mit Duftveilchen zur Linderung von Kopfschmerzen, aber auch zur Hautpflege.<\/p>\n<p>Ich werde wie \u00fcblich das Jojobamazerat weiterverarbeiten in einer Creme oder einem Fluid.<br \/>\nDas Mazerat ist aber auch zur Pflege zarter Kinderhaut geeignet und zur Pflege des Dekollet\u00e9s.<\/p>\n<p><img loading=\"lazy\" decoding=\"async\" class=\"alignleft size-full wp-image-2070\" src=\"http:\/\/www.rathgeber-balance.de\/bloggen\/wp-content\/uploads\/2016\/04\/Duftveilchen-046.jpg\" alt=\"Duftveilchen\" width=\"250\" height=\"166\" \/>Nun bin gespannt, ob nach den drei Wochen der Duft der Veilchen in das \u00d6l \u00fcbergegangen sein wird\u2026<\/p>\n","protected":false},"excerpt":{"rendered":"<p>Da derzeit Anfang April die ganze Wiese &#8211; vor allem \u201edr\u00fcben im Garten\u201c &#8211; \u00fcbers\u00e4t ist mit Duftveilchen, nutze ich die Gelegenheit, um einen Auszug in Jojoba\u00f6l vorzubereiten.<\/p>\n","protected":false},"author":1,"featured_media":0,"comment_status":"open","ping_status":"open","sticky":false,"template":"","format":"standard","meta":{"footnotes":""},"categories":[1],"tags":[146,147],"class_list":["post-2062","post","type-post","status-publish","format-standard","hentry","category-naturkosmetik","tag-duftveilchen","tag-mazerat"],"_links":{"self":[{"href":"https:\/\/www.rathgeber-balance.de\/bloggen\/wp-json\/wp\/v2\/posts\/2062","targetHints":{"allow":["GET"]}}],"collection":[{"href":"https:\/\/www.rathgeber-balance.de\/bloggen\/wp-json\/wp\/v2\/posts"}],"about":[{"href":"https:\/\/www.rathgeber-balance.de\/bloggen\/wp-json\/wp\/v2\/types\/post"}],"author":[{"embeddable":true,"href":"https:\/\/www.rathgeber-balance.de\/bloggen\/wp-json\/wp\/v2\/users\/1"}],"replies":[{"embeddable":true,"href":"https:\/\/www.rathgeber-balance.de\/bloggen\/wp-json\/wp\/v2\/comments?post=2062"}],"version-history":[{"count":13,"href":"https:\/\/www.rathgeber-balance.de\/bloggen\/wp-json\/wp\/v2\/posts\/2062\/revisions"}],"predecessor-version":[{"id":10496,"href":"https:\/\/www.rathgeber-balance.de\/bloggen\/wp-json\/wp\/v2\/posts\/2062\/revisions\/10496"}],"wp:attachment":[{"href":"https:\/\/www.rathgeber-balance.de\/bloggen\/wp-json\/wp\/v2\/media?parent=2062"}],"wp:term":[{"taxonomy":"category","embeddable":true,"href":"https:\/\/www.rathgeber-balance.de\/bloggen\/wp-json\/wp\/v2\/categories?post=2062"},{"taxonomy":"post_tag","embeddable":true,"href":"https:\/\/www.rathgeber-balance.de\/bloggen\/wp-json\/wp\/v2\/tags?post=2062"}],"curies":[{"name":"wp","href":"https:\/\/api.w.org\/{rel}","templated":true}]}}