{"id":2078,"date":"2016-04-09T19:55:55","date_gmt":"2016-04-09T17:55:55","guid":{"rendered":"http:\/\/www.rathgeber-balance.de\/bloggen\/?p=2078"},"modified":"2018-02-01T13:39:52","modified_gmt":"2018-02-01T12:39:52","slug":"seidelbast-daphne-mezereum-rubra","status":"publish","type":"post","link":"https:\/\/www.rathgeber-balance.de\/bloggen\/impressionen\/seidelbast-daphne-mezereum-rubra\/","title":{"rendered":"Seidelbast Daphne mezereum &#8218;Rubra&#8216;"},"content":{"rendered":"<p><img loading=\"lazy\" decoding=\"async\" class=\"alignleft size-full wp-image-2083\" src=\"http:\/\/www.rathgeber-balance.de\/bloggen\/wp-content\/uploads\/2016\/04\/Daphne-mezereum-Rubra-003h.jpg\" alt=\"Seidelbast\" width=\"250\" height=\"166\" \/><em>\u201eEr\u201c<\/em> steht nun schon seit Sp\u00e4therbst \u201edr\u00fcben im Garten\u201c und zwar am Geh\u00f6lzrand im halbschattigen Bereich einer hochgewachsenen Fichte.<!--more--><\/p>\n<p>Seidelbast Daphne mezereum \u201aRubra\u2018.<\/p>\n<p>Begeistert bin ich von der langen Bl\u00fctezeit, die etliche Wochen w\u00e4hrt, dem zarten Duft, den die lilarosafarbenen Bl\u00fcten verstr\u00f6men.<\/p>\n<p>Die Bl\u00e4tter erscheinen eigentlich erst nach der Bl\u00fcte, zeichnen sich durch eine helle, frischgr\u00fcne Farbe aus und sind l\u00e4nglich geformt.<\/p>\n<p>Ich\u00a0 habe den Seidelbast ganz am Ende der Pflanzsaison fast schon im Fr\u00fchwinter letzten Jahres erstanden, aufgereiht als Sonderangebot, ein wenig vergessen und \u00fcbersehen. Nat\u00fcrlich wei\u00df ich um die Giftigkeit der Pflanze. Ein Wermutstropfen, der die Freude dar\u00fcber ein wenig tr\u00fcbt.<\/p>\n<p>Nur zu gut erinnere ich\u00a0 mich an den elterlichen gro\u00dfen Garten, in dem auch ein Seidelbast wuchs und der mich als Kind fasziniert hat. Vermutlich aufgrund der lavendelblauen Bl\u00fctenfarbe, die sich sehr fr\u00fch im Jahr zeigt. Vielleicht auch deshalb, weil die Pflanze fr\u00fch fliegende Schmetterlinge und Bienen anzieht.<\/p>\n<p>Noch wahrscheinlicher war es aber deshalb, weil uns Kindern eingebl\u00e4ut wurde, dass die Pflanze in allen Teilen sehr giftig ist und strikt zu meiden sei. Der\u00a0 Seidelbast war somit von einer geheimnisvollen Aura umgeben. Irgendwann war der kleine Strauch pl\u00f6tzlich verschwunden\u2026<\/p>\n<p><img loading=\"lazy\" decoding=\"async\" class=\"alignleft size-full wp-image-2085\" src=\"http:\/\/www.rathgeber-balance.de\/bloggen\/wp-content\/uploads\/2016\/04\/Daphne-mezereum-Rubra-002h.jpg\" alt=\"Seidelbast\" width=\"250\" height=\"375\" srcset=\"https:\/\/www.rathgeber-balance.de\/bloggen\/wp-content\/uploads\/2016\/04\/Daphne-mezereum-Rubra-002h.jpg 250w, https:\/\/www.rathgeber-balance.de\/bloggen\/wp-content\/uploads\/2016\/04\/Daphne-mezereum-Rubra-002h-200x300.jpg 200w\" sizes=\"auto, (max-width: 250px) 100vw, 250px\" \/>Daphne mezereum gedeiht an einem schattigen bis halbschattigen Platz. Es ist ein kleiner, aufrechter, verzweigter Strauch, der ungef\u00e4hr eine H\u00f6he von einem Meter erreicht. Im Herbst entwickeln sich rote Beeren, die sehr giftig sind.<\/p>\n<p>Seidelbast geh\u00f6rt zu den gesch\u00fctzten Arten.<\/p>\n<p>&nbsp;<\/p>\n","protected":false},"excerpt":{"rendered":"<p>\u201eEr\u201c steht nun schon seit Sp\u00e4therbst \u201edr\u00fcben im Garten\u201c und zwar am Geh\u00f6lzrand im halbschattigen Bereich einer hochgewachsenen Fichte.<\/p>\n","protected":false},"author":1,"featured_media":0,"comment_status":"open","ping_status":"open","sticky":false,"template":"","format":"standard","meta":{"footnotes":""},"categories":[7],"tags":[148],"class_list":["post-2078","post","type-post","status-publish","format-standard","hentry","category-impressionen","tag-seidelbast-daphne-mezereum-rubra"],"_links":{"self":[{"href":"https:\/\/www.rathgeber-balance.de\/bloggen\/wp-json\/wp\/v2\/posts\/2078","targetHints":{"allow":["GET"]}}],"collection":[{"href":"https:\/\/www.rathgeber-balance.de\/bloggen\/wp-json\/wp\/v2\/posts"}],"about":[{"href":"https:\/\/www.rathgeber-balance.de\/bloggen\/wp-json\/wp\/v2\/types\/post"}],"author":[{"embeddable":true,"href":"https:\/\/www.rathgeber-balance.de\/bloggen\/wp-json\/wp\/v2\/users\/1"}],"replies":[{"embeddable":true,"href":"https:\/\/www.rathgeber-balance.de\/bloggen\/wp-json\/wp\/v2\/comments?post=2078"}],"version-history":[{"count":18,"href":"https:\/\/www.rathgeber-balance.de\/bloggen\/wp-json\/wp\/v2\/posts\/2078\/revisions"}],"predecessor-version":[{"id":5596,"href":"https:\/\/www.rathgeber-balance.de\/bloggen\/wp-json\/wp\/v2\/posts\/2078\/revisions\/5596"}],"wp:attachment":[{"href":"https:\/\/www.rathgeber-balance.de\/bloggen\/wp-json\/wp\/v2\/media?parent=2078"}],"wp:term":[{"taxonomy":"category","embeddable":true,"href":"https:\/\/www.rathgeber-balance.de\/bloggen\/wp-json\/wp\/v2\/categories?post=2078"},{"taxonomy":"post_tag","embeddable":true,"href":"https:\/\/www.rathgeber-balance.de\/bloggen\/wp-json\/wp\/v2\/tags?post=2078"}],"curies":[{"name":"wp","href":"https:\/\/api.w.org\/{rel}","templated":true}]}}