{"id":2099,"date":"2016-04-26T11:34:51","date_gmt":"2016-04-26T09:34:51","guid":{"rendered":"http:\/\/www.rathgeber-balance.de\/bloggen\/?p=2099"},"modified":"2016-04-26T19:43:08","modified_gmt":"2016-04-26T17:43:08","slug":"herbst-im-april","status":"publish","type":"post","link":"https:\/\/www.rathgeber-balance.de\/bloggen\/impressionen\/herbst-im-april\/","title":{"rendered":"Zeitenwechsel"},"content":{"rendered":"<p><img loading=\"lazy\" decoding=\"async\" class=\"alignleft size-full wp-image-2107\" src=\"http:\/\/www.rathgeber-balance.de\/bloggen\/wp-content\/uploads\/2016\/04\/Primeln-h.jpg\" alt=\"Primeln\" width=\"250\" height=\"166\" \/>Heuer ist es ein Fr\u00fchling, wie er mir gef\u00e4llt. <!--more-->Immer wieder setzen sich k\u00fchle Phasen durch, derzeit \u00fcberwiegt sogar das typische \u201eAprilwetter\u201c mit Schnee- und Graupelschauern bis ins Flachland.<\/p>\n<p>Das ist nicht so sch\u00f6n, aber es sorgt daf\u00fcr, dass sich die Pracht der Fr\u00fchjahrsbl\u00fcher l\u00e4nger h\u00e4lt.<\/p>\n<p>Und bald ist Mai.<\/p>\n<p>Die Pflanzen haben die K\u00e4lte unbeschadet \u00fcberstanden. Rote Bete und Knollensellerie im Gem\u00fcsebeet sind durch kleine Plastikt\u00f6pchen gesch\u00fctzt. Akeleien sind \u00fcber Nacht um einige Zentimeter gewachsen und werden bald zu bl\u00fchen beginnen.<\/p>\n<p>Eigentlich wollte ich nur joggen gleich fr\u00fchmorgens nach dem Fr\u00fchst\u00fcck. Anschlie\u00dfend wollte ich nur kurz den Garten begutachten. Dabei mussten allerdings die d\u00fcrren \u00a0Strunke des Himbeerstrauches mit der dicken Astschere abgezwickt werden. Beim Kr\u00e4uterbeet missfiel mir die Minze, die sehr dazu neigt, unterirdische Triebe zu bilden. Sie ist besser im Topf aufgehoben.<\/p>\n<p>Wie immer Ende April f\u00e4llt es mir auch auf, dass ein k\u00fchler Wind bl\u00e4st wie im Herbst. Herbst im April?<\/p>\n<p>Es ist das typische Rauschen der Bl\u00e4tter, das mich ein paar Monate in die Zukunft versetzt.<\/p>\n<p><img loading=\"lazy\" decoding=\"async\" class=\"alignleft size-full wp-image-2105\" src=\"http:\/\/www.rathgeber-balance.de\/bloggen\/wp-content\/uploads\/2016\/04\/Waldreben-018.jpg\" alt=\"Waldmeister\" width=\"250\" height=\"166\" \/>Der Wildcharakter des Gartens kommt gut heraus im\u00a0 Moment. Wildtulpen, Wildclematis, Wildblumen in der Wiese, einheimische Wildstauden wie Waldmeister\u2026<\/p>\n<p>&nbsp;<\/p>\n<p><img loading=\"lazy\" decoding=\"async\" class=\"alignleft size-full wp-image-2102\" src=\"http:\/\/www.rathgeber-balance.de\/bloggen\/wp-content\/uploads\/2016\/04\/Waldreben-009.jpg\" alt=\"Hasel\" width=\"250\" height=\"166\" \/>Clematis berankt die beiden langgezogenen, teils verwitterten Z\u00e4une, meist Clematis montana, die Berg-Waldrebe, oder Clematis alpina, die Alpen-Waldrebe, welche besonders f\u00fcr halbschattige bis schattige Standorte geeignet ist. Sie tr\u00e4gt kleine Bl\u00fcten.<\/p>\n<p>Eine Clematis viticella &#8211; die italienische Weinrebe &#8211; welche auch mit\u00a0 kleinen,\u00a0 purpurrosa- bis violettfarbenen Bl\u00fcten ein wenig sp\u00e4ter im Jahr bl\u00fchen wird, \u00a0berankt den alten Fliederbuschen. Auch sie liebt den Halbschatten.<\/p>\n<p><img loading=\"lazy\" decoding=\"async\" class=\"alignleft size-full wp-image-2100\" src=\"http:\/\/www.rathgeber-balance.de\/bloggen\/wp-content\/uploads\/2016\/04\/Waldreben-005.jpg\" alt=\"Waldreben\" width=\"250\" height=\"166\" \/>Auch an ein paar alten Obstb\u00e4umen schmiegen sich die grazilen Waldreben.<\/p>\n<p>Und ich muss feststellen, dass mich das typische Rauschen der Bl\u00e4tter letztendlich nicht ein paar Monate in die Zukunft versetzt hat, sondern drei Stunden \u201eim Nichts\u201c hat verschwinden lassen.\u00a0 Die fehlen nun leider und m\u00fcssen rasch aufgeholt werden&#8230;<\/p>\n<p>&nbsp;<\/p>\n","protected":false},"excerpt":{"rendered":"<p>Heuer ist es ein Fr\u00fchling, wie er mir gef\u00e4llt.<\/p>\n","protected":false},"author":1,"featured_media":0,"comment_status":"open","ping_status":"open","sticky":false,"template":"","format":"standard","meta":{"footnotes":""},"categories":[7],"tags":[149],"class_list":["post-2099","post","type-post","status-publish","format-standard","hentry","category-impressionen","tag-waldreben"],"_links":{"self":[{"href":"https:\/\/www.rathgeber-balance.de\/bloggen\/wp-json\/wp\/v2\/posts\/2099","targetHints":{"allow":["GET"]}}],"collection":[{"href":"https:\/\/www.rathgeber-balance.de\/bloggen\/wp-json\/wp\/v2\/posts"}],"about":[{"href":"https:\/\/www.rathgeber-balance.de\/bloggen\/wp-json\/wp\/v2\/types\/post"}],"author":[{"embeddable":true,"href":"https:\/\/www.rathgeber-balance.de\/bloggen\/wp-json\/wp\/v2\/users\/1"}],"replies":[{"embeddable":true,"href":"https:\/\/www.rathgeber-balance.de\/bloggen\/wp-json\/wp\/v2\/comments?post=2099"}],"version-history":[{"count":25,"href":"https:\/\/www.rathgeber-balance.de\/bloggen\/wp-json\/wp\/v2\/posts\/2099\/revisions"}],"predecessor-version":[{"id":2135,"href":"https:\/\/www.rathgeber-balance.de\/bloggen\/wp-json\/wp\/v2\/posts\/2099\/revisions\/2135"}],"wp:attachment":[{"href":"https:\/\/www.rathgeber-balance.de\/bloggen\/wp-json\/wp\/v2\/media?parent=2099"}],"wp:term":[{"taxonomy":"category","embeddable":true,"href":"https:\/\/www.rathgeber-balance.de\/bloggen\/wp-json\/wp\/v2\/categories?post=2099"},{"taxonomy":"post_tag","embeddable":true,"href":"https:\/\/www.rathgeber-balance.de\/bloggen\/wp-json\/wp\/v2\/tags?post=2099"}],"curies":[{"name":"wp","href":"https:\/\/api.w.org\/{rel}","templated":true}]}}