{"id":2433,"date":"2016-10-16T10:27:32","date_gmt":"2016-10-16T08:27:32","guid":{"rendered":"http:\/\/www.rathgeber-balance.de\/bloggen\/?p=2433"},"modified":"2016-10-18T07:53:29","modified_gmt":"2016-10-18T05:53:29","slug":"gewuerzbuschen","status":"publish","type":"post","link":"https:\/\/www.rathgeber-balance.de\/bloggen\/impressionen\/gewuerzbuschen\/","title":{"rendered":"Gew\u00fcrzkranz"},"content":{"rendered":"<p><img loading=\"lazy\" decoding=\"async\" class=\"alignleft size-full wp-image-2435\" src=\"http:\/\/www.rathgeber-balance.de\/bloggen\/wp-content\/uploads\/2016\/10\/Kr\u00e4uterbuschen-Clematis.jpg\" alt=\"Clematis\" width=\"250\" height=\"166\" \/>Langsam wird es Zeit, das eine oder andere Kraut aus dem Beet zu nehmen und ins Winterquartier zu bringen.<!--more--><\/p>\n<p>Noch kann man die goldenen Oktobertage aber getrost abwarten.<\/p>\n<p>Einige Clematis haben ihre Bl\u00fcten ge\u00f6ffnet.<\/p>\n<p>Das frischgr\u00fcne Laub der Zitronenverbene (<em>Aloysia citrodora<\/em>) \u00a0verstr\u00f6mt auch jetzt noch einen \u00fcberaus belebenden Duft nach Zitrone. \u00a0Es handelt sich hierbei um einen Kleinstrauch aus der Familie der Eisenkrautgew\u00e4chse <em>(Verbenaceae).<\/em><\/p>\n<p>Die \u00dcberwinterung erfolgt k\u00fchl und kann auch dunkel sein. Die Pflanze verliert all ihre Bl\u00e4tter und der Austrieb zeigt sich so sp\u00e4t, dass man f\u00e4lschlicherweise annehmen k\u00f6nnte, es w\u00fcrde kein Leben mehr in dem Kraut stecken.<\/p>\n<p><img loading=\"lazy\" decoding=\"async\" class=\"alignleft size-full wp-image-2437\" src=\"http:\/\/www.rathgeber-balance.de\/bloggen\/wp-content\/uploads\/2016\/10\/Kr\u00e4uterbuschen-Herbst.jpg\" alt=\"Gew\u00fcrzbuschen\" width=\"250\" height=\"166\" \/>Um noch ein wenig \u00a0von meinen Gew\u00fcrzpflanzen zu profitieren, wird heute an Kirchweih ein kleiner Gew\u00fcrzkranz gebunden.<\/p>\n<p>Wie immer nehme ich die biegsamen Zweige des Hartriegels als Grundger\u00fcst.<\/p>\n<p>Auch Verbene \u2013 das Eisenkraut &#8211; eine Staude f\u00fcr die hei\u00dfe S\u00fcdseite, die Unmengen von lilafarbenen Bl\u00fcten tr\u00e4gt, wird mit eingebunden.<\/p>\n<p>Zitronenverbene, Salbei, Lavendel, Ananassalbei mit graugr\u00fcn gesteiften Bl\u00e4tter, Rosmarin, Minze und was sich in den Kr\u00e4uterbeeten so findet. Am Ende werden kleine Zweige von Thymian mit hineingesteckt.<\/p>\n<p><img loading=\"lazy\" decoding=\"async\" class=\"alignleft size-full wp-image-2439\" src=\"http:\/\/www.rathgeber-balance.de\/bloggen\/wp-content\/uploads\/2016\/10\/Kr\u00e4uterbuschen-Herbst-021.jpg\" alt=\"Pfaffenh\u00fctchen\" width=\"250\" height=\"166\" \/>Der Kranz duftet nach Sommergarten, \u00a0auch wenn das Bild des scharlachrot verf\u00e4rbten Pfaffenh\u00fctchens (Euonymus europaeus \u00a0\u201aRed Cascade\u2018) etwas ganz anderes demonstriert. Der Herbst ist in seiner Hochphase.<\/p>\n<p>Da ich heute (am Tag danach) noch eine sehr sch\u00f6ne Anregung bekommen habe, musste ich sie sofort umsetzen.<\/p>\n<p><img loading=\"lazy\" decoding=\"async\" class=\"alignleft size-full wp-image-2453\" src=\"http:\/\/www.rathgeber-balance.de\/bloggen\/wp-content\/uploads\/2016\/10\/Hortensienkranz-012h.jpg\" alt=\"Hortensienkranz\" width=\"250\" height=\"166\" \/>Ein Hortensienkranz mit frischen Dahlienbl\u00fcten.<\/p>\n<p>Dieses Mal habe ich Haselnusszweige als Grundger\u00fcst genommen.<\/p>\n<p>Der Kranz bleibt aber nun drau\u00dfen auf dem Terrassentisch, damit er sich m\u00f6glichst lange h\u00e4lt.<\/p>\n<p>&nbsp;<\/p>\n","protected":false},"excerpt":{"rendered":"<p>Langsam wird es Zeit, das eine oder andere Kraut aus dem Beet zu nehmen und ins Winterquartier zu bringen.<\/p>\n","protected":false},"author":1,"featured_media":0,"comment_status":"open","ping_status":"open","sticky":false,"template":"","format":"standard","meta":{"footnotes":""},"categories":[7],"tags":[171,172,169],"class_list":["post-2433","post","type-post","status-publish","format-standard","hentry","category-impressionen","tag-gewuerzkranz","tag-kranz-aus-hortensienblueten-und-dahlien","tag-zitronenverbene"],"_links":{"self":[{"href":"https:\/\/www.rathgeber-balance.de\/bloggen\/wp-json\/wp\/v2\/posts\/2433","targetHints":{"allow":["GET"]}}],"collection":[{"href":"https:\/\/www.rathgeber-balance.de\/bloggen\/wp-json\/wp\/v2\/posts"}],"about":[{"href":"https:\/\/www.rathgeber-balance.de\/bloggen\/wp-json\/wp\/v2\/types\/post"}],"author":[{"embeddable":true,"href":"https:\/\/www.rathgeber-balance.de\/bloggen\/wp-json\/wp\/v2\/users\/1"}],"replies":[{"embeddable":true,"href":"https:\/\/www.rathgeber-balance.de\/bloggen\/wp-json\/wp\/v2\/comments?post=2433"}],"version-history":[{"count":19,"href":"https:\/\/www.rathgeber-balance.de\/bloggen\/wp-json\/wp\/v2\/posts\/2433\/revisions"}],"predecessor-version":[{"id":2457,"href":"https:\/\/www.rathgeber-balance.de\/bloggen\/wp-json\/wp\/v2\/posts\/2433\/revisions\/2457"}],"wp:attachment":[{"href":"https:\/\/www.rathgeber-balance.de\/bloggen\/wp-json\/wp\/v2\/media?parent=2433"}],"wp:term":[{"taxonomy":"category","embeddable":true,"href":"https:\/\/www.rathgeber-balance.de\/bloggen\/wp-json\/wp\/v2\/categories?post=2433"},{"taxonomy":"post_tag","embeddable":true,"href":"https:\/\/www.rathgeber-balance.de\/bloggen\/wp-json\/wp\/v2\/tags?post=2433"}],"curies":[{"name":"wp","href":"https:\/\/api.w.org\/{rel}","templated":true}]}}