{"id":2854,"date":"2017-03-26T10:35:07","date_gmt":"2017-03-26T08:35:07","guid":{"rendered":"http:\/\/www.rathgeber-balance.de\/bloggen\/?p=2854"},"modified":"2017-04-08T12:49:31","modified_gmt":"2017-04-08T10:49:31","slug":"veilchenessig-mit-zitronenmelisse","status":"publish","type":"post","link":"https:\/\/www.rathgeber-balance.de\/bloggen\/naturapotheke\/veilchenessig-mit-zitronenmelisse\/","title":{"rendered":"Veilchenessig mit Zitronenmelisse"},"content":{"rendered":"<p><img loading=\"lazy\" decoding=\"async\" class=\"alignleft size-full wp-image-2858\" src=\"http:\/\/www.rathgeber-balance.de\/bloggen\/wp-content\/uploads\/2017\/03\/Veilchenessig-022kA.jpg\" alt=\"\" width=\"250\" height=\"166\" \/>Wenn die ersten Veilchen als Boten des Fr\u00fchlings bl\u00fchen, ist die Welt ein St\u00fcck weit in Ordnung.<!--more--><br \/>\nVeilchen erinnern an Kindheitstage, wo die Wiesen \u00fcbers\u00e4t waren von violettfarbenen Klecksen, gepaart mit G\u00e4nsebl\u00fcmchen, um Ketten daraus zu flechten.<\/p>\n<p>Veilchen \u00a0&#8211;\u00a0 Viola, aus der Familie der Violaceae &#8211; fallen vor allem durch ihre bezaubernden, leicht duftenden Bl\u00fctenbl\u00e4tter auf. Charakteristisch ist auch die die Herzform der Bl\u00e4tter.<\/p>\n<p>Es gibt viele Arten (mehr als 400\u00a0 Arten), das wohl bekannteste\u00a0 ist das Duftveilchen, welches von M\u00e4rz bis\u00a0 April bl\u00fcht. Es ist auf Rasenfl\u00e4chen zu finden, am Geh\u00f6lzrand oder auf halbschattigem Waldboden.<\/p>\n<p>Die Bl\u00fcten des \u00a0Duftveilchens, auch M\u00e4rzveilchen genannt (<em>Viola odorata<\/em>), \u00a0sind essbar. Sie enthalten Saponin, Salicyls\u00e4ureverbindungen, \u00e4therisches \u00d6l und einen blauen Farbstoff\u2026<\/p>\n<p><strong><img loading=\"lazy\" decoding=\"async\" class=\"alignleft size-full wp-image-2862\" src=\"http:\/\/www.rathgeber-balance.de\/bloggen\/wp-content\/uploads\/2017\/03\/Veilchenessig-030B.jpg\" alt=\"\" width=\"250\" height=\"166\" \/>Heilanzeige:<\/strong> Bei Bronchitis und als nervenberuhigendes Schlafmittel. \u00c4u\u00dferlich wird Veilchentee bei entz\u00fcndeter Mundschleimhaut eingesetzt. Die Volksheilkunde verwendet auch Veilchenessig zu Umschl\u00e4gen bei Kopfschmerzen. (Quelle: Heilpflanzen Erkennen, Sammeln,\u00a0 Anwenden, Elfrunde Wendelberger, BLV-Verlag)<\/p>\n<p>In der aktuellen Ausgabe des Magazins <strong>Landapotheke<\/strong>, Heilen und Pflegen nach alter Tradition, Fr\u00fchjahr 1-2017, ist ein sehr sch\u00f6ner Rezeptvorschlag enthalten, der Veilchen gegen Kopfschmerzen einsetzt.<\/p>\n<p><strong><span style=\"color: #800080;\">Veilchenbl\u00fctenessig mit Zitronenmelisse<\/span><\/strong><br \/>\n<span style=\"color: #800080;\">Zutaten:<\/span><br \/>\nje 2 Handvoll Veilchenbl\u00fcten und Melisse<br \/>\n1 Flasche wei\u00dfer Balsamico<br \/>\netwas Kandiszucker<br \/>\nSaft einer halben Zitrone<\/p>\n<p><span style=\"color: #800080;\">Zubereitung:<\/span><br \/>\nDie Bl\u00fcten und den Kandiszucker in ein Glasbeh\u00e4ltnis geben, mit Balsamico und Zitronensaft auff\u00fcllen.<br \/>\nEtwa 1 \u2013 2 Wochen an einem warmen Platz stehen lassen.<br \/>\nDann abseihen.<\/p>\n<p><span style=\"color: #800080;\">Anwendung:<\/span><br \/>\nSchmeckt fruchtig zu Blattsalaten.<\/p>\n<p>Kann als Tinktur (3 Essl\u00f6ffel in 300 ml Wasser mit 1 TL\u00a0 Honig) gegen Kopfschmerzen verabreicht werden.<\/p>\n<p><span style=\"color: #800080;\"><img loading=\"lazy\" decoding=\"async\" class=\"alignleft size-full wp-image-2864\" src=\"http:\/\/www.rathgeber-balance.de\/bloggen\/wp-content\/uploads\/2017\/03\/Veilchenessig-047h.jpg\" alt=\"\" width=\"250\" height=\"166\" \/>Pers\u00f6nliches Fazit:<\/span><br \/>\nDer Kandiszucker l\u00f6st sich nach kurzer Zeit in der Flasche auf.<br \/>\nIch habe nat\u00fcrlich gleich gekostet und muss sagen, dass mir das leicht s\u00fc\u00dfliche, milde Aroma des Veilchenessigs sehr zusagt.<\/p>\n<p><em>Er ist&#8217;s<br \/>\nFr\u00fchling l\u00e4\u00dft sein blaues Band<\/em><br \/>\n<em> Wieder flattern durch die L\u00fcfte;<\/em><br \/>\n<em> S\u00fc\u00dfe, wohlbekannte D\u00fcfte<\/em><br \/>\n<em> Streifen ahnungsvoll das Land.<\/em><br \/>\n<em> Veilchen tr\u00e4umen schon,<\/em><br \/>\n<em> Wollen balde kommen.<\/em><br \/>\n<em> Horch, von fern ein leiser Harfenton!<\/em><br \/>\n<em> Fr\u00fchling, ja du bist&#8217;s!<\/em><br \/>\n<em> Dich hab ich vernommen!<\/em><\/p>\n<p>Eduard\u00a0 M\u00f6rike<br \/>\n(1804 &#8211; 1875), deutscher Erz\u00e4hler, Lyriker und Dichter<\/p>\n<p>&#8230;<\/p>\n<p><img loading=\"lazy\" decoding=\"async\" class=\"alignleft size-full wp-image-2873\" src=\"http:\/\/www.rathgeber-balance.de\/bloggen\/wp-content\/uploads\/2017\/03\/Veilchenessig-II-010beHE.jpg\" alt=\"\" width=\"250\" height=\"166\" \/>Nach knapp zwei Wochen habe ich den Sud gefiltert.<br \/>\nDer Veilchenessig hat nun eine wundersch\u00f6n hellorange Farbe angenommen (der\u00a0 Unterschied ist im Vergleich gut sichtbar) und passt genau in zwei h\u00fcbsche handliche Fl\u00e4schchen.<\/p>\n<p>Dies macht Appetit auf frische Salate und Essig aus der Gartenk\u00fcche wird sicherlich nicht der letzte in dieser Saison gewesen sein (die ja auch erst begonnen hat).<\/p>\n<p>&nbsp;<\/p>\n<p>&nbsp;<\/p>\n","protected":false},"excerpt":{"rendered":"<p>Wenn die ersten Veilchen als Boten des Fr\u00fchlings bl\u00fchen, ist die Welt ein St\u00fcck weit in Ordnung.<\/p>\n","protected":false},"author":1,"featured_media":0,"comment_status":"open","ping_status":"open","sticky":false,"template":"","format":"standard","meta":{"footnotes":""},"categories":[6],"tags":[194],"class_list":["post-2854","post","type-post","status-publish","format-standard","hentry","category-naturapotheke","tag-veilchenessig-mit-zitronenmelisse"],"_links":{"self":[{"href":"https:\/\/www.rathgeber-balance.de\/bloggen\/wp-json\/wp\/v2\/posts\/2854","targetHints":{"allow":["GET"]}}],"collection":[{"href":"https:\/\/www.rathgeber-balance.de\/bloggen\/wp-json\/wp\/v2\/posts"}],"about":[{"href":"https:\/\/www.rathgeber-balance.de\/bloggen\/wp-json\/wp\/v2\/types\/post"}],"author":[{"embeddable":true,"href":"https:\/\/www.rathgeber-balance.de\/bloggen\/wp-json\/wp\/v2\/users\/1"}],"replies":[{"embeddable":true,"href":"https:\/\/www.rathgeber-balance.de\/bloggen\/wp-json\/wp\/v2\/comments?post=2854"}],"version-history":[{"count":19,"href":"https:\/\/www.rathgeber-balance.de\/bloggen\/wp-json\/wp\/v2\/posts\/2854\/revisions"}],"predecessor-version":[{"id":2878,"href":"https:\/\/www.rathgeber-balance.de\/bloggen\/wp-json\/wp\/v2\/posts\/2854\/revisions\/2878"}],"wp:attachment":[{"href":"https:\/\/www.rathgeber-balance.de\/bloggen\/wp-json\/wp\/v2\/media?parent=2854"}],"wp:term":[{"taxonomy":"category","embeddable":true,"href":"https:\/\/www.rathgeber-balance.de\/bloggen\/wp-json\/wp\/v2\/categories?post=2854"},{"taxonomy":"post_tag","embeddable":true,"href":"https:\/\/www.rathgeber-balance.de\/bloggen\/wp-json\/wp\/v2\/tags?post=2854"}],"curies":[{"name":"wp","href":"https:\/\/api.w.org\/{rel}","templated":true}]}}