{"id":2974,"date":"2017-06-18T11:02:17","date_gmt":"2017-06-18T09:02:17","guid":{"rendered":"http:\/\/www.rathgeber-balance.de\/bloggen\/?p=2974"},"modified":"2017-09-13T17:59:29","modified_gmt":"2017-09-13T15:59:29","slug":"lavendelzeit-sommerzeit","status":"publish","type":"post","link":"https:\/\/www.rathgeber-balance.de\/bloggen\/naturkosmetik\/lavendelzeit-sommerzeit\/","title":{"rendered":"Lavendelzeit, Sommerzeit&#8230;"},"content":{"rendered":"<p><img loading=\"lazy\" decoding=\"async\" class=\"alignleft size-full wp-image-2980\" src=\"http:\/\/www.rathgeber-balance.de\/bloggen\/wp-content\/uploads\/2017\/06\/Kr\u00e4uterf\u00fchrung-003hneuBlog250.jpg\" alt=\"\" width=\"250\" height=\"166\" \/>Wenn der Lavendel bl\u00fcht, ist Sommer.<!--more--><\/p>\n<p>Lavendel <em>(lavandula<\/em>) aus der Familie der Lippenbl\u00fctler (<em>lamiaceae<\/em>) verbreitet\u00a0 im Kr\u00e4uterbeet mediterranes Flair ebenso wie Bartblume, Heiligenkraut und Gew\u00fcrzsalbei.<br \/>\nDie Halbstr\u00e4ucher, die aus trockenen Gebieten stammen, vertragen weniger Feuchtigkeit, vor allem auch im Winter.<br \/>\nSie ben\u00f6tigen einen sonnigen und warmen Standort. Wichtig ist ein guter Wasserabzug, eventuell auch das Einarbeiten von Splitt oder Schotter.<br \/>\nEs gilt der Grundsatz, wenig zu d\u00fcngen.\u00a0 Lavendel sollte man immer am fr\u00fchen Morgen ernten. Dann ist der Duftstoffgehalt am h\u00f6chsten.<\/p>\n<p>Hier ein wenig zum Nachlesen:<br \/>\n<a href=\"http:\/\/www.lwg.bayern.de\/gartenakademie\/gartendokumente\/gartencast\/098625\/index.php\">www.lwg.bayern.de\/gartenakademie\/gartendokumente\/gartencast\/098625\/index.php<\/a><\/p>\n<p>Durch Wasserdampfdestillation aus den Bl\u00fcten des Lavendels (<em>lavandula officinalis<\/em>) wird Lavendel\u00f6l gewonnen. Es darf\u00a0 nicht verwechselt werden mit Lavandin aus <em>lavandula fragrans delphinesis<\/em>. Diese \u00d6le haben einen wesentlich niedrigen Estergehalt und enthalten Kampfer (belebende und erfrischende Wirkung).<\/p>\n<p>\u00c4hnliches gilt f\u00fcr den so genannten Speik-Lavendel, hergestellt aus <em>lavandula spica<\/em> (<em>lavandula latifolia)<\/em>. Dieses \u00d6l enth\u00e4lt auch eine bestimmte Menge Kampfer und wird als Insektenbek\u00e4mpfungsmittel eingesetzt.<br \/>\nDar\u00fcber hinaus gibt es noch Schopf-Lavendel\u00f6l aus dem franz\u00f6sischen Lavendel <em>lavandula stochas.<\/em><\/p>\n<p>Lavendel ist ein lang bew\u00e4hrtes Heilmittel.<br \/>\nMan verwendet es unter anderem zur Insektenabwehr und als Duftspender f\u00fcr W\u00e4sche.<br \/>\nEs ist ein beruhigendes \u00d6l, welches als sanftes Schlafmittel dient (\u201eLasea\u201c), es wirkt desinfizierend und ist neben Rosen\u00f6l und Sandelholz\u00f6l das einzige \u00d6l, das man unverd\u00fcnnt auf der Haut auftragen\u00a0 kann.<br \/>\nIn der Aromatherapie wird Lavendel\u00f6l bei Verbrennungen eingesetzt.\u00a0 (Quelle: Portraits er wichtigsten etherischen \u00d6l, Dietrich Wabner, Adelheid Hammer-Klafke und Eliane Zimmermann).<\/p>\n<p><img loading=\"lazy\" decoding=\"async\" class=\"alignleft size-full wp-image-2983\" src=\"http:\/\/www.rathgeber-balance.de\/bloggen\/wp-content\/uploads\/2017\/06\/Lavendel-Sonnenschutz-005h.jpg\" alt=\"\" width=\"250\" height=\"166\" \/>Hier w\u00e4re ein Tipp, Lavendel in der Hautpflege zu verwenden bzw. in einem pflegenden Sonnen\u00f6l. (<strong>Quelle:<\/strong> Landapotheke, Heilen und Pflegen nach alter Tradition, Sommer\/Herbst 4-2015).<\/p>\n<p>Nat\u00fcrlich ist der beste Schutz vor Sonne der Schatten. Aber auch bei Gartenarbeit, die nicht in praller Sonne stattfindet, k\u00f6nnte dieses \u00d6l als \u201eleichter Sonnenschutz\u201c eingesetzt werden, da es auch die Haut regeneriert.<\/p>\n<p>Rezeptur \u00a0f\u00fcr einen sch\u00fctzendes K\u00f6rper\u00f6l mit regenerierender Pflege und Sonnenschutzfaktor 4:<br \/>\n<strong><span style=\"color: #993366;\">Zutaten:<\/span><\/strong><br \/>\n50 ml Bio-Sesam\u00f6l<br \/>\n20 \u2013 40 Tr. Sanddornfruchtfleisch\u00f6l<br \/>\n5 Tr. \u00c4therisches Lavendel\u00f6l<\/p>\n<p>Alles gut vermischen und in ein dunkles, beschriftetes Fl\u00e4schchen geben. K\u00fchl und dunkel lagern.<br \/>\nEtwa eine Stunde vor dem Aufenthalt im Freien auftragen. Sesam\u00f6l blockt zu 30 % der UV-Strahlung ab.<\/p>\n<p><strong><span style=\"color: #993366;\">Pers\u00f6nlicher Tipp:<\/span><\/strong><br \/>\nIch habe das \u00d6l mit Jojoba\u00f6l, in dem Lavendelbl\u00fcten mazeriert wurden, und geschmolzenem Kokos\u00f6l vermischt. Auch etwas weniger Sanddornfruchtfleisch\u00f6l verwendet, da es stark f\u00e4rbt.<br \/>\nDie Mischung riecht hinrei\u00dfend bedingt durch das Kokos\u00f6l und den Lavendel. Es zieht geschmeidig auf der Haut ein und hinterl\u00e4sst einen angenehmen, pflegenden Film.<br \/>\nKokos\u00f6l dringt schnell, aber nur oberfl\u00e4chlich in die Haut ein und erzeugt bei Auftrag ein glattes, weiches Hautgef\u00fchl. Jojoba\u00f6l ist dar\u00fcber hinaus oxidativ stabil und weist feuchtigkeitsbindende Eigenschaften auf.<\/p>\n<p>Es ist nun mein Gartenarbeit-Sommer-Regenerations-Haut\u00f6l mit sch\u00fctzenden Eigenschaften und angenehmem Lavendelduft.<\/p>\n<p>Aber auch ohne Weiterverarbeitung zu einem \u00d6l oder \u00e4therischen \u00d6 ist Lavendel eine wertvolle Nahrungsquelle f\u00fcr Schmetterling, Biene und Co. auf Balkon, der Terrasse oder im Garten, \u00a0wenn die eine oder andere Pflanze bereits verbl\u00fcht ist.<\/p>\n<p><img loading=\"lazy\" decoding=\"async\" class=\"alignleft size-full wp-image-2985\" src=\"http:\/\/www.rathgeber-balance.de\/bloggen\/wp-content\/uploads\/2017\/06\/Lavendeldeko-neuh.jpg\" alt=\"\" width=\"250\" height=\"177\" \/>Die Bl\u00fctenst\u00e4nde halten sich zudem lange in der Vase und eignen sich zum Trocknen.<\/p>\n<p>&nbsp;<\/p>\n<p>&nbsp;<\/p>\n","protected":false},"excerpt":{"rendered":"<p>Wenn der Lavendel bl\u00fcht, ist Sommer.<\/p>\n","protected":false},"author":1,"featured_media":0,"comment_status":"open","ping_status":"open","sticky":false,"template":"","format":"standard","meta":{"footnotes":""},"categories":[1],"tags":[71],"class_list":["post-2974","post","type-post","status-publish","format-standard","hentry","category-naturkosmetik","tag-lavendel"],"_links":{"self":[{"href":"https:\/\/www.rathgeber-balance.de\/bloggen\/wp-json\/wp\/v2\/posts\/2974","targetHints":{"allow":["GET"]}}],"collection":[{"href":"https:\/\/www.rathgeber-balance.de\/bloggen\/wp-json\/wp\/v2\/posts"}],"about":[{"href":"https:\/\/www.rathgeber-balance.de\/bloggen\/wp-json\/wp\/v2\/types\/post"}],"author":[{"embeddable":true,"href":"https:\/\/www.rathgeber-balance.de\/bloggen\/wp-json\/wp\/v2\/users\/1"}],"replies":[{"embeddable":true,"href":"https:\/\/www.rathgeber-balance.de\/bloggen\/wp-json\/wp\/v2\/comments?post=2974"}],"version-history":[{"count":12,"href":"https:\/\/www.rathgeber-balance.de\/bloggen\/wp-json\/wp\/v2\/posts\/2974\/revisions"}],"predecessor-version":[{"id":3469,"href":"https:\/\/www.rathgeber-balance.de\/bloggen\/wp-json\/wp\/v2\/posts\/2974\/revisions\/3469"}],"wp:attachment":[{"href":"https:\/\/www.rathgeber-balance.de\/bloggen\/wp-json\/wp\/v2\/media?parent=2974"}],"wp:term":[{"taxonomy":"category","embeddable":true,"href":"https:\/\/www.rathgeber-balance.de\/bloggen\/wp-json\/wp\/v2\/categories?post=2974"},{"taxonomy":"post_tag","embeddable":true,"href":"https:\/\/www.rathgeber-balance.de\/bloggen\/wp-json\/wp\/v2\/tags?post=2974"}],"curies":[{"name":"wp","href":"https:\/\/api.w.org\/{rel}","templated":true}]}}