{"id":3293,"date":"2017-08-26T11:38:30","date_gmt":"2017-08-26T09:38:30","guid":{"rendered":"http:\/\/www.rathgeber-balance.de\/bloggen\/?p=3293"},"modified":"2017-08-26T13:09:05","modified_gmt":"2017-08-26T11:09:05","slug":"kraeuterschaetze-teekraeuter-sammeln","status":"publish","type":"post","link":"https:\/\/www.rathgeber-balance.de\/bloggen\/naturapotheke\/kraeuterschaetze-teekraeuter-sammeln\/","title":{"rendered":"Kr\u00e4utersch\u00e4tze &#8211; Teekr\u00e4uter sammeln"},"content":{"rendered":"<p><img loading=\"lazy\" decoding=\"async\" class=\"alignleft size-full wp-image-3294\" src=\"http:\/\/www.rathgeber-balance.de\/bloggen\/wp-content\/uploads\/2017\/08\/Kr\u00e4utersch\u00e4tze-007zneuSchild.jpg\" alt=\"\" width=\"250\" height=\"166\" \/>Jetzt ist noch Gelegenheit, Teekr\u00e4uter f\u00fcr den Wintervorrat\u00a0 zu sammeln.<!--more--><\/p>\n<p>Die beste Zeit zum Pfl\u00fccken ist jedoch Juli und August.<br \/>\nAber ein paar Tage hat Monat August auch noch.<\/p>\n<p>Thymian, Salbei, Pfefferminze, Melisse, Zitronenverbene, Ringelblumen, Lavendel und Co. haben ausreichend Sonne getankt, um daraus Kraft und Geschmack zu ziehen.<\/p>\n<p><img loading=\"lazy\" decoding=\"async\" class=\"alignleft size-full wp-image-3299\" src=\"http:\/\/www.rathgeber-balance.de\/bloggen\/wp-content\/uploads\/2017\/08\/Teekr\u00e4uter-022k.jpg\" alt=\"\" width=\"250\" height=\"166\" \/>Am besten ist es, die Kr\u00e4utersch\u00e4tze mit Bast zusammenzubinden und an einem warmen und luftigen Ort zum Trocknen aufzuh\u00e4ngen.<br \/>\nWenn die Pflanzen getrocknet sind, k\u00f6nnen die Bl\u00e4tter und\/oder Bl\u00fcten abgestreift und in beschrifteten, dunklen Gl\u00e4sern aufbewahrt werden.<\/p>\n<p>In dem Magazin <strong>LandIDEE, LandAPOTHEKE,<\/strong> Heilen und Pflegen nach alter Tradition, Sommer\/Herbst 4-2016, empfiehlt Kr\u00e4uterexpertin Maria Seidl f\u00fcr individuelle Teemischungen Folgendes:<\/p>\n<p>Drei bis maximal sieben Kr\u00e4uter\u00a0 aufnehmen.<br \/>\nDaf\u00fcr werden zwei bis drei Hauptkr\u00e4uter gew\u00e4hlt, die f\u00fcr das Einsatzgebiet passend sind.<\/p>\n<p>Demnach sollte ein Hustentee Thymian, Salbei, Quendel \u00a0oder Oregano enthalten.<br \/>\nIn einem Gute-Nacht Tee d\u00fcrfen Baldrianwurzel, Melissenbl\u00e4tter und Hopfen nicht fehlen.<br \/>\nIn einen Magen-Darm Tee kommen Fenchelfr\u00fcchte, K\u00fcmmel und Anissamen.<br \/>\nF\u00fcr den Wintertee werden Pfefferminze, Thymian und Ringelblumenbl\u00fcten verwendet.<\/p>\n<p><img loading=\"lazy\" decoding=\"async\" class=\"alignleft size-full wp-image-3301\" src=\"http:\/\/www.rathgeber-balance.de\/bloggen\/wp-content\/uploads\/2017\/08\/Kr\u00e4utersch\u00e4tze-021kMalve.jpg\" alt=\"\" width=\"250\" height=\"166\" \/>Zur Geschmacksf\u00f6rderung gibt man Lieblingskr\u00e4uter hinzu, beispielsweise Zitronenverbene, K\u00f6nigskerzenbl\u00fcten, Zitronenmelisse,\u00a0 Lavendel oder Pfefferminze.<br \/>\nAls F\u00fcllmaterial dienen Himbeer-, Brombeer-, Frauenmantel- oder Erdbeerbl\u00e4tter.<br \/>\nF\u00fcr die Optik eignen sich Bl\u00fcten von Rose, Ringelblume, Malve, Hibiskus, Korn- oder Sonnenblume.<\/p>\n<p>Au\u00dferdem unterst\u00fctzen sie die Wirkung der Teemischung.<br \/>\nRose den Beruhigungstee, Kornblume den Magen-Darm-Tee, Ringelblume einen Tee, der die Abwehrkr\u00e4fte st\u00e4rkt.<\/p>\n<p><strong><span style=\"color: #993300;\">Anwendung:<\/span><\/strong><br \/>\nDie drei bis sieben ausgew\u00e4hlten Kr\u00e4uter werden zu gleichen Teilen gemischt.<\/p>\n<p>F\u00fcr eine Tasse Tee je nach Geschmack 1 &#8211; 2 TL der Mischung mit 250 ml hei\u00dfem Wasser (nicht \u00fcber 65 Grad) \u00fcbergie\u00dfen.<br \/>\nNach 10 Minuten (bitte zudeckt ziehen lassen) abseihen.<br \/>\nUnges\u00fc\u00dft oder mit etwas Honig trinken.<\/p>\n<p>Nach einem Jahr k\u00f6nnen die Teekr\u00e4uter ihre Wirkung und ihren Geschmack verlieren, dann ist aber auch l\u00e4ngst wieder Zeit f\u00fcr eine frische Ernte.<\/p>\n<p><img loading=\"lazy\" decoding=\"async\" class=\"alignleft size-full wp-image-3303\" src=\"http:\/\/www.rathgeber-balance.de\/bloggen\/wp-content\/uploads\/2017\/08\/Kr\u00e4utersch\u00e4tze-034kMalve-pink.jpg\" alt=\"\" width=\"250\" height=\"166\" \/>Es ist eine sch\u00f6ne Erfahrung, in den letzten hei\u00dfen Sommertagen (fr\u00fchmorgens) die duftenden, optisch sehr ansprechenden Kr\u00e4uter zu pfl\u00fccken und seine Vorr\u00e4te f\u00fcr lichtarme Zeiten aufzustocken.<\/p>\n","protected":false},"excerpt":{"rendered":"<p>Jetzt ist noch Gelegenheit, Teekr\u00e4uter f\u00fcr den Wintervorrat\u00a0 zu sammeln.<\/p>\n","protected":false},"author":1,"featured_media":0,"comment_status":"open","ping_status":"open","sticky":false,"template":"","format":"standard","meta":{"footnotes":""},"categories":[6],"tags":[210],"class_list":["post-3293","post","type-post","status-publish","format-standard","hentry","category-naturapotheke","tag-teekraeuter-sammeln"],"_links":{"self":[{"href":"https:\/\/www.rathgeber-balance.de\/bloggen\/wp-json\/wp\/v2\/posts\/3293","targetHints":{"allow":["GET"]}}],"collection":[{"href":"https:\/\/www.rathgeber-balance.de\/bloggen\/wp-json\/wp\/v2\/posts"}],"about":[{"href":"https:\/\/www.rathgeber-balance.de\/bloggen\/wp-json\/wp\/v2\/types\/post"}],"author":[{"embeddable":true,"href":"https:\/\/www.rathgeber-balance.de\/bloggen\/wp-json\/wp\/v2\/users\/1"}],"replies":[{"embeddable":true,"href":"https:\/\/www.rathgeber-balance.de\/bloggen\/wp-json\/wp\/v2\/comments?post=3293"}],"version-history":[{"count":9,"href":"https:\/\/www.rathgeber-balance.de\/bloggen\/wp-json\/wp\/v2\/posts\/3293\/revisions"}],"predecessor-version":[{"id":3306,"href":"https:\/\/www.rathgeber-balance.de\/bloggen\/wp-json\/wp\/v2\/posts\/3293\/revisions\/3306"}],"wp:attachment":[{"href":"https:\/\/www.rathgeber-balance.de\/bloggen\/wp-json\/wp\/v2\/media?parent=3293"}],"wp:term":[{"taxonomy":"category","embeddable":true,"href":"https:\/\/www.rathgeber-balance.de\/bloggen\/wp-json\/wp\/v2\/categories?post=3293"},{"taxonomy":"post_tag","embeddable":true,"href":"https:\/\/www.rathgeber-balance.de\/bloggen\/wp-json\/wp\/v2\/tags?post=3293"}],"curies":[{"name":"wp","href":"https:\/\/api.w.org\/{rel}","templated":true}]}}