{"id":3340,"date":"2017-08-30T16:15:29","date_gmt":"2017-08-30T14:15:29","guid":{"rendered":"http:\/\/www.rathgeber-balance.de\/bloggen\/?p=3340"},"modified":"2020-01-26T11:07:18","modified_gmt":"2020-01-26T10:07:18","slug":"drueben-im-garten-vorwort","status":"publish","type":"post","link":"https:\/\/www.rathgeber-balance.de\/bloggen\/gartenskizzen\/drueben-im-garten-vorwort\/","title":{"rendered":"Dr\u00fcben im  Garten &#8211; Vorwort"},"content":{"rendered":"<p style=\"text-align: center;\"><em><img loading=\"lazy\" decoding=\"async\" class=\"alignleft size-full wp-image-3015\" src=\"http:\/\/www.rathgeber-balance.de\/bloggen\/wp-content\/uploads\/2017\/07\/Seifenkraut-und-Schmetterlinge-001z.jpg\" alt=\"\" width=\"250\" height=\"191\" \/><\/em><span style=\"color: #008000;\">Wer Schmetterlinge lachen h\u00f6rt,<\/span><br \/>\n<span style=\"color: #008000;\"> der wei\u00df wie Wolken schmecken.<\/span><br \/>\nCarlo Karges<\/p>\n<p><!--more--><\/p>\n<p><em>\u00a0<\/em><strong><em>\u201e<\/em>Dr\u00fcben im Garten\u201c<\/strong>\u00a0\u2013\u00a0 viele Jahre lang hatten wir einen sch\u00f6nen Ausblick \u00fcber die Nachbarsgrenze hinweg in Richtung Westen auf ein weitl\u00e4ufiges Grundst\u00fcck,\u00a0 das zur H\u00e4lfte mit einem Haus bebaut ist, die andere H\u00e4lfte ist mit alten, knorrigen B\u00e4umen bewachsen.<span id=\"more-3249\"><\/span><\/p>\n<p>Es war fr\u00fcher eine G\u00e4rtnerei, die Vorbesitzerin hat lange Zeit bunte Dahlien und Zinnien in mit Stein umzingelten Beeten gepflanzt. An einem verwitterten Nebengeb\u00e4ude klettern weinrote Rosen hoch und \u00fcberziehen das Gem\u00e4uer mit bl\u00fchenden Teppichen.<\/p>\n<p>Eine Obstbaumwiese mit Kirsch, Birn- und Zwetschgenb\u00e4umen verbreitet einen l\u00e4ndlichen Charme, auch ein kugelrundes, \u00fcber und \u00fcber mit Flechten bewachsenes Apfelb\u00e4umchen geh\u00f6rt dazu.<br \/>\nAusladende Nussstr\u00e4ucher mit handtellergro\u00dfen Bl\u00e4ttern, hohe Fichten, die unz\u00e4hlige Zapfen tragen, riesige Fliederb\u00fcsche, Forsythien und ein gewaltiger Essigbaum, dessen Laub sich im Herbst lodern rot verf\u00e4rbt, pr\u00e4gen das Bild.<br \/>\nNat\u00fcrlich finden sich auch Schuppen an Nachbarsgrenzen, kahle Hecken, verfallene Z\u00e4une, Schattenseiten.<\/p>\n<p>Gerne m\u00f6chte ich dazu einladen, einen Blick nach \u201enebenan\u201c zu werfen und mitzuerleben, wie sich aus einem unber\u00fchrten, verwilderten Fleckchen Erde nach und nach ein bezaubernder Naturgarten entwickelt hat, der Alt und Neu auf harmonische Weise miteinander verbindet.<br \/>\n(Alle Namen sind \u2013 mit Ausnahme dem des K\u00e4tzchens \u2013 frei erfunden.)<\/p>\n<p><strong>Anmerkung in eigener Sache:<br \/>\n<\/strong><span style=\"color: #993300;\"><span style=\"color: #003300;\">Bei<\/span> &#8222;<strong>Dr\u00fcben im Garten&#8220;<\/strong> <span style=\"color: #003300;\">handelt es sich um <\/span><\/span><strong><span style=\"color: #993300;\">Gartenskizzen,<\/span><\/strong><span style=\"color: #993300;\">\u00a0<\/span><span style=\"color: #993300;\"><span style=\"color: #003300;\">welche in lockerer Folge beschreiben, wie der neue Garten entstanden ist.<br \/>\nAber nat\u00fcrlich gibt es auch ein &#8222;danach&#8220; und darum nutze ich die Gelegenheit, hier an dieser\u00a0 Stelle weiterzuerz\u00e4hlen, was sich so Neues ergibt&#8230;<br \/>\n<\/span><\/span><\/p>\n<p><strong><span style=\"color: #008000;\">Mein neues Buch f\u00fcr alle, die das G\u00e4rtnern lieben:<\/span><\/strong><\/p>\n<p><strong><span style=\"color: #008000;\"><br \/>\n<\/span><\/strong><img loading=\"lazy\" decoding=\"async\" class=\"alignleft size-full wp-image-7197\" src=\"http:\/\/www.rathgeber-balance.de\/bloggen\/wp-content\/uploads\/2019\/12\/9783938580592.jpg\" alt=\"\" width=\"250\" height=\"354\" srcset=\"https:\/\/www.rathgeber-balance.de\/bloggen\/wp-content\/uploads\/2019\/12\/9783938580592.jpg 250w, https:\/\/www.rathgeber-balance.de\/bloggen\/wp-content\/uploads\/2019\/12\/9783938580592-212x300.jpg 212w\" sizes=\"auto, (max-width: 250px) 100vw, 250px\" \/>HerbstZeitlos \u2013 Die kreative Kraft des G\u00e4rtnerns. Eine Liebeserkl\u00e4rung an den Garten. 1. Auflage 2016, Diametric Verlag, eBook 9783938580592\/ \u20ac 7,95<\/p>\n<p>Reinlesen:<br \/>\n<a href=\"https:\/\/www.diametric-verlag.de\/9783938580592_lp.pdf\">www.diametric-verlag.de\/9783938580592_lp.pdf<\/a><\/p>\n<p>Kaufen:<br \/>\n<a href=\"https:\/\/www.ebook.de\/de\/product\/27679177\/karin_rathgeber_herbstzeitlos_die_kreative_kraft_des_gaertnerns.html?searchId=916398505\">www.ebook.de\/de\/product\/27679177<\/a><\/p>\n<p>&nbsp;<\/p>\n<p>&nbsp;<\/p>\n<p>&nbsp;<\/p>\n<p>&nbsp;<\/p>\n<p>&nbsp;<\/p>\n<p>&nbsp;<\/p>\n","protected":false},"excerpt":{"rendered":"<p>Wer Schmetterlinge lachen h\u00f6rt, der wei\u00df wie Wolken schmecken. Carlo Karges<\/p>\n","protected":false},"author":1,"featured_media":0,"comment_status":"open","ping_status":"open","sticky":true,"template":"","format":"standard","meta":{"footnotes":""},"categories":[206],"tags":[],"class_list":["post-3340","post","type-post","status-publish","format-standard","hentry","category-gartenskizzen"],"_links":{"self":[{"href":"https:\/\/www.rathgeber-balance.de\/bloggen\/wp-json\/wp\/v2\/posts\/3340","targetHints":{"allow":["GET"]}}],"collection":[{"href":"https:\/\/www.rathgeber-balance.de\/bloggen\/wp-json\/wp\/v2\/posts"}],"about":[{"href":"https:\/\/www.rathgeber-balance.de\/bloggen\/wp-json\/wp\/v2\/types\/post"}],"author":[{"embeddable":true,"href":"https:\/\/www.rathgeber-balance.de\/bloggen\/wp-json\/wp\/v2\/users\/1"}],"replies":[{"embeddable":true,"href":"https:\/\/www.rathgeber-balance.de\/bloggen\/wp-json\/wp\/v2\/comments?post=3340"}],"version-history":[{"count":56,"href":"https:\/\/www.rathgeber-balance.de\/bloggen\/wp-json\/wp\/v2\/posts\/3340\/revisions"}],"predecessor-version":[{"id":7389,"href":"https:\/\/www.rathgeber-balance.de\/bloggen\/wp-json\/wp\/v2\/posts\/3340\/revisions\/7389"}],"wp:attachment":[{"href":"https:\/\/www.rathgeber-balance.de\/bloggen\/wp-json\/wp\/v2\/media?parent=3340"}],"wp:term":[{"taxonomy":"category","embeddable":true,"href":"https:\/\/www.rathgeber-balance.de\/bloggen\/wp-json\/wp\/v2\/categories?post=3340"},{"taxonomy":"post_tag","embeddable":true,"href":"https:\/\/www.rathgeber-balance.de\/bloggen\/wp-json\/wp\/v2\/tags?post=3340"}],"curies":[{"name":"wp","href":"https:\/\/api.w.org\/{rel}","templated":true}]}}