{"id":3350,"date":"2017-08-30T16:22:57","date_gmt":"2017-08-30T14:22:57","guid":{"rendered":"http:\/\/www.rathgeber-balance.de\/bloggen\/?p=3350"},"modified":"2020-01-24T10:19:16","modified_gmt":"2020-01-24T09:19:16","slug":"erstes-date","status":"publish","type":"post","link":"https:\/\/www.rathgeber-balance.de\/bloggen\/gartenskizzen\/erstes-date\/","title":{"rendered":"Erstes Date"},"content":{"rendered":"<p><em><img loading=\"lazy\" decoding=\"async\" class=\"alignleft size-full wp-image-3154\" src=\"http:\/\/www.rathgeber-balance.de\/bloggen\/wp-content\/uploads\/2017\/07\/Blog-Teich-November.jpg\" alt=\"\" width=\"250\" height=\"166\" \/>Um 15 Uhr treffen wir uns am Zaun!<br \/>\n<\/em><!--more--><\/p>\n<p>So lautet die knappe Vereinbarung, die wir Drei getroffen haben. Mein Mann Frank, mein j\u00fcngster Sohn Marcel und ich.<br \/>\nEs ist bereits neblig tr\u00fcb und kalt, so dass Geany, unser K\u00e4tzchen, sich in ihr K\u00f6rbchen zur\u00fcckgezogen hat und mit der Pfote \u00fcber dem Gesicht wohlig eingerollt schl\u00e4ft. Vorsichtig hebe ich sie aus ihrem warmen Bett und gehe hinaus zum Date am Zaun. Meine dicke Jacke habe ich \u00fcbergezogen, meine Handschuhe auch.<\/p>\n<p>Frank hat die Zange geholt, Marcel schraubt bereits heftig am Zaun.<br \/>\nEin leichter Wind weht, die sp\u00e4therbstlich gef\u00e4rbten Bl\u00e4tter fallen raschelnd zu Boden. Es ist Mitte November. F\u00fcrsorglich presse ich Geany an meine Jacke, da sie ganz leicht zittert.<\/p>\n<p>Es ist so weit. Heute wird ein Lattenfeld aus dem Zaun herausgenommen, um zu sehen, wie es \u201edr\u00fcben\u201c aussieht.<br \/>\n\u201eDr\u00fcben im Garten\u201c ist unser neuer Garten, den wir nach achtundzwanzig Jahren Bangen und Hoffen erwerben konnten, nachdem die zweite Besitzerin nun ausziehen m\u00f6chte.<\/p>\n<p>Es ist riesig, das Grundst\u00fcck. Auf einer H\u00e4lfte steht ein \u00e4lteres Haus, die andere H\u00e4lfte geh\u00f6rt der Natur.<br \/>\nMit alten Obstb\u00e4umen, in deren Kronen sich Efeu am Stamm hochgewunden hat. Mit ausladenden Nussstr\u00e4uchern, hohen Fichten, die unz\u00e4hlige Zapfen tragen. Mit Fliederb\u00fcschen, einem gewaltigen Essigbaum, dessen Laub sich im Herbst lodernd rot verf\u00e4rbt. Mit vielen Eichh\u00f6rnchen, die wie Akrobaten von Wipfel zu Wipfel schweben, einer Schar V\u00f6gel von gro\u00df bis klein und einem alten verwitterten Brunnen.<\/p>\n<p>Jeder Schritt federt im weichen Moos. Mostbirnen liegen verstreut und vergessen auf der Erde, auch\u00a0 ein paar verschrumpelte \u00c4pfel und Zwetschgen haben sich in den Untergrund gebohrt.<\/p>\n<p>Geany ist verwirrt und verharrt regungslos auf meinem Arm.<br \/>\n<em>Was machen die hier<\/em>?<br \/>\n<img loading=\"lazy\" decoding=\"async\" class=\"alignleft size-full wp-image-3158\" src=\"http:\/\/www.rathgeber-balance.de\/bloggen\/wp-content\/uploads\/2017\/07\/Bl\u00fctenparfum-029.jpg\" alt=\"\" width=\"250\" height=\"166\" \/>Es ist geschafft, das Zaunfeld lehnt ein wenig verloren am Rand, eine weite L\u00fccke klafft wie ein gezogener Frontzahn.<br \/>\nMit gro\u00dfen, balancierenden Schritten bahnen wir uns einen Weg an den beiden Bauernhortensien vorbei, die immer noch rosafarbene Bl\u00fctenb\u00e4lle tragen, nach nebenan. Fast m\u00fcssen wir klettern, da unser Gartenniveau durch aufgesch\u00fctteten Humus gut zwanzig Zentimeter h\u00f6her liegt. Ein wenig zaghaft und verstohlen, beinahe auf\u00a0 Zehenspitzen, um die Besitzerin des Hauses nicht zu st\u00f6ren, erkunden wir das Gel\u00e4nde. Wie Eindringlinge kommen wir uns vor, die heimlich in die G\u00e4rten der Nachbarn sp\u00e4hen, wozu wir noch nie Gelegenheit hatten.<\/p>\n<p>Als wir von achtundzwanzig Jahren unser Haus gebaut haben, waren wir begeistert vom Schnitt des Grundst\u00fccks, da mehrere Himmelsrichtungen in die Gartenarchitektur eingeplant werden konnten.<br \/>\nDie dekorative Ostseite an der Stra\u00dfe mit den vielen Stauden und Bl\u00fctenb\u00fcschen vor dem\u00a0 lichten Metallzaun, die sonnige S\u00fcdseite mit einer Terrasse, die nicht oft genutzt wird, und unsere geliebte Westseite mit Blick auf den Obstgarten nebenan.<\/p>\n<p>Es war fr\u00fcher eine G\u00e4rtnerei, alte Dachziegel als Eingrenzung der ehemaligen Blumenbeete zeugen davon.<br \/>\nWie habe ich die bunten Dahlien und Zinnien im Sommer und Herbst bewundert, welche die verstorbene Vorbesitzerin jedes Jahr als Knollen fein s\u00e4uberlich in Reihen angeordnet gesetzt hat. Die weinroten Rosen, die an der alten Scheune hochklettern und auch jetzt noch jedes Jahrbis zum Frost wunderbar bl\u00fchen. Die verwitterten Gem\u00e4uer erinnern mich an ein altes Gut, vielleicht eine Weinkellerei mitten in der Provence.<\/p>\n<p>Auf unserer Terrasse im Westen, die vor der K\u00fcche liegt und mit einer wei\u00dfen Markise beschattet werden kann, scheint die Sonne beinahe so lange, wie sie untergeht, da kein Haus die Sicht versperrt. Nur der alte Holunderbusch direkt am Nachbarszaun ist im Laufe der Zeit so gro\u00df geworden, dass er Schatten wirft. Der Blick auf die alten, knorrigen Obstb\u00e4ume entsch\u00e4digt f\u00fcr diese kleine Einschr\u00e4nkung.<\/p>\n<p>Als sich im Sommer dieses Jahres aufgrund eines recht durchl\u00e4ssigen Beziehungsgeflechtes vor allem zu den Nachbarn am Nordzaun\u00a0 abgezeichnet hat, dass die Besitzerin, die nun vier Jahres dr\u00fcben im renovierten Haus gewohnt hat, ein paar Stra\u00dfen weiter bauen m\u00f6chte, wurden mein Mann und ich in unserer Ruhe aufgescheucht.<\/p>\n<p>Wie w\u00fcrde es aussehen, wenn dr\u00fcben der Garten bebaut w\u00e4re, bis nahe an unserem Zaun?<br \/>\nWo w\u00fcrde Geany ihre Streifz\u00fcge machen?<br \/>\nWo w\u00fcrde die Sonne untergehen und vor allen Dingen wann?<\/p>\n<p>Vorsichtig tasteten wir uns vor, setzten Zeichen, es gab unverf\u00e4ngliche Plaudereien quer \u00fcber den Zaun. Kurze Besuche bei uns im Garten folgten, damit die Nachbarin sich auch von unserer Perspektive aus ein Bild machen konnte. Sie war begeistert vom Anblick der Obstb\u00e4ume, die das sommerliche Bild auf geradezu idyllische Weise pr\u00e4gten. Dabei \u00fcberrraschte sie\u00a0 mich immer mit einer kleinen Topfpflanze oder einem Strau\u00df Sonnenblumen als Geste nachbarlichen Respekts.<\/p>\n<p><img loading=\"lazy\" decoding=\"async\" class=\"alignleft size-full wp-image-3170\" src=\"http:\/\/www.rathgeber-balance.de\/bloggen\/wp-content\/uploads\/2017\/07\/Blog-Garten-18.-September-2015-014-Zinnie.jpg\" alt=\"\" width=\"250\" height=\"166\" \/>An dieser Stelle muss ich zugeben, dass ich meine Nachbarin sehr zu sch\u00e4tzen gelernt habe und nicht nur deswegen, weil sie uns eine H\u00e4lfte des Grundst\u00fccks \u00fcberlassen hat. Dabei ist ihr die Trennung sicherlich nicht leicht gefallen, da sie einen Teil ihrer Kindheit dr\u00fcben verbracht hat und sch\u00f6ne Erinnerungen an den alten Garten im Ged\u00e4chtnis tr\u00e4gt.<\/p>\n<p>\u2026<\/p>\n","protected":false},"excerpt":{"rendered":"<p>Um 15 Uhr treffen wir uns am Zaun!<\/p>\n","protected":false},"author":1,"featured_media":0,"comment_status":"open","ping_status":"open","sticky":false,"template":"","format":"standard","meta":{"footnotes":""},"categories":[206],"tags":[],"class_list":["post-3350","post","type-post","status-publish","format-standard","hentry","category-gartenskizzen"],"_links":{"self":[{"href":"https:\/\/www.rathgeber-balance.de\/bloggen\/wp-json\/wp\/v2\/posts\/3350","targetHints":{"allow":["GET"]}}],"collection":[{"href":"https:\/\/www.rathgeber-balance.de\/bloggen\/wp-json\/wp\/v2\/posts"}],"about":[{"href":"https:\/\/www.rathgeber-balance.de\/bloggen\/wp-json\/wp\/v2\/types\/post"}],"author":[{"embeddable":true,"href":"https:\/\/www.rathgeber-balance.de\/bloggen\/wp-json\/wp\/v2\/users\/1"}],"replies":[{"embeddable":true,"href":"https:\/\/www.rathgeber-balance.de\/bloggen\/wp-json\/wp\/v2\/comments?post=3350"}],"version-history":[{"count":8,"href":"https:\/\/www.rathgeber-balance.de\/bloggen\/wp-json\/wp\/v2\/posts\/3350\/revisions"}],"predecessor-version":[{"id":7291,"href":"https:\/\/www.rathgeber-balance.de\/bloggen\/wp-json\/wp\/v2\/posts\/3350\/revisions\/7291"}],"wp:attachment":[{"href":"https:\/\/www.rathgeber-balance.de\/bloggen\/wp-json\/wp\/v2\/media?parent=3350"}],"wp:term":[{"taxonomy":"category","embeddable":true,"href":"https:\/\/www.rathgeber-balance.de\/bloggen\/wp-json\/wp\/v2\/categories?post=3350"},{"taxonomy":"post_tag","embeddable":true,"href":"https:\/\/www.rathgeber-balance.de\/bloggen\/wp-json\/wp\/v2\/tags?post=3350"}],"curies":[{"name":"wp","href":"https:\/\/api.w.org\/{rel}","templated":true}]}}