{"id":3372,"date":"2017-09-02T12:38:26","date_gmt":"2017-09-02T10:38:26","guid":{"rendered":"http:\/\/www.rathgeber-balance.de\/bloggen\/?p=3372"},"modified":"2020-01-25T20:04:52","modified_gmt":"2020-01-25T19:04:52","slug":"visionen","status":"publish","type":"post","link":"https:\/\/www.rathgeber-balance.de\/bloggen\/gartenskizzen\/visionen\/","title":{"rendered":"Visionen"},"content":{"rendered":"<p><img loading=\"lazy\" decoding=\"async\" class=\"alignleft size-full wp-image-3374\" src=\"http:\/\/www.rathgeber-balance.de\/bloggen\/wp-content\/uploads\/2017\/09\/Sonnenhut-und-Jungfer-009.jpg\" alt=\"\" width=\"250\" height=\"166\" \/>\u201eWie sieht es mit Sitzpl\u00e4tzen aus\u201c, forscht Herr Gregori weiter. \u201eHier unter dem Obstbaum geh\u00f6rt eigentlich eine Bank hin, um ein wenig zu sitzen.\u201c<!--more--><br \/>\n\u201eWir sitzen nicht!\u201c, sto\u00dfe ich automatisch und ohne zu denken hervor. \u201eDer Garten dient nur zur Pflege und zur Nutzung.\u201c<\/p>\n<p>\u201eWarten Sie\u2018s ab, irgendwann wollen auch Sie nur noch sitzen!\u201c, l\u00e4chelt Herr Gregor wissend und weidet sich an meinem Blick. \u201eOder Sie wollen mit Ihren Kindern grillen. Reicht denn der Platz hier auf der Terrasse?\u201c<br \/>\n\u201eAber ja\u201c, antworte ich leichthin und betrachte nachdenklich den kleinen Sitzplatz vor der K\u00fcche.<\/p>\n<p>\u201eUnd wenn die Enkelkinder kommen? Dann wird der Platz schon eng\u201c, bemerkt Herr Gregori tadelnd.<br \/>\n\u201eWir haben keine\u2026.\u201c, erkl\u00e4re ich im Brustton der \u00dcberzeugung, doch Herr Gregori winkt nur entschieden ab.<br \/>\n\u201eSie werden es schon sehen!\u201c Sein Tonfall und auch seine Mimik lassen keine weitere Diskussion zu.<\/p>\n<p>Frank und unser j\u00fcngster Sohn Marcel sind bislang sehr angetan von der Idee, dr\u00fcben im Garten einen kleinen, stimmungsvollen Grillplatz einzurichten. Mit ein paar schlichten Gartenst\u00fchlen \u00e4hnlich wie im Biergarten unter schattigen Kastanienb\u00e4umen\u00a0 mit ausladenden Kronen, deren \u00c4ste ein heimeliges Bl\u00e4tterdach bilden.<br \/>\nKastanienb\u00e4ume gibt es hier nicht, aber Obstb\u00e4ume, denn es ist ein Obstgarten und das soll auch so bleiben.<\/p>\n<p>Wo die k\u00fcnftigen Kr\u00e4uter- und Apothekerbeete angelegt werden w\u00fcrden, ist eigentlich klar.<br \/>\nAm Zaun, der im kommenden Fr\u00fchjahr neu errichtet werden muss, nachdem die beiden Grundst\u00fccke getrennt sind.<br \/>\nHier ist es auch am sonnigsten und die energiebringenden Strahlen w\u00fcrden erst sp\u00e4t am Abend ihre Wirkung verlieren.<br \/>\nAu\u00dferdem k\u00f6nnte ich all die zahllosen Stockrosen setzen, die ich bereits aus Samen vorgezogen habe. Ganz deutlich sehe ich Dahlien am Zaun bl\u00fchen, die einen nat\u00fcrlichen Halt f\u00fcr ihre dicken, spr\u00f6den St\u00e4ngel finden, da sie nur allzu leicht umknicken.<\/p>\n<p>\u201eWie sieht es mit Wasser aus?\u201c, unterbricht Herr Gregori meine Tr\u00e4umereien und ich f\u00fchle mich aufgrund des abrupten Wechsels augenblicklich belebt.<br \/>\nGrunds\u00e4tzlich habe ich den Gedanken daran strikt verboten, noch eine kleine Wasserstelle einzurichten, da unsere beiden Becken genug Arbeit sind, um sie von Laub zu befreien und den kleinen Grasfr\u00f6schen ein behagliches Leben zu bieten in klarem, frischem Wasser.<br \/>\nAu\u00dferdem, wer wei\u00df schon, wann dr\u00fcben wieder gebaut wird und all die Herrlichkeit vernichtet werden m\u00fcsste. In sieben Jahren vielleicht\u2026?<\/p>\n<p>\u201eEin kleiner T\u00fcmpel w\u00fcrde schon ganz gut passen\u201c, konstatiert Herr Gregori, unbewusst beeinflussend, was sicherlich nicht beabsichtigt ist. \u201eMit ein paar\u00a0 Goldfischen und mit wenig finanziellem Aufwand.\u201c<\/p>\n<p><img loading=\"lazy\" decoding=\"async\" class=\"alignleft size-full wp-image-3378\" src=\"http:\/\/www.rathgeber-balance.de\/bloggen\/wp-content\/uploads\/2017\/09\/Brunnen.jpg\" alt=\"\" width=\"250\" height=\"166\" \/>Die Vorstellung klingt zu verlockend, auch wenn ich mich kaum traue, diesen bezaubernden Traum weiterzuspinnen.<br \/>\nEin Brunnen mit einem nostalgisch anmutenden Granitbecken, um kostbares Nass nach oben zu pumpen und aufzufangen, damit das Gem\u00fcse im M\u00f6nchsgarten \u00fcppig gedeihen k\u00f6nnte.<\/p>\n<p>Wer w\u00fcrde das\u00a0 alles verzehren, frage ich mich ein wenig unbehaglich. Wir Drei, wovon Zwei all die frischen Vitamine gar nicht m\u00f6gen? Augenblicklich schiebe ich den Gedanken beiseite, nachdem mich eine Schnecke fl\u00fcchtig gestreift hat.<br \/>\nDieser Brunnen w\u00e4re auch der zentrale Mittelpunkt, von dem die Kr\u00e4uterbeete sternf\u00f6rmig angeordnet nach allen Richtungen auslaufen w\u00fcrden. Ich kann den Duft f\u00f6rmlich wahrnehmen, welche die Kr\u00e4uter verstr\u00f6men, sehe das kleine Tischchen vor mir, auf dem ich meine Ernte abgelegt habe, um sp\u00e4ter in der \u201eGarten- und Naturk\u00fcche\u201c Kr\u00e4uter\u00f6l\u00a0 oder bek\u00f6mmlichen Essig anzusetzen oder mit Lavendelrispen ein duftendes Bl\u00fctenwasser im Espressok\u00e4nnchen aufzukochen.<\/p>\n<p>\u201eEs bleiben zwei G\u00e4rten\u201c, unterbricht Herr Gregori meine Gedanken und ich sp\u00fcre den kalten Wind wieder umso mehr. Es wird duster.<br \/>\n\u201eHier machen wir den Garten auf, ein Teil der Pflanzen kann am Rand stehen bleiben, der Rest wird verpflanzt.\u201c Herr Gregori hat beide Arme ganz weit nach au\u00dfen gespannt, um den Umfang der Weite zu demonstrieren.<\/p>\n<p>Ein wenig fr\u00f6stelnd bahnen wir Drei uns einen Weg zur\u00fcck zur K\u00fcche.<br \/>\n\u201eWas ist mit der japanischen Zierkirsche hier\u201c, fragt Frank unvermittelt und deutet auf die \u00fcberirdischen Wurzeln, die dicke Geschw\u00fclste im Rasen gebildet haben. \u201cSteht der Baum nicht im Weg noch dazu so dicht am Haus?\u201c<br \/>\n\u201eDoch, den w\u00fcrde ich rausnehmen und einen neuen pflanzen\u201c, pflichtet Herr Gregori ein wenig emotionslos bei. \u201eEr versperrt doch nur den sch\u00f6nen Blick nach dr\u00fcben. Oder h\u00e4ngen Sie sehr an ihm?\u201c, fragt er mit einem kurzen Seitenblick auf mich und meine verr\u00e4terische Miene.<\/p>\n<p><img loading=\"lazy\" decoding=\"async\" class=\"alignleft size-full wp-image-3380\" src=\"http:\/\/www.rathgeber-balance.de\/bloggen\/wp-content\/uploads\/2017\/09\/Zierkirsche-und-Geany-003neuk.jpg\" alt=\"\" width=\"250\" height=\"166\" \/>\u201eJa schon, ich liebe diesen Baum, weil er auch wunderbaren Schatten spendet, wenn wieder ein so hei\u00dfer Jahrhundertsommer kommt, au\u00dferdem klettert Geany gerne hinauf\u2026\u201c, antworte ich monoton leiernd, doch meine Stimme verliert sich in murmelnden Lauten, um dann ganz zu ersterben. Was soll ich gegen geballte Logik aufbringen. Ein B\u00fcndel an l\u00e4cherlichen Emotionen etwa?<\/p>\n<p>Herr Gregori verabschiedet sich. Ich sp\u00fcre seine Hand, die eiskalt geworden ist, lasse meinen Blick \u00fcber die Jacke gleiten, die f\u00fcr die Jahreszeit viel zu d\u00fcnn ist.<br \/>\n\u201eIch werde\u00a0 mir ein paar Gedanken machen und rufe Sie dann wieder an\u201c, meint er abschie\u00dfend. \u201eHaben Sie noch einen Plan vom Garten damals?\u201c<br \/>\nWir vereinbaren,\u00a0 die\u00a0 Aufzeichnungen zu schicken und erkl\u00e4ren ihm den schnellsten Weg nach Hause zur\u00fcck.<\/p>\n<p>&#8230;<\/p>\n<p>&nbsp;<\/p>\n<p><strong>\u00a0<\/strong><\/p>\n","protected":false},"excerpt":{"rendered":"<p>\u201eWie sieht es mit Sitzpl\u00e4tzen aus\u201c, forscht Herr Gregori weiter. \u201eHier unter dem Obstbaum geh\u00f6rt eigentlich eine Bank hin, um ein wenig zu sitzen.\u201c<\/p>\n","protected":false},"author":1,"featured_media":0,"comment_status":"open","ping_status":"open","sticky":false,"template":"","format":"standard","meta":{"footnotes":""},"categories":[206],"tags":[],"class_list":["post-3372","post","type-post","status-publish","format-standard","hentry","category-gartenskizzen"],"_links":{"self":[{"href":"https:\/\/www.rathgeber-balance.de\/bloggen\/wp-json\/wp\/v2\/posts\/3372","targetHints":{"allow":["GET"]}}],"collection":[{"href":"https:\/\/www.rathgeber-balance.de\/bloggen\/wp-json\/wp\/v2\/posts"}],"about":[{"href":"https:\/\/www.rathgeber-balance.de\/bloggen\/wp-json\/wp\/v2\/types\/post"}],"author":[{"embeddable":true,"href":"https:\/\/www.rathgeber-balance.de\/bloggen\/wp-json\/wp\/v2\/users\/1"}],"replies":[{"embeddable":true,"href":"https:\/\/www.rathgeber-balance.de\/bloggen\/wp-json\/wp\/v2\/comments?post=3372"}],"version-history":[{"count":26,"href":"https:\/\/www.rathgeber-balance.de\/bloggen\/wp-json\/wp\/v2\/posts\/3372\/revisions"}],"predecessor-version":[{"id":7378,"href":"https:\/\/www.rathgeber-balance.de\/bloggen\/wp-json\/wp\/v2\/posts\/3372\/revisions\/7378"}],"wp:attachment":[{"href":"https:\/\/www.rathgeber-balance.de\/bloggen\/wp-json\/wp\/v2\/media?parent=3372"}],"wp:term":[{"taxonomy":"category","embeddable":true,"href":"https:\/\/www.rathgeber-balance.de\/bloggen\/wp-json\/wp\/v2\/categories?post=3372"},{"taxonomy":"post_tag","embeddable":true,"href":"https:\/\/www.rathgeber-balance.de\/bloggen\/wp-json\/wp\/v2\/tags?post=3372"}],"curies":[{"name":"wp","href":"https:\/\/api.w.org\/{rel}","templated":true}]}}