{"id":3402,"date":"2017-09-04T09:21:12","date_gmt":"2017-09-04T07:21:12","guid":{"rendered":"http:\/\/www.rathgeber-balance.de\/bloggen\/?p=3402"},"modified":"2020-01-25T13:18:17","modified_gmt":"2020-01-25T12:18:17","slug":"jahreswechsel","status":"publish","type":"post","link":"https:\/\/www.rathgeber-balance.de\/bloggen\/gartenskizzen\/jahreswechsel\/","title":{"rendered":"Jahreswechsel"},"content":{"rendered":"<p><img loading=\"lazy\" decoding=\"async\" class=\"alignleft size-full wp-image-797\" src=\"http:\/\/www.rathgeber-balance.de\/bloggen\/wp-content\/uploads\/2015\/01\/Schnee-2014.jpg\" alt=\"Obstgarten\" width=\"250\" height=\"166\" \/>Das neue Jahr hat begonnen. Der Jahreswechsel ist so sch\u00f6n wie seit langem nicht, da alles tief verschneit ist.\u00a0<!--more--> Zu Siebt stehen wir um Mitternacht eine ganze Stunde lang vor unserem Haus auf der Stra\u00dfe, um den Nachbarn ringsum Gl\u00fcck zu w\u00fcnschen. Das Gl\u00fcck ist regelrecht anwesend, der Himmel erhellt von bunten Lichts\u00e4ulen, die in den verschiedensten\u00a0 Farben erstrahlen, die Landschaft verkl\u00e4rt durch den Schneeglanz.<br \/>\nWie friedlich und unber\u00fchrt sieht es am Neujahrsmorgen dr\u00fcben im Garten aus. Eine makellose Schneedecke hat den Boden verh\u00fcllt, durchbrochen von den Obstb\u00e4umchen, die auf schlanken St\u00e4mmen mit dick eingepuderten Wipfeln\u00a0 herausragen.<\/p>\n<p>Mein Entschluss festigt sich und ich hoffe auch standhalten zu k\u00f6nnen, m\u00f6glichst viele der alten B\u00e4ume zu erhalten. Der Schnee ist so schwer, dass ein knorriger Stamm eines B\u00e4umchens in zwei H\u00e4lften gespalten worden ist und quer am Boden liegt.<br \/>\nGeany balanciert grazi\u00f6s wie auf einem Schwebebalken und wirft mir einen triumphierenden\u00a0 Blick zu.<\/p>\n<p>Ein naturbelassenes Fleckchen Erde soll es bleiben,\u00a0 mit Kr\u00e4uterbeeten, durch Findlinge und Kieselsteine voneinander getrennt. Mit Beerenstr\u00e4uchern und Wildrosen, vielleicht einer seltenen Zistrose oder historischen Duftrosen. Vielleicht\u00a0 mit einem Quittenb\u00e4umchen, da das Gelee so gut gelungen ist? Der Wunsch nach einer kleinen Destille aus Kupfer dr\u00e4ngt sich auf, um Hydrolate aus Rosen, Lavendel oder M\u00e4des\u00fc\u00df selbst herstellen zu k\u00f6nnen als Grundlage f\u00fcr meine Naturkosmetik.<br \/>\nDer Garten nimmt immer mehr an Gestalt an, wobei alles und nichts m\u00f6glich ist, was beruhigend und spannend zugleich ist in seiner Ungewissheit.<\/p>\n<p>Ist dies ein Omen? Der orkanartige Wind der vergangenen Tage hat das h\u00fcbsche Windspiel, eine Urlaubserinnerung an Amerika von indianischen Ureinwohnern, das Gl\u00fcck bringen soll, vom Zierkirschenbaum geweht. Ein wenig wehm\u00fctig habe ich das filigrane Gebilde aus Metall in den Schuppen gelegt. Lohnt es sich \u00fcberhaupt noch, es an seinen urspr\u00fcnglichen Platz aufzuh\u00e4ngen, wo es bereits am fr\u00fchen Morgen beim Blick durch das K\u00fcchenfenster gefunkelt hat?<\/p>\n<p><img loading=\"lazy\" decoding=\"async\" class=\"alignleft size-full wp-image-4506\" src=\"http:\/\/www.rathgeber-balance.de\/bloggen\/wp-content\/uploads\/2017\/09\/Heckenbeeren-FrostNeujahr-2015-019be.jpg\" alt=\"\" width=\"250\" height=\"166\" \/>Viel Zeit ist seitdem vergangen. Eine Menge hat sich naturgem\u00e4\u00df ver\u00e4ndert.<br \/>\nFr\u00fch morgens leuchtet schon mein kleines Kr\u00e4uteraromal\u00e4mpchen mit einem Teelicht beheizt am K\u00fcchenfenstersims und eine geschwungene Schwelspur t\u00e4nzelt nach oben.<br \/>\nDer Winter hat sich heuer von seiner besten Seite gezeigt.<br \/>\nWochenlang hat er eine dicke Schneedecke ausgebreitet, so dass die Pflanzen gut gesch\u00fctzt vor frostigen Temperaturen waren. In schattigen Ecken hat sich bis Anfang M\u00e4rz ein Rest Schnee gehalten. Alle Arbeiten im Garten haben geruht und so konnte Wichtiges erledigt und Neues vorbereitet werden.<br \/>\nDer neue Garten dr\u00fcben liegt in weiterer Ferne, das klaffende Loch im Zaun mahnt dennoch demonstrativ, wann immer der Blick darauf f\u00e4llt.<\/p>\n<p>Dann, im noch ganz jungen Monat M\u00e4rz, als auch das letzte Schneeh\u00e4ufchen an der schattigen Nordseite geschmolzen ist, ist es pl\u00f6tzlich soweit. Die Gartensaison wird ein wenig hastig eingel\u00e4utet. Der erste Sack Erde steht bereit, die \u00fcberwinterten Pelargonien ziehen in gr\u00f6\u00dfere T\u00f6pfe um. S\u00e4mtliche Reisigzweige werden aus den Pflanzschalen und von den Beeten genommen. Einige Hornveilchen, teils noch vom letzten Herbst, die sich beinahe in der frischen Erdschicht verlieren, ersetzen die d\u00fcrren Zweige durch fr\u00f6hliche Farbtupfer.<\/p>\n<p>Nun kann ich es kaum mehr erwarten und rufe Herrn Gregoris Nummer am Bildschirm ab.<br \/>\n<img loading=\"lazy\" decoding=\"async\" class=\"alignleft size-full wp-image-1952\" src=\"http:\/\/www.rathgeber-balance.de\/bloggen\/wp-content\/uploads\/2016\/02\/S\u00fcdriedhofKrokussansammlung.jpg\" alt=\"Vorfr\u00fchling\" width=\"250\" height=\"166\" \/>\u201eJaaa, wann h\u00e4tten Sie denn Zeit?\u201c, fragt er gedehnt und ohne lange Umschweife und mir wird klar, dass seit dem letzten Termin im November nicht allzu viel passiert sein wird. Es eilt ja auch nicht, wie wir ihm immer wieder versichert haben.<\/p>\n<p>\u201eIch muss erst nochmal alles abschreiten und genau sehen, wo welcher Baum steht\u201c, erkl\u00e4rt Herr Gregori, \u201eund dann kann ich den Plan richtig zeichnen.\u201c<br \/>\nWir vereinbaren einen Termin ein paar Tage sp\u00e4ter.<\/p>\n<p>&#8230;<\/p>\n","protected":false},"excerpt":{"rendered":"<p>Das neue Jahr hat begonnen. Der Jahreswechsel ist so sch\u00f6n wie seit langem nicht, da alles tief verschneit ist.\u00a0<\/p>\n","protected":false},"author":1,"featured_media":0,"comment_status":"open","ping_status":"open","sticky":false,"template":"","format":"standard","meta":{"footnotes":""},"categories":[206],"tags":[],"class_list":["post-3402","post","type-post","status-publish","format-standard","hentry","category-gartenskizzen"],"_links":{"self":[{"href":"https:\/\/www.rathgeber-balance.de\/bloggen\/wp-json\/wp\/v2\/posts\/3402","targetHints":{"allow":["GET"]}}],"collection":[{"href":"https:\/\/www.rathgeber-balance.de\/bloggen\/wp-json\/wp\/v2\/posts"}],"about":[{"href":"https:\/\/www.rathgeber-balance.de\/bloggen\/wp-json\/wp\/v2\/types\/post"}],"author":[{"embeddable":true,"href":"https:\/\/www.rathgeber-balance.de\/bloggen\/wp-json\/wp\/v2\/users\/1"}],"replies":[{"embeddable":true,"href":"https:\/\/www.rathgeber-balance.de\/bloggen\/wp-json\/wp\/v2\/comments?post=3402"}],"version-history":[{"count":30,"href":"https:\/\/www.rathgeber-balance.de\/bloggen\/wp-json\/wp\/v2\/posts\/3402\/revisions"}],"predecessor-version":[{"id":7326,"href":"https:\/\/www.rathgeber-balance.de\/bloggen\/wp-json\/wp\/v2\/posts\/3402\/revisions\/7326"}],"wp:attachment":[{"href":"https:\/\/www.rathgeber-balance.de\/bloggen\/wp-json\/wp\/v2\/media?parent=3402"}],"wp:term":[{"taxonomy":"category","embeddable":true,"href":"https:\/\/www.rathgeber-balance.de\/bloggen\/wp-json\/wp\/v2\/categories?post=3402"},{"taxonomy":"post_tag","embeddable":true,"href":"https:\/\/www.rathgeber-balance.de\/bloggen\/wp-json\/wp\/v2\/tags?post=3402"}],"curies":[{"name":"wp","href":"https:\/\/api.w.org\/{rel}","templated":true}]}}