{"id":3414,"date":"2017-09-10T12:01:45","date_gmt":"2017-09-10T10:01:45","guid":{"rendered":"http:\/\/www.rathgeber-balance.de\/bloggen\/?p=3414"},"modified":"2020-01-25T13:24:46","modified_gmt":"2020-01-25T12:24:46","slug":"bestandsaufnahme","status":"publish","type":"post","link":"https:\/\/www.rathgeber-balance.de\/bloggen\/gartenskizzen\/bestandsaufnahme\/","title":{"rendered":"Bestandsaufnahme"},"content":{"rendered":"<p><img loading=\"lazy\" decoding=\"async\" class=\"alignleft size-full wp-image-3418\" src=\"http:\/\/www.rathgeber-balance.de\/bloggen\/wp-content\/uploads\/2017\/09\/Erdbeerbowle-015.jpg\" alt=\"\" width=\"250\" height=\"166\" \/>Es ist wieder kalt und geht schon auf Abend zu.<!--more--><br \/>\nM\u00e4rz ist vom Klima her \u00e4hnlich geartet wie September im Sp\u00e4tsommer.<br \/>\nAm Tage klettern die Temperaturen in angenehme H\u00f6hen, am fr\u00fchen Abend wird es empfindlich k\u00fchl. Dann ist auch die \u201eblaue Stunde\u201c gut wahrnehmbar. Diese kennzeichnet eine Zeitspanne in der D\u00e4mmerung (und auch morgens vor Sonnenaufgang), wenn das Licht nach und nach abnimmt, der Himmel sich mitunter bl\u00e4ulich f\u00e4rbt, um schlie\u00dflich in Finsternis \u00fcberzugehen. Meist ist es keine ganze Stunde. Es z\u00e4hlt f\u00fcr mich als Luxus, diese stimmungsvollen Momente einzufangen.<\/p>\n<p>Herr Gregori l\u00e4utet und ich greife rasch nach meiner warmen Jacke. Wir gehen ums Haus und er tastet den Garten mit pr\u00fcfendem Blick ab. Das kleine Teichbecken ist halb mit Regenwasser bef\u00fcllt, ein wenig Laub und Birkenzweige vom letzten Sturm liegen am Grund.<br \/>\n\u201eIch benutze das Wasser zum Gie\u00dfen der Beete\u201c,\u00a0 beeile ich mich zu erkl\u00e4ren, \u201eaber bis jetzt war es noch zu kalt, um alles auszusch\u00f6pfen.\u201c<br \/>\n\u201eEs sieht doch sch\u00f6n aus\u201c, beruhigt er mich und wir gehen weiter.<\/p>\n<p>Frank ist hinzugekommen und wir bahnen uns einen Weg nach \u201edr\u00fcben\u201c.<br \/>\nDas unterschiedliche Niveau der beiden G\u00e4rten macht sich bemerkbar, Frank bleibt mit seinem Jacken\u00e4rmel an den dornigen \u00c4sten einer Rose h\u00e4ngen, Herr Gregori strauchelt kurz und federt geschickt auf dem weichen Moosteppich ab.<\/p>\n<p>Wir sehen alle B\u00e4ume ganz genau an, Herr Gregori bricht kleine Triebe ab und reibt sie pr\u00fcfend zwischen zwei Fingern. Der alte Apfelbaum, der leider \u00fcber und \u00fcber mit Flechten bewachsen ist, zeigt wenig Leben.<br \/>\n\u201eObstb\u00e4ume werden nicht so alt\u201c, konstatiert er n\u00fcchtern.<\/p>\n<p><img loading=\"lazy\" decoding=\"async\" class=\"alignleft size-full wp-image-4484\" src=\"http:\/\/www.rathgeber-balance.de\/bloggen\/wp-content\/uploads\/2017\/09\/Blogkleiner-Obstbaumneu.jpg\" alt=\"\" width=\"150\" height=\"224\" \/>Die beiden \u00fcber und \u00fcber mit Efeu bewachsenen Zwetschgenb\u00e4ume sehen besser aus, der ausladende Haselstrauch, dicht mit maisgelben Puderquasten behangen, repr\u00e4sentiert den Fr\u00fchling schlechthin. Herr Gregori nimmt die riesigen Fliederb\u00fcsche in seiner Liste auf,\u00a0 den Essigbaum mit seinen \u00fcberaus morschen \u00c4sten, und markiert zwei kleine Birnb\u00e4ume.<br \/>\nDer Essigbaum wird nicht mehr zu retten sein, der restliche Bestand wird von kletterndem Efeu befreit und anschlie\u00dfend kr\u00e4ftig ausgeschnitten werden.<br \/>\n\u201eBeim Flieder warten wir noch mit dem Stutzen\u201c, \u00fcberlegt Herr Gregori nachdenklich.\u00a0 \u201eErst nach der Bl\u00fcte. Bis dahin schneiden Sie ruhig f\u00fcr die Vase und bringen ein paar Zweige mit, wenn Sie ausgehen.\u201c<br \/>\nFrank und ich tauschen einen heimlichen Blick aus.<br \/>\n\u201eSie gehen doch aus?\u201c, forscht Herr Gregori in pr\u00fcfendem Ton und verliert sogleich wieder das Interesse.<\/p>\n<p>Ich sehe all die bl\u00fchenden Fliederb\u00fcsche zwischen Obstb\u00e4umen, die sich in Schale geworfen haben, was pr\u00e4chtig aussehen wird im Fr\u00fchjahr. Ringsum werden B\u00fcsche gesetzt, der morsche Zaun bleibt eine Baustelle f\u00fcr sp\u00e4ter.<br \/>\nDie verwitterten Umrandungen aus Stein, welche die Beete der ehemaligen G\u00e4rtnerei kennzeichnen, m\u00fcssen weg, daf\u00fcr brauchen wir einen kleinen Bagger. Unser Zaun wird abgerissen, das Niveau angeglichen, all unsere Bauern- und Rispenhortensien, Strauch- und Heckenrosen werden ringsum versetzt. Ein paar L\u00fccken werden wohl bleiben, wenn ich mir die Fl\u00e4che so betrachte.<\/p>\n<p>\u201eAber Sie denken schon auch an meine Klosterbeete?\u201c erinnere ich Herrn Gregori behutsam und er kann mich beruhigen.<br \/>\n\u201eDaf\u00fcr sch\u00fctten wir dann extra feine Erde auf, damit alles gut w\u00e4chst.\u201c<br \/>\n\u201eUnd wie sieht es mit einem T\u00fcmpel aus?\u201c, mein Blick gleitet unwillk\u00fcrlich zu der Stelle, an der der altersschwache Apfelbaum steht, obwohl ich wei\u00df, dass wir mit unseren beiden Teichbecken bereits eine Menge Arbeit haben.<br \/>\n\u201eEin Teich funktioniert ja anders\u201c, erkl\u00e4rt Herr Gregori und holt etwas aus. \u201eEr hat eine Folie und regeneriert sich von selbst mit einer Umw\u00e4lzpumpe, einer kleinen Wassertreppe\u00a0 und den entsprechenden Pflanzen. Es schwimmen Seerosen, Fische fressen M\u00fcckenlarven und vielleicht quaken auch ein paar Fr\u00f6sche.&#8220; Sein Gesicht ist v\u00f6llig entspannt. Er geht einige Schritte weiter und deutet auf einen unbestimmten Punkt etwas entfernt. &#8222;Hier k\u00e4me vielleicht ein kleiner Sitzplatz hin, damit gem\u00fctlich beim Grillen gesessen werden kann.\u201c Er scheint zufrieden.<\/p>\n<p>Wir Drei sind uns einig geworden und Herr Gregori wirft abschlie\u00dfend noch einen pr\u00fcfenden Blick auf die Zierkirsche vor unserem Haus, die schon schwellende Knospen tr\u00e4gt.<br \/>\n\u201eDie bleibt\u201c, h\u00f6re ich ihn zu meinem Entz\u00fccken knapp sagen, \u201eauch wenn wir letztes Mal etwas anderes besprochen haben. Die k\u00f6nnen Sie immer noch rausnehmen und sp\u00e4ter ein paar Meter weiter eine kleinere Ausgabe setzen, wenn \u201edr\u00fcben im Garten\u201c gebaut werden soll.\u201c<\/p>\n<p><img loading=\"lazy\" decoding=\"async\" class=\"alignleft size-full wp-image-4619\" src=\"http:\/\/www.rathgeber-balance.de\/bloggen\/wp-content\/uploads\/2017\/09\/SeerosenHydrolate-016h650be.jpg\" alt=\"\" width=\"250\" height=\"166\" \/>Wir verabschieden uns, mein Blick haftet sich unwillk\u00fcrlich auf das Mobile, das im Regal des offenen Schuppens kurz aufblinkt. Ich kann es wieder aufh\u00e4ngen, es darf weiterhin Gl\u00fcck bringen.<\/p>\n<p>&#8230;<\/p>\n","protected":false},"excerpt":{"rendered":"<p>Es ist wieder kalt und geht schon auf Abend zu.<\/p>\n","protected":false},"author":1,"featured_media":0,"comment_status":"open","ping_status":"open","sticky":false,"template":"","format":"standard","meta":{"footnotes":""},"categories":[206],"tags":[],"class_list":["post-3414","post","type-post","status-publish","format-standard","hentry","category-gartenskizzen"],"_links":{"self":[{"href":"https:\/\/www.rathgeber-balance.de\/bloggen\/wp-json\/wp\/v2\/posts\/3414","targetHints":{"allow":["GET"]}}],"collection":[{"href":"https:\/\/www.rathgeber-balance.de\/bloggen\/wp-json\/wp\/v2\/posts"}],"about":[{"href":"https:\/\/www.rathgeber-balance.de\/bloggen\/wp-json\/wp\/v2\/types\/post"}],"author":[{"embeddable":true,"href":"https:\/\/www.rathgeber-balance.de\/bloggen\/wp-json\/wp\/v2\/users\/1"}],"replies":[{"embeddable":true,"href":"https:\/\/www.rathgeber-balance.de\/bloggen\/wp-json\/wp\/v2\/comments?post=3414"}],"version-history":[{"count":41,"href":"https:\/\/www.rathgeber-balance.de\/bloggen\/wp-json\/wp\/v2\/posts\/3414\/revisions"}],"predecessor-version":[{"id":7327,"href":"https:\/\/www.rathgeber-balance.de\/bloggen\/wp-json\/wp\/v2\/posts\/3414\/revisions\/7327"}],"wp:attachment":[{"href":"https:\/\/www.rathgeber-balance.de\/bloggen\/wp-json\/wp\/v2\/media?parent=3414"}],"wp:term":[{"taxonomy":"category","embeddable":true,"href":"https:\/\/www.rathgeber-balance.de\/bloggen\/wp-json\/wp\/v2\/categories?post=3414"},{"taxonomy":"post_tag","embeddable":true,"href":"https:\/\/www.rathgeber-balance.de\/bloggen\/wp-json\/wp\/v2\/tags?post=3414"}],"curies":[{"name":"wp","href":"https:\/\/api.w.org\/{rel}","templated":true}]}}