{"id":3497,"date":"2017-09-16T11:45:31","date_gmt":"2017-09-16T09:45:31","guid":{"rendered":"http:\/\/www.rathgeber-balance.de\/bloggen\/?p=3497"},"modified":"2020-01-25T13:35:31","modified_gmt":"2020-01-25T12:35:31","slug":"lichtungen","status":"publish","type":"post","link":"https:\/\/www.rathgeber-balance.de\/bloggen\/gartenskizzen\/lichtungen\/","title":{"rendered":"Lichtungen"},"content":{"rendered":"<p><img loading=\"lazy\" decoding=\"async\" class=\"alignleft size-full wp-image-3514\" src=\"http:\/\/www.rathgeber-balance.de\/bloggen\/wp-content\/uploads\/2017\/09\/P1010545Gartenbuch-Holzneu.jpg\" alt=\"\" width=\"250\" height=\"167\" \/>F\u00fcr die Woche nach Ostern ist geplant, dr\u00fcben im Garten jene B\u00e4ume zu f\u00e4llen,\u00a0 die abgestorben sind, und den \u00fcbrigen Bestand kr\u00e4ftig auszulichten.<\/p>\n<p><!--more-->Eine Menge Kleinholz wird anfallen, das als Brennholz genutzt werden kann.<br \/>\nEine gr\u00f6\u00dfere Aktion wird es werden, den alten Zaun, der die beiden G\u00e4rten bislang voneinander getrennt hat, das darunterliegende kleine M\u00e4uerchen und die Zauns\u00e4ulen abzubauen. Dabei werden Teile des alten M\u00e4uerchens gleich als Fundament f\u00fcr das zuk\u00fcnftige Gartenhaus dienen. Der erst am Ende der\u00a0 Bauma\u00dfnahmen neu errichtete Zaun zum Nachbarshaus hin wird zun\u00e4chst mit all unseren vorhandenen Beerenstr\u00e4uchern, der h\u00fcbschen Apfelbeere, den ausladenden Rispenhortensien und den Heckenrosen bepflanzt werden.<\/p>\n<p><img loading=\"lazy\" decoding=\"async\" class=\"alignleft size-full wp-image-3501\" src=\"http:\/\/www.rathgeber-balance.de\/bloggen\/wp-content\/uploads\/2017\/09\/Blumenwiese-007neu250.jpg\" alt=\"\" width=\"250\" height=\"166\" \/>Ganz deutlich sehe ich eine Wildblumenwiese, die nur zwei Mal im Jahr gem\u00e4ht wird und bereits im Fr\u00fchling eine bunte Vielfalt erzeugt durch verwilderte Tulpen, Schl\u00fcsselblumen und Wiesensalbei.<\/p>\n<p>Einen genauen Gartenplan gibt es noch nicht, Herr Gregori m\u00f6chte sich Gedanken machen, wenn er ein paar Tage in Italien verbringen wird. Er hat sich in einem ehemaligen Weingut eingemietet und ist f\u00fcr die Umbauma\u00dfnahmen von Garten und Au\u00dfenanlagen zust\u00e4ndig. Auch ein gro\u00dfer Naturteich geh\u00f6rt zu seinem Ressort. Herr Gregori versteht die Kunst des Lebens, wie ich finde.<\/p>\n<p>Unser Architekt ruft aus Italien an, um uns mittzuteilen, dass es nach Ostern losgehen wird. Was wir zu dem Zeitpunkt noch nicht wissen k\u00f6nnen ist die Tatsache, dass ein Orkantief die Pl\u00e4ne durchkreuzen wird.<\/p>\n<p>Er hat ganz sch\u00f6n gew\u00fctet, der Sturm, und uns etwas Arbeit abgenommen. Der alte, morsche Essigbaum, der eh gef\u00e4llt werden sollte, liegt entwurzelt auf dem Boden. Unter den gro\u00dfen Fichten h\u00e4ufen sich Zweige und Unmengen von Zapfen.<\/p>\n<p>Der Gartenbauer ruft an und verschiebt kurzerhand den Termin, da er dicke, schwere \u00c4ste von D\u00e4chern holen und die entwurzelten B\u00e4ume zu Kleinholz s\u00e4gen muss.<br \/>\nNatur ist nicht zu berechnen.<\/p>\n<p>Gr\u00f6\u00dferes Kopfzerbrechen bereitet der neue Zaun.<br \/>\n\u201eWir machen einen Maschendrahtzaun\u201c, hat Herr Gregori rigoros bestimmt. \u201eDer\u00a0 kostet nicht viel und ist schnell errichtet. Au\u00dferdem wird er eh berankt.\u201c<br \/>\nLangsam habe ich mich an die Aussicht gew\u00f6hnt, einen Maschendrahtzaun als Grenze zu haben. Der Gedanke gef\u00e4llt mir, das Leichte und Lichte zu betonen. Keine starren Grenzen zu setzen, die alles so abgeriegelt erscheinen lassen.<\/p>\n<p>Die Frage des Rasenm\u00e4hers wird er\u00f6rtert. Auch ob die wunderbare Moosfl\u00e4che erhalten bleiben wird, auf der jeder Schritt federt, oder ob alles umgraben werden muss, nachdem der kleine Bagger Furchen und Rillen hinterlassen hat.<\/p>\n<p><img loading=\"lazy\" decoding=\"async\" class=\"alignleft size-full wp-image-3518\" src=\"http:\/\/www.rathgeber-balance.de\/bloggen\/wp-content\/uploads\/2017\/09\/Rondell-KBbe.jpg\" alt=\"\" width=\"250\" height=\"166\" \/>So richtig vorstellen k\u00f6nnen wir uns nicht, wie der Garten als Ganzes aussehen wird. Wir tr\u00e4umen von einem Sitzplatz dr\u00fcben im Garten, vielleicht mit einem wei\u00dfen Sonnenschirm beschattet, der ein weiches Licht wirft.\u00a0 Sehen einen Flecken Terrasse vor uns, auf der ein wetterfester Tisch und St\u00fchle Platz finden, mit schlichten Pflastersteinen befestigt, zwischen denen Gras als Fuge w\u00e4chst.<\/p>\n<p>Ein paar Mal am Tag statte ich meinen B\u00e4umen einen Besuch ab, um zu sehen, ob sich Leben regt. Der alte Apfelbaum ist \u00fcber und \u00fcber mit Flechten bewachsen, vor allem auf der Wetterseite.<br \/>\nIch habe gro\u00dfe Bedenken, dass der urspr\u00fcngliche Charme verloren geht, wenn zu viele B\u00e4ume gef\u00e4llt werden m\u00fcssten.<br \/>\nAn den Spitzen der knorrigen \u00c4ste zeigen sich Knospen, die jedoch br\u00f6seln, wenn ich sie zwischen den Fingern reibe.<br \/>\nDie Zeit arbeitet f\u00fcr mich und die B\u00e4umchen. Je sp\u00e4ter mit der Gartengestaltung begonnen werden wird, desto besser l\u00e4sst sich erkennen, ob die Pflanzen austreiben und somit zu retten sind.<\/p>\n<p>Das Hoffen und daran Glauben hat sich gelohnt. Die B\u00e4umchen treiben doch tats\u00e4chlich aus. Der Regen hat kr\u00e4ftig mitgeholfen, die Temperaturen sind weit nach oben geklettert. Es ist fr\u00fchlingshaft warm.<\/p>\n<p><img loading=\"lazy\" decoding=\"async\" class=\"alignleft size-full wp-image-1231\" src=\"http:\/\/www.rathgeber-balance.de\/bloggen\/wp-content\/uploads\/2015\/04\/Dr\u00fcben-im-Garten-029.jpg\" alt=\"Natur\" width=\"250\" height=\"166\" \/>Zum vereinbarten Termin sind die Gartenbauer zu Dritt gekommen.<br \/>\nEs ist eine Menge zu tun, um den alten Bestand zun\u00e4chst auszulichten und kr\u00e4ftig zu verj\u00fcngen.<br \/>\nEiner der Gartenbauer schwingt sich beh\u00e4nde wie Tarzan bis hoch in die Wipfel, um das Ge\u00e4st auszuschneiden und den Efeu, der sich mit seinen feinen Widerhaken in die Rinde gegraben hat, zu lockern.<\/p>\n<p>&#8230;<\/p>\n","protected":false},"excerpt":{"rendered":"<p>F\u00fcr die Woche nach Ostern ist geplant, dr\u00fcben im Garten jene B\u00e4ume zu f\u00e4llen,\u00a0 die abgestorben sind, und den \u00fcbrigen Bestand kr\u00e4ftig auszulichten.<\/p>\n","protected":false},"author":1,"featured_media":0,"comment_status":"open","ping_status":"open","sticky":false,"template":"","format":"standard","meta":{"footnotes":""},"categories":[206],"tags":[],"class_list":["post-3497","post","type-post","status-publish","format-standard","hentry","category-gartenskizzen"],"_links":{"self":[{"href":"https:\/\/www.rathgeber-balance.de\/bloggen\/wp-json\/wp\/v2\/posts\/3497","targetHints":{"allow":["GET"]}}],"collection":[{"href":"https:\/\/www.rathgeber-balance.de\/bloggen\/wp-json\/wp\/v2\/posts"}],"about":[{"href":"https:\/\/www.rathgeber-balance.de\/bloggen\/wp-json\/wp\/v2\/types\/post"}],"author":[{"embeddable":true,"href":"https:\/\/www.rathgeber-balance.de\/bloggen\/wp-json\/wp\/v2\/users\/1"}],"replies":[{"embeddable":true,"href":"https:\/\/www.rathgeber-balance.de\/bloggen\/wp-json\/wp\/v2\/comments?post=3497"}],"version-history":[{"count":25,"href":"https:\/\/www.rathgeber-balance.de\/bloggen\/wp-json\/wp\/v2\/posts\/3497\/revisions"}],"predecessor-version":[{"id":7331,"href":"https:\/\/www.rathgeber-balance.de\/bloggen\/wp-json\/wp\/v2\/posts\/3497\/revisions\/7331"}],"wp:attachment":[{"href":"https:\/\/www.rathgeber-balance.de\/bloggen\/wp-json\/wp\/v2\/media?parent=3497"}],"wp:term":[{"taxonomy":"category","embeddable":true,"href":"https:\/\/www.rathgeber-balance.de\/bloggen\/wp-json\/wp\/v2\/categories?post=3497"},{"taxonomy":"post_tag","embeddable":true,"href":"https:\/\/www.rathgeber-balance.de\/bloggen\/wp-json\/wp\/v2\/tags?post=3497"}],"curies":[{"name":"wp","href":"https:\/\/api.w.org\/{rel}","templated":true}]}}