{"id":3539,"date":"2017-09-20T12:54:23","date_gmt":"2017-09-20T10:54:23","guid":{"rendered":"http:\/\/www.rathgeber-balance.de\/bloggen\/?p=3539"},"modified":"2020-01-25T13:39:32","modified_gmt":"2020-01-25T12:39:32","slug":"obstbaeume","status":"publish","type":"post","link":"https:\/\/www.rathgeber-balance.de\/bloggen\/gartenskizzen\/obstbaeume\/","title":{"rendered":"Obstb\u00e4ume&#8230;"},"content":{"rendered":"<p><img loading=\"lazy\" decoding=\"async\" class=\"alignleft size-full wp-image-3542\" src=\"http:\/\/www.rathgeber-balance.de\/bloggen\/wp-content\/uploads\/2017\/09\/P1010626apfelbaum.jpg\" alt=\"\" width=\"250\" height=\"172\" \/>Endlich gehe ich hinaus und schl\u00e4ngele mich durch die Zaunl\u00fccke, wo das Erdreich schon festgetreten ist.<!--more--><br \/>\nGeany beobachtet mich mit skeptischem Blick vom sicheren Fenstersims in der K\u00fcche.<br \/>\nEs ist windig und beinahe hei\u00df heute, der Garten \u00fcbers\u00e4t mit den rosa Bl\u00fctenbl\u00e4ttern der Zierkirsche.<\/p>\n<p>Der Anh\u00e4nger ist ganz dr\u00fcben an der n\u00e4chsten Grundst\u00fccksgrenze zur Eisfabrik geparkt.<br \/>\nEin Zaunfeld ist wie ein Weidegatter weit ge\u00f6ffnet. Die Ladefl\u00e4che des Lasters ist bereits voll beladen mit dickem Ge\u00e4st. Die St\u00e4mme werden in handliche St\u00fccke zers\u00e4gt und liegen ordentlich aufgeschichtet an einer trockenen Stelle, dort wo unsere Kiefer ihre \u00c4ste schirmf\u00f6rmig ausbreitet.<\/p>\n<p>\u201eWas ist mit den beiden Pflanzen hier?\u201c, frage ich einen der G\u00e4rtner misstrauisch und deute auf die schlankgewachsenen Birnb\u00e4ume. \u201eD\u00fcrfen die bleiben?\u201c<br \/>\n\u201eDie kommen noch weg\u201c, meint er ein wenig z\u00f6gernd.<br \/>\n\u201eWer hat das denn bestimmt?\u201c, versuche ich herauszubekommen und ringe m\u00fchsam nach einem ganz bestimmten Wort. \u201eG\u00f6ttergatte?\u201c, frage ich, erleichtert dar\u00fcber, den passenden Begriff rasch gefunden zu haben.<br \/>\n\u201eJa\u201c, l\u00e4chelt der G\u00e4rtner,\u00a0 \u201eG\u00f6ttergatte. Er f\u00fcrchtet, die st\u00fcnden im Weg.\u201c<br \/>\n\u201eDamit leichter gem\u00e4ht werden kann?\u201c kombiniere ich und kr\u00e4usele die Stirn. \u201eAber die sind doch nicht kaputt?\u201c Der hoffnungsvolle Unterton, der in meiner Frage mitschwingt, ist mit Sicherheit\u00a0 nicht zu \u00fcberh\u00f6ren.<br \/>\n\u201eAber nein\u201c, beruhigt mich der G\u00e4rtner, \u201edie kann man alle verj\u00fcngen. Der Efeu muss weg und der Wildwuchs, dann bekommen sie auch wieder Luft.\u201c<\/p>\n<p>Wir einigen uns, die B\u00e4umchen kr\u00e4ftig zur\u00fcckzuschneiden, von Efeu zu befreien und dann gemeinsam zu beratschlagen, wie es weitergehen soll.<br \/>\nEiner der Birnb\u00e4ume wird uns sp\u00e4ter im Herbst die s\u00fc\u00dfesten Fr\u00fcchte schenken.<\/p>\n<p>Am sp\u00e4ten Nachmittag ruft Herr Gregori aus Italien an.<br \/>\n\u201eUnd wie sieht es aus, sind sie am Arbeiten\u201c, forscht er ohne lange Umschweife.<br \/>\n\u201eJa\u201c, sto\u00dfe ich ganz begl\u00fcckt hervor, \u201eund das B\u00e4umchen kann bleiben.\u201c<br \/>\n\u201eWelches B\u00e4umchen?\u201c, fragt er alarmiert, \u201eder alte Apfelbaum etwa? Treibt er denn aus?\u201c<br \/>\n\u201eJa, und er wurde kr\u00e4ftig zur\u00fcckgeschnitten\u201c, antworte ich beschwichtigend. \u201eSie wissen doch, ich\u00a0 m\u00f6chte die B\u00e4umchen noch retten.\u201c<br \/>\n\u201eIch hatte gehofft, die w\u00fcrden erst mit dem Zaun beginnen und die Latten entfernen\u201c, klagt Herr Greogori, doch ich kann ihn bes\u00e4nftigen.<br \/>\n\u201eSie k\u00f6nnen dann ja am Montag schauen, wie die B\u00e4umchen wirken. Herausgeschnitten ist schnell.\u201c Ich w\u00fcnsche ihm eine gute Fahrt nach Hause.<\/p>\n<p><img loading=\"lazy\" decoding=\"async\" class=\"alignleft size-full wp-image-3543\" src=\"http:\/\/www.rathgeber-balance.de\/bloggen\/wp-content\/uploads\/2017\/09\/Dr\u00fcben-im-Garten-003.jpg\" alt=\"\" width=\"250\" height=\"166\" \/>Feierabend.<br \/>\nDie G\u00e4rtner haben die Leitern ordentlich an die B\u00e4ume gelehnt und die Schubkarren etwas zur Seite auf den Kopf gestellt. Ein gro\u00dfer Erdhaufen ist schon am Zaun ausgebracht, um sp\u00e4ter das Gef\u00e4lle ausgleichen zu k\u00f6nnen.<br \/>\nEin Tropfen auf den hei\u00dfen Stein.<\/p>\n<p>Vorsichtig nehme ich Geany auf den Arm und mache einen Erkundungsgang.<br \/>\nEs ist still und friedlich. Ein wunderbares St\u00fcck Natur erschlie\u00dft sich in einer Weite vor mir, wie ich es mir nicht h\u00e4tte tr\u00e4umen lassen.<br \/>\nGeany gr\u00e4bt begl\u00fcckt im Erdhaufen, ich stehe mitten im weichen Moos und lasse die Abendsonne ins Gesicht scheinen. Das Areal wirkt licht und freundlich, v\u00f6llig ungewohnt hier dr\u00fcben im Garten.<br \/>\nF\u00fcr Morgen ist Regen angesagt, was die Arbeiten verz\u00f6gern wird. Aber das Nass wird gut f\u00fcr die Pflanzen sein, damit sich die trockenen \u00c4ste nach dem radikalen Schnitt etwas erholen k\u00f6nnen.<\/p>\n<p>Nat\u00fcrlich kommen durch den R\u00fcckschnitt und einige Rodungsarbeiten auch d\u00fcrre Hecken von hinten zum Vorschein und Holzschuppen errichtet an altersschwachen Z\u00e4unen. Schattenseiten.<br \/>\nEin paar Latten am\u00a0 morschen Zaun haben wir notd\u00fcrftig zurechtgezimmert und mit einem stabilen Querbalken verst\u00e4rkt. Gleich sieht das Geb\u00e4lk durch das frische Holz gef\u00e4lliger aus.<\/p>\n<p><em>Das Moos bleibt,<\/em> versuche ich mich zu beschw\u00f6ren und bald wird alles wieder austreiben und unsch\u00f6ne Stelle kaschieren.<br \/>\nDas Wichtigste f\u00fcr den Moment ist, dass der alte Baumbestand gerettet werden konnte.<br \/>\nBleibt nur zu hoffen \u00fcbrig, dass Herr Gregori das auch so sehen wird.<\/p>\n<p>Unser gro\u00dfer Sohn kommt kurz mit dem Fahrrad zu Besuch und wir Drei gehen nach dr\u00fcben in den Garten.<br \/>\n\u201eEine richtige Idylle\u201c, stellt Alexander n\u00fcchtern fest.<br \/>\n\u201eUnd das mitten in M\u00fcnchen\u201c, vervollst\u00e4ndige ich den Satz.<br \/>\n\u201eNa ja,\u2026 wohl eher am Rande der Stadt\u201c, korrigiert er mich nachsichtig und ich staune wie so oft dar\u00fcber, wie verkl\u00e4rt ich scheinbar mein Umfeld und die Fakten wahrnehmen\u00a0 kann.<\/p>\n<p>\u201eWer m\u00e4ht das alles?\u201c, wundert sich Alex und ich antworte leichthin: \u201eDas ist doch\u00a0 nur Moos. So viel ist nicht zu M\u00e4hen bei der gro\u00dfen Moosfl\u00e4che.\u201c<br \/>\nFrank und Alex verziehen skeptisch das Gesicht.<\/p>\n<p>Geany gr\u00e4bt ihr N\u00e4schen zwischen abgeschnittenen \u00c4sten, die zu kleinen Haufen aufgeschichtet sind, und schnuppert verz\u00fcckt an der w\u00fcrzigen Erde.<br \/>\nEs ist eine eisige Luft heute, ich fr\u00f6stele und gehe zu dem kleinen M\u00e4uerchen, auf dem unser alter Zaun befestigt war.<br \/>\nDie Sonne w\u00e4rmt mit ihren sanften Abendstrahlen, Kirchturmglocken l\u00e4uten melodi\u00f6s den Abend ein. Sofort springt Geany auf meinen Scho\u00df und beginnt ganz sachte zu schnurren.<br \/>\nEs ist friedlich, zweifelsohne, dennoch keimt der feste Vorsatz, f\u00fcr jedes Mal Rasenm\u00e4hen oder ausgiebiges Unkrautzupfen eine kleine Unternehmung au\u00dfer Haus einzuplanen.<\/p>\n<p><img loading=\"lazy\" decoding=\"async\" class=\"alignleft size-full wp-image-1636\" src=\"http:\/\/www.rathgeber-balance.de\/bloggen\/wp-content\/uploads\/2015\/09\/Nymphenburg-023aufgehellt.jpg\" alt=\"Seerosen\" width=\"250\" height=\"166\" \/>Vielleicht zum Eisessen in Richtung Nymphenburger Schlosspark zu fahren, obwohl wir beide gar kein Eis m\u00f6gen? Oder in den Park zu spazieren, um die vielen Seerosen abzulichten und neue Anregungen f\u00fcr den Garten zu holen\u2026<\/p>\n<p>&#8230;<\/p>\n<p>&nbsp;<\/p>\n","protected":false},"excerpt":{"rendered":"<p>Endlich gehe ich hinaus und schl\u00e4ngele mich durch die Zaunl\u00fccke, wo das Erdreich schon festgetreten ist.<\/p>\n","protected":false},"author":1,"featured_media":0,"comment_status":"open","ping_status":"open","sticky":false,"template":"","format":"standard","meta":{"footnotes":""},"categories":[206],"tags":[],"class_list":["post-3539","post","type-post","status-publish","format-standard","hentry","category-gartenskizzen"],"_links":{"self":[{"href":"https:\/\/www.rathgeber-balance.de\/bloggen\/wp-json\/wp\/v2\/posts\/3539","targetHints":{"allow":["GET"]}}],"collection":[{"href":"https:\/\/www.rathgeber-balance.de\/bloggen\/wp-json\/wp\/v2\/posts"}],"about":[{"href":"https:\/\/www.rathgeber-balance.de\/bloggen\/wp-json\/wp\/v2\/types\/post"}],"author":[{"embeddable":true,"href":"https:\/\/www.rathgeber-balance.de\/bloggen\/wp-json\/wp\/v2\/users\/1"}],"replies":[{"embeddable":true,"href":"https:\/\/www.rathgeber-balance.de\/bloggen\/wp-json\/wp\/v2\/comments?post=3539"}],"version-history":[{"count":22,"href":"https:\/\/www.rathgeber-balance.de\/bloggen\/wp-json\/wp\/v2\/posts\/3539\/revisions"}],"predecessor-version":[{"id":7333,"href":"https:\/\/www.rathgeber-balance.de\/bloggen\/wp-json\/wp\/v2\/posts\/3539\/revisions\/7333"}],"wp:attachment":[{"href":"https:\/\/www.rathgeber-balance.de\/bloggen\/wp-json\/wp\/v2\/media?parent=3539"}],"wp:term":[{"taxonomy":"category","embeddable":true,"href":"https:\/\/www.rathgeber-balance.de\/bloggen\/wp-json\/wp\/v2\/categories?post=3539"},{"taxonomy":"post_tag","embeddable":true,"href":"https:\/\/www.rathgeber-balance.de\/bloggen\/wp-json\/wp\/v2\/tags?post=3539"}],"curies":[{"name":"wp","href":"https:\/\/api.w.org\/{rel}","templated":true}]}}