{"id":3671,"date":"2017-10-03T11:33:06","date_gmt":"2017-10-03T09:33:06","guid":{"rendered":"http:\/\/www.rathgeber-balance.de\/bloggen\/?p=3671"},"modified":"2020-01-25T13:54:42","modified_gmt":"2020-01-25T12:54:42","slug":"wuensche","status":"publish","type":"post","link":"https:\/\/www.rathgeber-balance.de\/bloggen\/gartenskizzen\/wuensche\/","title":{"rendered":"W\u00fcnsche&#8230;"},"content":{"rendered":"<p><img loading=\"lazy\" decoding=\"async\" class=\"alignleft size-full wp-image-3648\" src=\"http:\/\/www.rathgeber-balance.de\/bloggen\/wp-content\/uploads\/2017\/09\/Rhodobl\u00fcte-Anfang-Juni-2016-038hell.jpg\" alt=\"\" width=\"250\" height=\"166\" \/>Herr Gregori kommt, um die Entwicklung auf der Baustelle zu begutachten.<!--more--><br \/>\nWie gewohnt begr\u00fc\u00dft er uns freudig und heftet seinen Blick sofort auf den Rasen im Eingangsbereich, wo ich ein wenig Sand ausgebracht habe. \u201eWegen des Mooses, hier ist es so schattig\u201c,\u00a0 beeeile ich mich zu erkl\u00e4ren. Er scheint mich gar nicht zu h\u00f6ren.<br \/>\n\u201eHortensien und Rhododendren geh\u00f6ren kr\u00e4ftig ged\u00fcngt!\u201c, fordert er mich knapp auf, nachdem sein Blick ein paar Meter weiter geglitten ist.<\/p>\n<p>Wir er\u00f6rtern ganz kurz die Frage der Pflanzen, die neu gesetzt werden sollen. Ich habe mich bereits gr\u00fcndlich \u00fcber Str\u00e4ucher f\u00fcr den Naturgarten belesen.<br \/>\n\u201eSie m\u00f6gen doch Gelb?\u201c, bohrt er nach, \u201ees gibt nichts Sch\u00f6neres wie das leuchtende Gelb der Forsythien im Fr\u00fchling, wenn Sie Zweige abschneiden und in eine Vase stellen!\u201c<br \/>\n\u201eJa schon\u2026\u201c, antworte ich gedehnt und trage vermutlich eine schuldbewusste Miene, da seine Begeisterung nicht zu \u00fcberh\u00f6ren ist. \u201eAber ich mag leider kein Gelb und auch kein Rot und kein Blau. Ich mag lieber Wei\u00df, Ros\u00e9 und all die leisen T\u00f6ne.\u201c<br \/>\nHerr Gregori \u00a0lacht und meint, dass er einige Menschen kenne, die kein Gelb m\u00f6gen.<\/p>\n<p>\u201eQuitten h\u00e4tten wir gerne\u201c, schl\u00e4gt Frank mit fragender Stimme vor und Herr Gregori best\u00e4tigt, dass Zierquiitten gut in einen naturnahen Garten passen.<br \/>\n\u201eHaselnusssstr\u00e4ucher w\u00fcrden mir auch gefallen\u201c, schw\u00e4rme ich, \u201eaber es ist ja schon ein riesiger Busch vorhanden!\u201c<br \/>\n\u201eIch vermute, dass Sie was anderes meinen wie eine Hasel\u201c, antwortet Herr Gregori und sieht mich nachdenklich an.<br \/>\nSp\u00e4ter soll sich herausstellen, dass ich an eine Scheinhasel dachte, die zu den langsam wachsenden Geh\u00f6lzen z\u00e4hlt und von zierlichem Wuchs ist. Ganz im Gegensatz zu unserer alt eingesessenen Bluthaselnuss, die eindeutig dominiert dr\u00fcben im Garten. Der frische Austrieb im Fr\u00fchjahr mit weinrot gl\u00e4nzenden Bl\u00e4ttern ist eine Zierde. Je weiter die Jahreszeit fortschreitet, desto gr\u00fcner wird das Laub, um sich im Herbst wiederum farbenpr\u00e4chtig zu pr\u00e4sentieren.<\/p>\n<p>\u201eUnd hier kommt die H\u00fctte hin?\u201c, erkundigt sich Herr Gregori und schreitet mit weit ausholenden Schritten gesch\u00e4tzte zweieinhalb Meter ab, um die Ausma\u00dfe zu demonstrieren.<br \/>\nGleich neben der kugelig gewachsenen halbhohen Kiefer, die weitr\u00e4umig trocken h\u00e4lt mit ihren schirmf\u00f6rmigen Zweigen, ist die H\u00fctte geplant.<br \/>\nWir werden sp\u00e4ter auch noch sehr froh \u00fcber das neue Gartenhaus sein, da es einen optimalen Sichtschutz bietet, wenn wir in Ruhe auf unserer Terrasse vor der K\u00fcche essen wollen.<\/p>\n<p><img loading=\"lazy\" decoding=\"async\" class=\"alignleft size-full wp-image-3658\" src=\"http:\/\/www.rathgeber-balance.de\/bloggen\/wp-content\/uploads\/2017\/09\/Clematis-ausschnitt.jpg\" alt=\"\" width=\"250\" height=\"172\" \/>\u201eAn die H\u00fctte geh\u00f6rt nat\u00fcrlich schon etwas gepflanzt\u201c, warnt Herr Gregori vorsorglich, was offenbar ein Signalwort f\u00fcr mich ist und einen gezielten Reflex ausl\u00f6st.<br \/>\n\u201eGenau\u201c, sto\u00dfe ich begeistert hervor,\u00a0\u201eKletterpflanzen sind wie geschaffen f\u00fcr den Bereich. Wie hei\u00dfen sie nochmal,\u2026\u00a0 Glyzinen?\u201c<br \/>\n\u201eGlyzinen werden aber ziemlich ausladend\u201c, gibt er zu bedenken, \u201eaber wenn es Sie nicht st\u00f6rt?\u201c<br \/>\nFrank schnaubt ein wenig ver\u00e4chtlich und wendet sofort ein: \u201cJa nichts was klettert, ich hasse das Gewirr der Bl\u00e4tter!\u201c<br \/>\n\u201eStimmt, er mag es nicht, wenn die Gem\u00e4uer \u00fcberwuchert werden\u201c, erinnere ich mich, \u201eich meinte auch eher zierliche Waldreben, die Clematis.\u201c<br \/>\n\u201eClematis w\u00fcrden sich auch eignen\u201c, l\u00e4chelt Herr Gregori. \u201eIch versuche meine Italiener immer von der Sch\u00f6nheit dieser Pflanzen zu \u00fcberzeugen, auch wenn die Winter zwischenzeitlich dort fast zu kalt sind.\u201c<br \/>\nHerr Gregori betreut die H\u00e4lfte seiner Arbeitszeit Baustellen in Italien und hat dort seinen Zweitwohnsitz mit riesigem Olivenhain und Naturteich.<\/p>\n<p>\u201eClematis wuchert aber auch\u201c,\u00a0 kommentiert Frank unwirsch und ich schlage friedlich einen Kompromiss vor.<br \/>\n\u201eDann eben ein bisschen Clematis. \u00dcppig werden die Pflanzen eh nicht.\u201c<\/p>\n<p>Wir gehen weiter zur imagni\u00e4ren Grenze, dem neuen Zaun aus Maschendraht, der als letzter Arbeitsschritt bei den Umgestaltungsma\u00dfnahmen dr\u00fcben im Garten errichtet werden wird. Die stabilen Pfosten stehen allerdings schon und wirken sehr heimelig auf mich in ihrer angedeuteten Begrenzung.<\/p>\n<p>\u201eHier k\u00e4me dann ein kleiner Teich rein,\u201c erkl\u00e4rt Herr Gregori und fixiert exakt einen Punkt. \u201eWenn Sie das m\u00f6chten.\u201c<br \/>\n\u201eGenau&#8220;, reagiere ich begeistert, \u201eder kleine T\u00fcmpel!\u201c<br \/>\n\u201eT\u00fcmpel ist das Wort, das ich gesucht habe,\u201c lacht Herr Gregori. \u201eEs ist ja ein T\u00fcmpel mit Seerosen und Fischen. Und hier k\u00e4me ein einfacher Sitzplatz hin. Ich habe den Plan so gezeichnet, dass sp\u00e4ter auch noch gebaut werden kann, ohne dass Teich und Sitzplatz wieder weg\u00a0 m\u00fcssen.\u201c<\/p>\n<p>Langsam gehen wir ein paar Schritte weiter.<br \/>\n\u201eUnd hier w\u00fcrden wir die Kr\u00e4uterbeete anlegen sternf\u00f6rmig um einen Brunnen angeordnet. Wie wir die Bereiche trennen, wei\u00df ich noch nicht. Es geht mit Gras oder mit Steinen?\u201c Fragend sieht er mich an.<br \/>\n\u201eSteine\u201c, entf\u00e4hrt es mir ohne lang nachzudenken und ich sehe gelblich get\u00f6nte Kalksteine, die in der Abensonne leuchten.<\/p>\n<p>Beruhigt entferne ich\u00a0 mich etwas und stapfe mit meinen Gummistiefeln durch das weiche Erdreich, das mit dem Bagger geebnet wurde.<br \/>\n<img loading=\"lazy\" decoding=\"async\" class=\"alignleft size-full wp-image-4143\" src=\"http:\/\/www.rathgeber-balance.de\/bloggen\/wp-content\/uploads\/2017\/10\/Schnecke-Dr\u00fcben-im-Gartenbe.jpg\" alt=\"\" width=\"250\" height=\"166\" \/>Es fehlt noch eine Menge Humus, um das Gef\u00e4lle auszugleichen. Wenn wir jetzt genau w\u00fcssten, wo der T\u00fcmpel platziert werden soll, k\u00f6nnte der Aushub sogleich verwendet werden.<br \/>\nDoch im Moment z\u00e4hlt vordergr\u00fcndig die Gewisseheit, all die alten B\u00e4ume gerettet zu haben.<br \/>\nDr\u00fcben im Garten ist jetzt nicht nur ein Naturgarten, es ist Obstgarten zugleich.<\/p>\n<p>&#8230;<\/p>\n<p>&nbsp;<\/p>\n<p>&nbsp;<\/p>\n<p>&nbsp;<\/p>\n<p>&nbsp;<\/p>\n","protected":false},"excerpt":{"rendered":"<p>Herr Gregori kommt, um die Entwicklung auf der Baustelle zu begutachten.<\/p>\n","protected":false},"author":1,"featured_media":0,"comment_status":"open","ping_status":"open","sticky":false,"template":"","format":"standard","meta":{"footnotes":""},"categories":[206],"tags":[],"class_list":["post-3671","post","type-post","status-publish","format-standard","hentry","category-gartenskizzen"],"_links":{"self":[{"href":"https:\/\/www.rathgeber-balance.de\/bloggen\/wp-json\/wp\/v2\/posts\/3671","targetHints":{"allow":["GET"]}}],"collection":[{"href":"https:\/\/www.rathgeber-balance.de\/bloggen\/wp-json\/wp\/v2\/posts"}],"about":[{"href":"https:\/\/www.rathgeber-balance.de\/bloggen\/wp-json\/wp\/v2\/types\/post"}],"author":[{"embeddable":true,"href":"https:\/\/www.rathgeber-balance.de\/bloggen\/wp-json\/wp\/v2\/users\/1"}],"replies":[{"embeddable":true,"href":"https:\/\/www.rathgeber-balance.de\/bloggen\/wp-json\/wp\/v2\/comments?post=3671"}],"version-history":[{"count":27,"href":"https:\/\/www.rathgeber-balance.de\/bloggen\/wp-json\/wp\/v2\/posts\/3671\/revisions"}],"predecessor-version":[{"id":7336,"href":"https:\/\/www.rathgeber-balance.de\/bloggen\/wp-json\/wp\/v2\/posts\/3671\/revisions\/7336"}],"wp:attachment":[{"href":"https:\/\/www.rathgeber-balance.de\/bloggen\/wp-json\/wp\/v2\/media?parent=3671"}],"wp:term":[{"taxonomy":"category","embeddable":true,"href":"https:\/\/www.rathgeber-balance.de\/bloggen\/wp-json\/wp\/v2\/categories?post=3671"},{"taxonomy":"post_tag","embeddable":true,"href":"https:\/\/www.rathgeber-balance.de\/bloggen\/wp-json\/wp\/v2\/tags?post=3671"}],"curies":[{"name":"wp","href":"https:\/\/api.w.org\/{rel}","templated":true}]}}