{"id":467,"date":"2014-09-25T11:17:20","date_gmt":"2014-09-25T09:17:20","guid":{"rendered":"http:\/\/www.rathgeber-balance.de\/bloggen\/?p=467"},"modified":"2014-09-26T18:20:58","modified_gmt":"2014-09-26T16:20:58","slug":"ein-biotop-im-wandel-der-jahreszeiten","status":"publish","type":"post","link":"https:\/\/www.rathgeber-balance.de\/bloggen\/impressionen\/ein-biotop-im-wandel-der-jahreszeiten\/","title":{"rendered":"Ein &#8222;Biotop&#8220; im  Wandel der Jahreszeiten"},"content":{"rendered":"<p><a href=\"http:\/\/www.rathgeber-balance.de\/bloggen\/wp-content\/uploads\/2014\/09\/Herbst-und-Eva-002neu.jpg\"><img loading=\"lazy\" decoding=\"async\" class=\"alignleft size-full wp-image-475\" src=\"http:\/\/www.rathgeber-balance.de\/bloggen\/wp-content\/uploads\/2014\/09\/Herbst-und-Eva-002neu.jpg\" alt=\"Stamm\" width=\"250\" height=\"166\" \/><\/a>Ein <span style=\"color: #993300;\">\u201eBiotop\u201c<\/span> im Wandel der Jahreszeiten\u2026<\/p>\n<p>So sch\u00f6n es ist, die Vorteile des \u201eNetzes\u201c zu nutzen, so viele Nachteile kann es auch haben und ich muss mir eingestehen, dass ich zu viel Zeit vor dem Computer verbringe und zu oft virtuell unterwegs bin.<!--more--><\/p>\n<p>Um dieser Entwicklung entgegenzuwirken, sind mehr oder weniger fixe Computerzeiten f\u00fcr mich Pflicht genauso wie zwei Aufenthalte im Freien, den Garten dabei ausklammert.<br \/>\nEs ist Routine (und geht nat\u00fcrlich nur, wenn man die Zeit frei einteilen kann), fr\u00fch morgens noch vor dem Fr\u00fchst\u00fcck (der Kaffee l\u00e4uft bereits, der Kr\u00e4utertee ist aufgegossen) eine kleine Laufrunde einzulegen.<br \/>\nDa wir direkt gegen\u00fcber einer Gr\u00fcnanlage wohnen, ist das kein gro\u00dfer Akt.<\/p>\n<p><a href=\"http:\/\/www.rathgeber-balance.de\/bloggen\/wp-content\/uploads\/2014\/09\/Johanniskraut-002neu.jpg\"><img loading=\"lazy\" decoding=\"async\" class=\"alignleft size-full wp-image-468\" src=\"http:\/\/www.rathgeber-balance.de\/bloggen\/wp-content\/uploads\/2014\/09\/Johanniskraut-002neu.jpg\" alt=\"Ringelblume\" width=\"250\" height=\"166\" \/><\/a>Am fr\u00fchen Abend wird dann meist ein kurzer Spaziergang gemacht, und zwar in meinem \u201e\u00d6kogel\u00e4nde\u201c.<\/p>\n<p>Es umschlie\u00dft eine Gr\u00fcnanlage mit angrenzendem Sportplatz, mit Streuobst- und Blumenwiese, ein St\u00fcckchen entfernt ist ein bepflanzter Wall errichtet worden, der die Bewohner vor L\u00e4rm sch\u00fctzen soll.<br \/>\nMan kann den Wall m\u00fchevoll erklimmen, indem man sich an Wurzeln und Halmen festh\u00e4lt, mit Absicht erschweren die dornigen Gew\u00e4chse den Aufstieg. Auf dem \u201eKamm\u201c wird man mit einer sch\u00f6nen Aussicht \u00fcber den Stadtteil belohnt. Ich kann erkennen, ob F\u00f6hn herrscht, oftmals ruckelt weiter entfernt ein Zug und st\u00f6\u00dft dabei ein pfeifendes Ger\u00e4usch aus. Hier oben stelle ich immer fest, dass \u201edie Luft rein ist\u201c.<!--more--><\/p>\n<p>Diese Spazierg\u00e4nge nenne ich auch \u201eBesinnungsg\u00e4nge\u201c, denn wenn mir der Wind um die Nase bl\u00e4st, wird mir bewusst, wie ich weiter fortfahren m\u00f6chte. Mit Projekten, mit Ideen, zum \u201cRunterkommen\u201c und Abschalten ganz allgemein.<\/p>\n<p>Wenn ich die Besinnungsg\u00e4nge ausweiten m\u00f6chte, w\u00e4hle ich zwei Geheimpfade. Einer f\u00fchrt am Rande des Sportplatzes ganz unvermittelt ins Biotop, ein anderer erlaubt den Durchschlupf an einem Zaun, der als Abgrenzung des Naturschutzgebietes dient.<\/p>\n<p>Ein \u201eBiotop\u201c im Wandel der Jahreszeiten\u2026<\/p>\n<p>Das Bioto<img loading=\"lazy\" decoding=\"async\" class=\"alignleft size-full wp-image-470\" src=\"http:\/\/www.rathgeber-balance.de\/bloggen\/wp-content\/uploads\/2014\/09\/DSC00690neu.jpg\" alt=\"Nistturm\" width=\"250\" height=\"187\" \/>p liegt auf einem ehemaligen Kasernengel\u00e4nde, auf dem gro\u00dfe Hallen standen, die vor drei Jahren dem Erdboden gleichgemacht wurden. Die Fl\u00e4che wurde mit Schotter aufgef\u00fcllt und w\u00e4chst nach und nach zu.<\/p>\n<p>Das Areal wird nun als Naturschutzgebiet und Ausgleichsfl\u00e4che erhalten und gef\u00f6rdert. Ab und zu werden F\u00fchrungen vom Bund f\u00fcr Vogelschutz abgehalten.<\/p>\n<p>Es beherbergt seltene Flora und Fauna.<\/p>\n<p>Schmetterlingsarten wie beispielsweise den Silberfleckbl\u00e4uling oder\u00a0 Schachbrettfalter, \u00d6dlandschrecken, wilde Blumen wie K\u00f6nigskerze, Wundklee, \u00c4stige Graslilie, Felsennelke, Leinkraut, Skabiosen-Flockenblume oder den Fransenenzian.<\/p>\n<p>F\u00fcr Mauersegler, Turmfalken und Dohlen wurden extra T\u00fcrme mit Nistpl\u00e4tzen errichtet.<br \/>\nHier ist auch die Stelle, wo ich Johanniskraut pfl\u00fccke f\u00fcr ein Rot\u00f6l.<\/p>\n<p>Es ist eine Heidel<img loading=\"lazy\" decoding=\"async\" class=\"alignleft size-full wp-image-471\" src=\"http:\/\/www.rathgeber-balance.de\/bloggen\/wp-content\/uploads\/2014\/09\/DSC00684neu.jpg\" alt=\"Kaserne\" width=\"250\" height=\"187\" \/>andschaft, die ein- oder zweimal im Jahr gem\u00e4ht wird.<\/p>\n<p>Fr\u00fcher verlief eine Bahnlinie als Zubringer f\u00fcr die Kasernen, die Ladefl\u00e4che existiert noch wenn auch leicht verwittert, der Schotter zwischen den ehemaligen Schienen zeugt davon.<\/p>\n<p>Das Areal wurde weiterhin mit Schotter aufgef\u00fcllt, teils wurden kleine H\u00fcgel und W\u00e4lle aufgeworfen, damit Tiere Unterschlupf finden. Das Spazierengehen auf dem Ger\u00f6ll ist so mit Absicht erschwert, denn das Gebiet soll vordergr\u00fcndig dazu genutzt werden, dass vom Aussterben bedrohte Tierarten in Ruhe nisten k\u00f6nnen und seltene Pflanzen sich ausbreiten.<\/p>\n<p><a href=\"http:\/\/www.rathgeber-balance.de\/bloggen\/wp-content\/uploads\/2014\/09\/Herbst-und-Eva-011neu.jpg\"><img loading=\"lazy\" decoding=\"async\" class=\"alignleft size-full wp-image-476\" src=\"http:\/\/www.rathgeber-balance.de\/bloggen\/wp-content\/uploads\/2014\/09\/Herbst-und-Eva-011neu.jpg\" alt=\"Hagebutten\" width=\"250\" height=\"166\" \/><\/a>Gestern hat der kalendarische Herbst begonnen.<\/p>\n<p>Wer m\u00f6chte, kann ganz gem\u00e4chlich (wenns die Zeit erlaubt) ein paar Stationen verfolgen, wie das Biotop sich im Wechsel der Jahreszeiten ver\u00e4ndert.<\/p>\n<p>Ich freue mich darauf, ab und zu ein paar Eindr\u00fccke zu dokumentieren&#8230;<\/p>\n<p>&nbsp;<\/p>\n<p>&nbsp;<\/p>\n<p>&nbsp;<\/p>\n<p>&nbsp;<\/p>\n<p>&nbsp;<\/p>\n","protected":false},"excerpt":{"rendered":"<p>Ein \u201eBiotop\u201c im Wandel der Jahreszeiten\u2026 So sch\u00f6n es ist, die Vorteile des \u201eNetzes\u201c zu nutzen, so viele Nachteile kann es auch haben und ich muss mir eingestehen, dass ich zu viel Zeit vor dem Computer verbringe und zu oft virtuell unterwegs bin.<\/p>\n","protected":false},"author":1,"featured_media":0,"comment_status":"open","ping_status":"open","sticky":false,"template":"","format":"standard","meta":{"footnotes":""},"categories":[7],"tags":[58,60,136,59,46],"class_list":["post-467","post","type-post","status-publish","format-standard","hentry","category-impressionen","tag-biotop","tag-fotos","tag-impressionen","tag-jahreszeiten","tag-natur"],"_links":{"self":[{"href":"https:\/\/www.rathgeber-balance.de\/bloggen\/wp-json\/wp\/v2\/posts\/467","targetHints":{"allow":["GET"]}}],"collection":[{"href":"https:\/\/www.rathgeber-balance.de\/bloggen\/wp-json\/wp\/v2\/posts"}],"about":[{"href":"https:\/\/www.rathgeber-balance.de\/bloggen\/wp-json\/wp\/v2\/types\/post"}],"author":[{"embeddable":true,"href":"https:\/\/www.rathgeber-balance.de\/bloggen\/wp-json\/wp\/v2\/users\/1"}],"replies":[{"embeddable":true,"href":"https:\/\/www.rathgeber-balance.de\/bloggen\/wp-json\/wp\/v2\/comments?post=467"}],"version-history":[{"count":42,"href":"https:\/\/www.rathgeber-balance.de\/bloggen\/wp-json\/wp\/v2\/posts\/467\/revisions"}],"predecessor-version":[{"id":515,"href":"https:\/\/www.rathgeber-balance.de\/bloggen\/wp-json\/wp\/v2\/posts\/467\/revisions\/515"}],"wp:attachment":[{"href":"https:\/\/www.rathgeber-balance.de\/bloggen\/wp-json\/wp\/v2\/media?parent=467"}],"wp:term":[{"taxonomy":"category","embeddable":true,"href":"https:\/\/www.rathgeber-balance.de\/bloggen\/wp-json\/wp\/v2\/categories?post=467"},{"taxonomy":"post_tag","embeddable":true,"href":"https:\/\/www.rathgeber-balance.de\/bloggen\/wp-json\/wp\/v2\/tags?post=467"}],"curies":[{"name":"wp","href":"https:\/\/api.w.org\/{rel}","templated":true}]}}