{"id":5296,"date":"2018-01-12T13:23:50","date_gmt":"2018-01-12T12:23:50","guid":{"rendered":"http:\/\/www.rathgeber-balance.de\/bloggen\/?p=5296"},"modified":"2020-01-25T14:58:41","modified_gmt":"2020-01-25T13:58:41","slug":"finale","status":"publish","type":"post","link":"https:\/\/www.rathgeber-balance.de\/bloggen\/gartenskizzen\/finale\/","title":{"rendered":"Finale"},"content":{"rendered":"<p><img loading=\"lazy\" decoding=\"async\" class=\"alignleft size-full wp-image-5297\" src=\"http:\/\/www.rathgeber-balance.de\/bloggen\/wp-content\/uploads\/2018\/01\/Teichaufghellt.jpg\" alt=\"\" width=\"250\" height=\"166\" \/>Und dann kommt das Finale, das Setzen der Teichpflanzen.<!--more--><br \/>\nEs wird auch h\u00f6chste Zeit, da die Pfl\u00e4nzchen noch in ihren beengten T\u00f6pfen stehen.<br \/>\nHierf\u00fcr ist ein Tag mitten unter der Woche vereinbart. Wie \u00fcblich ist es sehr hei\u00df geworden am sp\u00e4teren Nachmittag.<br \/>\nHerr Gregori wird sehns\u00fcchtig erwartet, da es bereits auf den Feierabend zugeht.<br \/>\nSchnellen Schrittes eilt er quer durch unseren Garten, ohne seine Umwelt wirklich wahrzunehmen, tauscht lediglich ein paar kurze S\u00e4tze mit den Gartenbauern aus.<br \/>\nRasch reiche ich ihm seinen d\u00fcnnen Bamubsstab, der noch von der letzten Pflanzaktionen an der Hauswand lehnt.<\/p>\n<p>Wie ein Dirigent und hochkonzentriert schwingt er den Stab und signalisiert, an welcher Stelle welches Pfl\u00e4nzchen zu positionieren ist. Dabei fallen nur wenige Worte.<br \/>\nSeerosen werden in K\u00f6rben an einer Schnur befestigt und von Ufer zu Ufer f\u00fchrend am Grund des Teiches versenkt.<\/p>\n<p>Und hier an dieser Stelle findet ein Filmriss statt, da ich die letzten Aktionen leider nicht mehr mitbekomme.<br \/>\nIm sch\u00f6nsten Konzert, beim Crescendo mitten im H\u00f6hepunkt sozusagen, muss ich mich leise verabschieden, was ich unendlich bedauere.<br \/>\nHerr Gregori h\u00e4lt abrupt inne und fordert mich freundlich, wenn auch knapp auf, das zu fragen was mir noch wichtig sei.<br \/>\nOb er nochmals\u00a0 kommen w\u00fcrde?\u00a0 \u201eAber ja\u201c, kann er mich l\u00e4chelnd beruhigen, \u201eich komme schon wieder. Es fehlen ja noch Pflanzen!\u201c<br \/>\nSp\u00e4t am Abend lasse ich mir von Frank den Pflanznachmittag bis ins kleinste Detail erz\u00e4hlen.<\/p>\n<p><img loading=\"lazy\" decoding=\"async\" class=\"alignleft size-full wp-image-5298\" src=\"http:\/\/www.rathgeber-balance.de\/bloggen\/wp-content\/uploads\/2018\/01\/Teich-Sp\u00e4tsommer-007aufgehelltnochmalskontrast.jpg\" alt=\"\" width=\"250\" height=\"166\" \/>Nat\u00fcrlich kann ich es kaum erwarten, am n\u00e4chsten\u00a0 Morgen\u00a0 hin\u00fcber in den Garten zu gehen.<br \/>\nIch bin \u00fcberw\u00e4ltigt, der Teich hat sich zu einem Schmuckst\u00fcck gemausert.<br \/>\nDas Gel\u00e4nde verl\u00e4uft nun in sanften Abstufungen, der Rand ist mit kleinen Findlingen besetzt und den Steinen aus Gneis, um darauf gehen zu k\u00f6nnen.<br \/>\nAn der h\u00f6chsten Stelle in der Wiese steht das h\u00fcbsche Pfaffenh\u00fctchen, <em>Euonymus \u201aRed Cascade\u2018, <\/em>mit seiner charakeristisch korkartigen Rinde, die auch im Winter dekorativ aussieht, umrahmt von einigen Stauden und Primeln, die n\u00e4chstes Fr\u00fchjahr in Purpur bl\u00fchen werden. Ges\u00e4umt von kugeligen Flusssteinen, in einem Halbkreis angeordnet.<br \/>\nDie restlichen Qarzsteine wurden in N\u00e4he des Pfaffenh\u00fctchens als angedeuteter Weg nach oben zum Teich befestigt.<br \/>\nDie Stauden f\u00fcr den Wasserbereich, die Sumpfzone und das Ufer funkeln wie kleine Juwelen, sofern sie Bl\u00fcten tragen, und das sind nicht wenige. Derzeit \u00fcberwiegt die Farbe Purpur.<\/p>\n<p>Trittsteine aus Gneis, die \u00fcbrig geblieben sind, haben die Gartenbauer auf meinen Wunsch hin bis hin\u00fcber zum Gem\u00fcsebeet gelegt und weiter im Bogen zur Feuerstelle. Ich konnte noch probelaufen, um die Schrittl\u00e4nge zu testen. Wieder ist alles unter einen dicken Erdschicht verborgen.<br \/>\nDer Garten ist nahezu fertig.<\/p>\n<p>Wehm\u00fctige Stimmung macht sich langsam breit, obwohl ich eigentlich froh sein sollte, dass alles geschafft ist.<br \/>\nAber ein Abschnitt geht unwiderruflich zu Ende.<\/p>\n<p>Es war eine spannende und \u00fcberaus aufregende Zeit, vier Monate lang den Garten \u201edr\u00fcben\u201c zu begleiten und zu sehen, wie er sich nach und nach ver\u00e4ndert hat.<br \/>\nIn Ruhe wurde geplant und in verschiedenen Phasen gepflanzt, wobei vieles aus alten Best\u00e4nden ist, und wir mussten nicht eine Pflanze \u2013 trotz sehr hoher Temperaturen \u2013 einb\u00fc\u00dfen.<\/p>\n<p><img loading=\"lazy\" decoding=\"async\" class=\"alignleft size-full wp-image-5304\" src=\"http:\/\/www.rathgeber-balance.de\/bloggen\/wp-content\/uploads\/2018\/01\/Einzelner-Apfel-Erntedank-005aufgehellthighlight.jpg\" alt=\"\" width=\"250\" height=\"166\" \/>Langsam \u00a0res\u00fcmiere ich, um im Zeitraffertempo die einzelnen Stationen dr\u00fcben im Garten nachzuerleben.<\/p>\n<p>Zun\u00e4chst wurde der alte Bestand kr\u00e4ftig ausgeschnitten, die ersten Pflanzen versetzt, der Rest zwischengelagert.<br \/>\nAuf der \u201eSkizze\u201c wurden die einzelnen Bereiche abgesteckt f\u00fcr\u00a0 den Teich, den Brunnen, das Gartenhaus, die Kr\u00e4uter- und Gem\u00fcsebeete, die Blumenwiese.<br \/>\nPflasterarbeiten f\u00fcr den geschl\u00e4ngeltem Gartenweg und einen kleinen Sitzplatz wurden erledigt.<\/p>\n<p>Dann folgte das Setzen verschiedenster Geh\u00f6lze mit zahleichen Bodendeckerrosen, die nun ein wenig b\u00e4uerlich anmuten. Mein ganzer Stolz sind die alten Rosen, die nach l\u00e4ngerem Wachstumsstopp, bei dem sie kein Blatt mehr gebildet\u00a0 haben, sch\u00f6ner denn je bl\u00fchen. Der Standort in der &#8222;Sonnenloge&#8220; ist offenbar optimal.<br \/>\nAnschlie\u00dfend folgte eine Phase, in der ich gro\u00dfz\u00fcgig Waldreben gepflanzt habe zum Beranken von Z\u00e4unen, Rispenhortensien als optische Hingucker.<\/p>\n<p>Ein H\u00f6hepunkt war es ganz sicherlich, die Gem\u00fcsepflanzen zu setzen zwischen bunten Sommerblumen wie Zinnien und Dahlien und sp\u00e4ter Levkojen.<br \/>\nDie duftenden Kr\u00e4uter in ihren Beeten zu drapieren und zu sehen, wie sie von Bienen und Schmetterlingen umschwirrt werden.<br \/>\nAuch die Prachtkerze <em>Gaura lindheimeri<\/em> bl\u00fcht nun wieder \u00fcppiger denn je wie auch der kleine Schmetterlingsstrauch, der bereits Zaunh\u00f6he erreicht hat.<\/p>\n<p>Der urspr\u00fcnglich geplante \u201eT\u00fcmpel\u201c hat sich zum zentralen Punkt des Gartens herausgebildet.<br \/>\nEr ist sommers wie winters wundersch\u00f6n anzusehen mit einer abwechslungsreichen Bepflanzung, die sich \u00fcber mehrere Etagen erstreckt.<br \/>\nBesonders in der licht- und bl\u00fctenarmen Winterzeit zieht der Teich Blicke auf sich, wenn das Wasser an manchen Stellen zu gl\u00e4nzendem Eis erstarrt, sich eine d\u00fcnne Schneeschicht auf den Oberfl\u00e4chen ausbreitet oder gar der Wasserfall zu gefrieren beginnt.<\/p>\n<p><img loading=\"lazy\" decoding=\"async\" class=\"alignleft size-full wp-image-5184\" src=\"http:\/\/www.rathgeber-balance.de\/bloggen\/wp-content\/uploads\/2018\/01\/TeichsteineP1020177aufgehellt.jpg\" alt=\"\" width=\"250\" height=\"166\" \/>Durch den Aushub der Erde liegt der Teich leicht angeb\u00f6scht, das Wasser ergie\u00dft sich \u00fcber eine kleine Treppe aus Quarzit-Bruchsteinen in h\u00f6rbarem Murmeln nach unten.<br \/>\nNicht allzu lange, denn dann dreht Frank den Drossler der Pumpe wieder auf und das gef\u00fcrchtete Rauschen erklingt. Tagein, tagaus.<br \/>\nAm Ende finden wir jedoch einen Kompromiss, dessen Tonlage sehr beruhigend ist.<\/p>\n<p>&#8230;<\/p>\n","protected":false},"excerpt":{"rendered":"<p>Und dann kommt das Finale, das Setzen der Teichpflanzen.<\/p>\n","protected":false},"author":1,"featured_media":0,"comment_status":"open","ping_status":"open","sticky":false,"template":"","format":"standard","meta":{"footnotes":""},"categories":[206],"tags":[],"class_list":["post-5296","post","type-post","status-publish","format-standard","hentry","category-gartenskizzen"],"_links":{"self":[{"href":"https:\/\/www.rathgeber-balance.de\/bloggen\/wp-json\/wp\/v2\/posts\/5296","targetHints":{"allow":["GET"]}}],"collection":[{"href":"https:\/\/www.rathgeber-balance.de\/bloggen\/wp-json\/wp\/v2\/posts"}],"about":[{"href":"https:\/\/www.rathgeber-balance.de\/bloggen\/wp-json\/wp\/v2\/types\/post"}],"author":[{"embeddable":true,"href":"https:\/\/www.rathgeber-balance.de\/bloggen\/wp-json\/wp\/v2\/users\/1"}],"replies":[{"embeddable":true,"href":"https:\/\/www.rathgeber-balance.de\/bloggen\/wp-json\/wp\/v2\/comments?post=5296"}],"version-history":[{"count":38,"href":"https:\/\/www.rathgeber-balance.de\/bloggen\/wp-json\/wp\/v2\/posts\/5296\/revisions"}],"predecessor-version":[{"id":7361,"href":"https:\/\/www.rathgeber-balance.de\/bloggen\/wp-json\/wp\/v2\/posts\/5296\/revisions\/7361"}],"wp:attachment":[{"href":"https:\/\/www.rathgeber-balance.de\/bloggen\/wp-json\/wp\/v2\/media?parent=5296"}],"wp:term":[{"taxonomy":"category","embeddable":true,"href":"https:\/\/www.rathgeber-balance.de\/bloggen\/wp-json\/wp\/v2\/categories?post=5296"},{"taxonomy":"post_tag","embeddable":true,"href":"https:\/\/www.rathgeber-balance.de\/bloggen\/wp-json\/wp\/v2\/tags?post=5296"}],"curies":[{"name":"wp","href":"https:\/\/api.w.org\/{rel}","templated":true}]}}