{"id":5604,"date":"2018-02-03T09:20:34","date_gmt":"2018-02-03T08:20:34","guid":{"rendered":"http:\/\/www.rathgeber-balance.de\/bloggen\/?p=5604"},"modified":"2018-02-03T14:03:00","modified_gmt":"2018-02-03T13:03:00","slug":"das-milchhaeusl-nostalgie-vorletzter-teil","status":"publish","type":"post","link":"https:\/\/www.rathgeber-balance.de\/bloggen\/gartenskizzen\/das-milchhaeusl-nostalgie-vorletzter-teil\/","title":{"rendered":"Das Milchh\u00e4usl &#8211; Nostalgie (vorletzter Teil)"},"content":{"rendered":"<p><img loading=\"lazy\" decoding=\"async\" class=\"alignleft size-full wp-image-5516\" src=\"http:\/\/www.rathgeber-balance.de\/bloggen\/wp-content\/uploads\/2018\/01\/Winter-2016-II-033zStuhlBlog-tiefen.jpg\" alt=\"\" width=\"250\" height=\"166\" \/>Der Herbst ist da. <!--more--><br \/>\nIn der Nacht sinken die Temperaturen bereits bis auf f\u00fcnf Grad ab.<br \/>\nOft sind es die sonnigen Herbsttage, die den Blick in die Natur zu einem kleinen Highlight werden lassen. Sie sind gez\u00e4hlt.<\/p>\n<p>Der erste Nebel taucht den Garten fr\u00fchmorgens in lichtwei\u00dfe Farbe.<br \/>\nIch bin gespannt, wie sich die Anlage im Winter pr\u00e4sentieren wird, aber auch im kommenden Fr\u00fchling, zu Jahreszeiten, die wir dr\u00fcben noch nicht erlebt haben.<\/p>\n<p><img loading=\"lazy\" decoding=\"async\" class=\"alignleft size-full wp-image-5607\" src=\"http:\/\/www.rathgeber-balance.de\/bloggen\/wp-content\/uploads\/2018\/02\/AdventskalenderKalenderbilder-006beaufgehellt.jpg\" alt=\"\" width=\"250\" height=\"166\" \/>Die Kr\u00e4uterbeete bieten auch jetzt im Herbst einen dekorativen Anblick, da Stauden und stabile Gew\u00fcrzpflanzen wie Lavendel und Rosmarin Struktur geben.<br \/>\nDie langen, vertrockneten St\u00e4ngel der Prachtkerzen habe ich zu dicken Buschen zusammengebunden und in Bodenh\u00f6he mit einem Jutesack vor K\u00e4lte gesch\u00fctzt.<br \/>\nDie hohen Rispen des Eisenkrautes tanzen im Wind, ihre hellbraunen Samenst\u00e4nde sind im Nu von einer pudrig wei\u00dfen Schicht \u00fcberzogen, die im Sonnenlicht gl\u00e4nzt.<br \/>\nSonnenhut (hier im Bild) macht einfach rund ums Jahr eine gute Figur. Auch Salbei sieht h\u00fcbsch aus, wenn er nach frostiger Nacht \u00fcber und \u00fcber mit Brillanten besetzt ist.<\/p>\n<p>Zum\u00a0 Abschluss der Saison m\u00f6chten wir einen Park besuchen, traditionell wie immer um diese Zeit den \u201eBotanischen Garten\u201c gleich hier in unserer Stadt.<br \/>\nIm Botanischen Garten ist f\u00fcr jeden Geschmack und jede Vorliebe etwas dabei, sei es in den Gew\u00e4chsh\u00e4usern mit feuchttropischem Klima, im Orchideenhaus, im Schmuckhof mit Seerosenteich, der mir ganz besonders gut gef\u00e4llt, oder auf dem h\u00fcgeligen Berg mit nachgeahmter Alpenlandschaft.<br \/>\nDie Rhododendrenbeete zur \u201eBl\u00fcten-Hochzeit\u201c im Mai sind eine Augenweide oder die ausgedehnten Wildkrokuswiesen und Alpenveilchen in der Vorfr\u00fchlingszeit.<br \/>\nViel Farbe wird nicht mehr zu finden sein.<\/p>\n<p>Wie gewohnt zieht es mich in den Bereich der Nutz- und Arzneipflanzen mit Obst und Gem\u00fcse, Kr\u00e4utern und Gew\u00fcrzen, etwas au\u00dferhalb am Rand gelegen.<br \/>\nDabei stelle ich fest, dass die Kr\u00e4uterbeete zum Schutz vor K\u00e4lte bereits dick mit Fichtenzweigen und halben B\u00e4umchen abgedeckt sind.<br \/>\nEs riecht \u201eweihnachtlich\u201c, wie ich am Duft der Nadeln wahrnehmen kann.<\/p>\n<p><img loading=\"lazy\" decoding=\"async\" class=\"alignleft size-full wp-image-5517\" src=\"http:\/\/www.rathgeber-balance.de\/bloggen\/wp-content\/uploads\/2018\/01\/Nymphenburg-015DGFhighlightzuaufgehellt.jpg\" alt=\"\" width=\"250\" height=\"180\" \/>\u00a0\u201eWo ist jetzt das Milchh\u00e4usl?\u201c frage ich Frank wie meist an dieser Stelle.<br \/>\nDas Milchh\u00e4usl ist eine Erinnerung an meine Kindheit. Es lag einst verborgen zwischen Beeten mit \u00fcppig bl\u00fchenden Rosen, dem duftenden Rosengarten. Gem\u00fctliche Biergartentische\u00a0 luden zum Pausieren ein. Gew\u00f6hnlich war es sehr hei\u00df. F\u00fcr uns Kinder gab es traditionell einen gro\u00dfen Becher mit kalter Milch, in der eine Kugel Eis schwamm, und einen bunten Strohhalm.<\/p>\n<p>\u201eDas Milchh\u00e4usl ist nicht im Botanischen Garten, sondern im Schlosspark!\u201c, kl\u00e4rt Frank mich knapp auf.<br \/>\n\u00dcber einen versteckten Hintereingang mit einer T\u00fcr aus verwittertem Holz gelangen wir durch einen dicht bewachsenen Torbogen hindurch direkt in den Nymphenburger Schlosspark. Ein paar Minuten m\u00fcssen wir noch gehen, dann k\u00f6nnen wir es sehen, das Milchh\u00e4usl.<br \/>\nZwischenzeitlich ist es zu einem Selbstbedienungscaf\u00e9 umgebaut worden. Das Dach ist mit wildem Wein bewachsen, dessen Bl\u00e4tter sp\u00e4therbstlich braunrot gef\u00e4rbt sind.<br \/>\nEs ist eisig kalt, wobei ein scharfer Wind weht.<\/p>\n<p>\u201eSollen wir uns einen Milkshake kaufen?\u201c, f\u00fchle ich vor.<br \/>\n\u201eWenn dann einen Kaffee\u201c, meint Frank mit skeptischer Miene.<br \/>\nWir reihen uns in die Schlange Wartender ein, ich studiere die Auslage.<br \/>\nDas typische Milchmixgetr\u00e4nk von fr\u00fcher gibt es nicht mehr, ganz abgesehen davon, dass jetzt die Winterszeit naht. Ich entscheide mich f\u00fcr pappig s\u00fc\u00dfe hei\u00dfe Schokolade mit Sahnehaube.<br \/>\nWir w\u00e4hlen einen Tisch, die Biergartenst\u00fchle sind mit dicken Polstern bedeckt. Ich stelle es mir sch\u00f6n vor, auch bei Minusgraden einen Gl\u00fchwein oder Fr\u00fcchtetee zum Aufw\u00e4rmen zu Trinken und auf die Kulisse des Gartens zu blicken.<\/p>\n<p><img loading=\"lazy\" decoding=\"async\" class=\"alignleft size-full wp-image-4999\" src=\"http:\/\/www.rathgeber-balance.de\/bloggen\/wp-content\/uploads\/2017\/12\/Wildkrokussehighlight250.jpg\" alt=\"\" width=\"250\" height=\"166\" \/>Aufmerksam schaue ich mich um. Die ehemaligen Rosenbeete sind verschwunden, sie wurden durch Staudenbepflanzungen ersetzt. Vereinzelte Herbstastern tragen die letzten, matt lila get\u00f6nten Bl\u00fcten.<\/p>\n<p>Vieles hat sich ver\u00e4ndert, aber der urspr\u00fcngliche Name \u201eMilchh\u00e4usl\u201c ist noch auf einer Tafel am Ausgang zu lesen.<\/p>\n<p>\u2026<\/p>\n","protected":false},"excerpt":{"rendered":"<p>Der Herbst ist da.<\/p>\n","protected":false},"author":1,"featured_media":0,"comment_status":"open","ping_status":"open","sticky":false,"template":"","format":"standard","meta":{"footnotes":""},"categories":[206],"tags":[],"class_list":["post-5604","post","type-post","status-publish","format-standard","hentry","category-gartenskizzen"],"_links":{"self":[{"href":"https:\/\/www.rathgeber-balance.de\/bloggen\/wp-json\/wp\/v2\/posts\/5604","targetHints":{"allow":["GET"]}}],"collection":[{"href":"https:\/\/www.rathgeber-balance.de\/bloggen\/wp-json\/wp\/v2\/posts"}],"about":[{"href":"https:\/\/www.rathgeber-balance.de\/bloggen\/wp-json\/wp\/v2\/types\/post"}],"author":[{"embeddable":true,"href":"https:\/\/www.rathgeber-balance.de\/bloggen\/wp-json\/wp\/v2\/users\/1"}],"replies":[{"embeddable":true,"href":"https:\/\/www.rathgeber-balance.de\/bloggen\/wp-json\/wp\/v2\/comments?post=5604"}],"version-history":[{"count":5,"href":"https:\/\/www.rathgeber-balance.de\/bloggen\/wp-json\/wp\/v2\/posts\/5604\/revisions"}],"predecessor-version":[{"id":5612,"href":"https:\/\/www.rathgeber-balance.de\/bloggen\/wp-json\/wp\/v2\/posts\/5604\/revisions\/5612"}],"wp:attachment":[{"href":"https:\/\/www.rathgeber-balance.de\/bloggen\/wp-json\/wp\/v2\/media?parent=5604"}],"wp:term":[{"taxonomy":"category","embeddable":true,"href":"https:\/\/www.rathgeber-balance.de\/bloggen\/wp-json\/wp\/v2\/categories?post=5604"},{"taxonomy":"post_tag","embeddable":true,"href":"https:\/\/www.rathgeber-balance.de\/bloggen\/wp-json\/wp\/v2\/tags?post=5604"}],"curies":[{"name":"wp","href":"https:\/\/api.w.org\/{rel}","templated":true}]}}