{"id":5945,"date":"2018-04-21T12:12:22","date_gmt":"2018-04-21T10:12:22","guid":{"rendered":"http:\/\/www.rathgeber-balance.de\/bloggen\/?p=5945"},"modified":"2019-04-05T18:46:26","modified_gmt":"2019-04-05T16:46:26","slug":"baerlauch-salz","status":"publish","type":"post","link":"https:\/\/www.rathgeber-balance.de\/bloggen\/gartenkueche\/baerlauch-salz\/","title":{"rendered":"B\u00e4rlauch-Salz"},"content":{"rendered":"<p><img loading=\"lazy\" decoding=\"async\" class=\"alignleft size-full wp-image-5946\" src=\"http:\/\/www.rathgeber-balance.de\/bloggen\/wp-content\/uploads\/2018\/04\/B\u00e4rlauch-2-008zba.jpg\" alt=\"\" width=\"250\" height=\"180\" \/>Bald beginnt B\u00e4rlauch zu bl\u00fchen und dann ist Zeit vorbei, um ihn in der Naturk\u00fcche zu verarbeiten.<!--more--><br \/>\nHeuer m\u00f6chte ich eine kleine Menge B\u00e4rlauchsalz selbst herstellen.<\/p>\n<p>Es sind f\u00fcr mich die kleinen \u201eHighlights\u201c im Alltag, die ein wenig Abwechslung bringen.<br \/>\nAu\u00dferdem ist es ein befriedigendes Gef\u00fchl, aus dem Gew\u00fcrzschrank sein selbst fabriziertes Thymian- oder B\u00e4rlauchsalz herauszuholen oder Rosenpfeffer aus der M\u00fchle, um Gerichte zu verfeinern.<br \/>\nUnbehandelt und mit \u00fcberschaubaren Inhaltstoffen.<br \/>\nNat\u00fcrlich mit einigem Aufwand verbunden, aber das macht das Gartenk\u00fcchen-Produkt \u00a0auch so kostbar.<\/p>\n<p>F\u00fcr B\u00e4rlauchsalz werden B\u00e4rlauchbl\u00e4tter <strong>vor<\/strong> der Bl\u00fcte geerntet.<\/p>\n<p><strong><span style=\"color: #008000;\">Grundrezept:<\/span><\/strong><br \/>\n500 g grobes Meersalz<br \/>\n100 g B\u00e4rlauch<\/p>\n<p><strong><span style=\"color: #008000;\">Und so habe ich es gemacht:<br \/>\n<\/span><\/strong>B\u00e4rlauchbl\u00e4tter abschneiden, an der Sonne trocknen lassen.<br \/>\nAbwiegen, In Streifen schneiden, anschlie\u00dfend in einen kleinen Mixer geben und gut zerkleinern.<br \/>\nNun das Salz im entsprechenden Verh\u00e4lntis zugeben und alles gr\u00fcndlich mixen.<\/p>\n<p><img loading=\"lazy\" decoding=\"async\" class=\"alignleft size-full wp-image-5887\" src=\"http:\/\/www.rathgeber-balance.de\/bloggen\/wp-content\/uploads\/2018\/04\/B\u00e4rlauch-Fr\u00fchling-2009-114b.jpg\" alt=\"\" width=\"250\" height=\"345\" srcset=\"https:\/\/www.rathgeber-balance.de\/bloggen\/wp-content\/uploads\/2018\/04\/B\u00e4rlauch-Fr\u00fchling-2009-114b.jpg 250w, https:\/\/www.rathgeber-balance.de\/bloggen\/wp-content\/uploads\/2018\/04\/B\u00e4rlauch-Fr\u00fchling-2009-114b-217x300.jpg 217w\" sizes=\"auto, (max-width: 250px) 100vw, 250px\" \/>Auf ein mit Backpapier ausgelegtes Backblech geben, auf mittlerer Schiene bei Hei\u00dfluft 50 \u00b0 sanft trocknen lassen.<br \/>\nDrei Stunden hat der Prozess gedauert, dabei habe ich immer wieder mit einer Gabel zerkleinert und gelockert und die Masse dabei gewendet. In der Zeit kann auch Feuchtigkeit entweichen.<br \/>\nIch habe das B\u00e4rlauchsalz \u00fcbernacht auf frischem Backpapier offen trocknen lassen, dann in ein Glas gef\u00fcllt.<\/p>\n<p>Die Geruchsentwicklung beim Trocknen war moderat. Ein leichte Duft nach B\u00e4rlauch, der zum Fr\u00fchling geh\u00f6rt.<br \/>\nB\u00e4rlauchsalz ist nach Veilchenbl\u00fcten-Essig bereits das\u00a0 zweite Produkt aus meiner Gartenk\u00fcche.<\/p>\n<p>Nun aber duftet der Flieder bet\u00f6rend, weiter geht\u2019s im Naturkalender, der den Rhythmus vorgibt und das Gartenjahr in Stationen gliedert.<\/p>\n","protected":false},"excerpt":{"rendered":"<p>Bald beginnt B\u00e4rlauch zu bl\u00fchen und dann ist Zeit vorbei, um ihn in der Naturk\u00fcche zu verarbeiten.<\/p>\n","protected":false},"author":1,"featured_media":0,"comment_status":"open","ping_status":"open","sticky":false,"template":"","format":"standard","meta":{"footnotes":""},"categories":[2],"tags":[],"class_list":["post-5945","post","type-post","status-publish","format-standard","hentry","category-gartenkueche"],"_links":{"self":[{"href":"https:\/\/www.rathgeber-balance.de\/bloggen\/wp-json\/wp\/v2\/posts\/5945","targetHints":{"allow":["GET"]}}],"collection":[{"href":"https:\/\/www.rathgeber-balance.de\/bloggen\/wp-json\/wp\/v2\/posts"}],"about":[{"href":"https:\/\/www.rathgeber-balance.de\/bloggen\/wp-json\/wp\/v2\/types\/post"}],"author":[{"embeddable":true,"href":"https:\/\/www.rathgeber-balance.de\/bloggen\/wp-json\/wp\/v2\/users\/1"}],"replies":[{"embeddable":true,"href":"https:\/\/www.rathgeber-balance.de\/bloggen\/wp-json\/wp\/v2\/comments?post=5945"}],"version-history":[{"count":11,"href":"https:\/\/www.rathgeber-balance.de\/bloggen\/wp-json\/wp\/v2\/posts\/5945\/revisions"}],"predecessor-version":[{"id":6745,"href":"https:\/\/www.rathgeber-balance.de\/bloggen\/wp-json\/wp\/v2\/posts\/5945\/revisions\/6745"}],"wp:attachment":[{"href":"https:\/\/www.rathgeber-balance.de\/bloggen\/wp-json\/wp\/v2\/media?parent=5945"}],"wp:term":[{"taxonomy":"category","embeddable":true,"href":"https:\/\/www.rathgeber-balance.de\/bloggen\/wp-json\/wp\/v2\/categories?post=5945"},{"taxonomy":"post_tag","embeddable":true,"href":"https:\/\/www.rathgeber-balance.de\/bloggen\/wp-json\/wp\/v2\/tags?post=5945"}],"curies":[{"name":"wp","href":"https:\/\/api.w.org\/{rel}","templated":true}]}}