{"id":5965,"date":"2018-05-01T09:44:23","date_gmt":"2018-05-01T07:44:23","guid":{"rendered":"http:\/\/www.rathgeber-balance.de\/bloggen\/?p=5965"},"modified":"2018-05-01T15:41:48","modified_gmt":"2018-05-01T13:41:48","slug":"alles-neu-macht-der-mai","status":"publish","type":"post","link":"https:\/\/www.rathgeber-balance.de\/bloggen\/gartenskizzen\/alles-neu-macht-der-mai\/","title":{"rendered":"Alles neu, macht der Mai&#8230;"},"content":{"rendered":"<p><img loading=\"lazy\" decoding=\"async\" class=\"alignleft size-full wp-image-5963\" src=\"http:\/\/www.rathgeber-balance.de\/bloggen\/wp-content\/uploads\/2018\/04\/Mai-II-003b.jpg\" alt=\"\" width=\"250\" height=\"166\" \/>&#8230; auch wenn sich \u201eApril\u201c l\u00e4ngst ans Werk gemacht hat.<!--more--><\/p>\n<p>April 2018 war in Bayern so warm wie noch nie seit den Wetteraufzeichnungen im Jahr 1881.<\/p>\n<p>Mit vielen Sonnenstunden in teils sommerlichen H\u00f6hen mit kr\u00e4ftigen, austrocknenden Winden und wenig Niederschl\u00e4gen.<br \/>\nDie Wetterlage wird nun beim Wechsel in den Monat Mai sehr viel besser passen und eine gewisse jahreszeitliche Ordnung herstellen.<br \/>\nNachts k\u00fchlt es allerdings angenehm ab.<\/p>\n<p>Waldgei\u00dfbart, eine\u00a0 hochgewachsene, wenn auch filigrane Staude mit luftigem Blattwerk, wandert und wandert.<br \/>\nEr ist nun auch im Waldbeet \u00a0unter der gro\u00dfen Fichte mit viel Schatten angesiedelt und in anderen dusteren Bereichen.<\/p>\n<p><img loading=\"lazy\" decoding=\"async\" class=\"alignleft size-full wp-image-5966\" src=\"http:\/\/www.rathgeber-balance.de\/bloggen\/wp-content\/uploads\/2018\/05\/Mai-2018-008b.jpg\" alt=\"\" width=\"250\" height=\"166\" \/>Unter dem gro\u00dfen, alten Flieder hingegen ist bis in den fr\u00fchen Nachmittag pralle Sonne.<br \/>\nMit abgeschnittenen \u00c4sten von den Obstb\u00e4umen habe ich eine Spirale angedeutet, was den Bereich in Abschnitte unterteilt. Nun muss ich abwarten, wie sich die Stauden entwickeln.<br \/>\nAuch das kleine M\u00e4uerchen, das ich aus \u00fcbrig gebliebenen Steinen vom Teichbau errichtet habe, f\u00fcgt sich in den angedeuteten Kreis ein. Es wird umspielt von Storchschnabel-Sorten, zwischen den Ritzen wachsen kleine Pfl\u00e4nzchen wie Moossteinbrech, Waldmeister und Akeleien.<\/p>\n<p><img loading=\"lazy\" decoding=\"async\" class=\"alignleft size-full wp-image-5968\" src=\"http:\/\/www.rathgeber-balance.de\/bloggen\/wp-content\/uploads\/2018\/05\/Mai.jpg\" alt=\"\" width=\"250\" height=\"166\" \/>Am Teich bl\u00fcht Enzian, und zwar mitunter an Stellen, die er sich selbst ausgesucht hat, da er unterirdische\u00a0 Ausl\u00e4ufer bildet.<br \/>\nHierbei handelt es sich um <em>Gentiana acaulis,<\/em> dem gro\u00dfblumigen Fr\u00fchlingsenzian.<br \/>\nSo manches Mal mit ein bisschen Gl\u00fcck ist auch im Herbst eine Sp\u00e4tbl\u00fcte zu erwarten.<\/p>\n<p><img loading=\"lazy\" decoding=\"async\" class=\"alignleft size-full wp-image-5969\" src=\"http:\/\/www.rathgeber-balance.de\/bloggen\/wp-content\/uploads\/2018\/05\/Mai29.April2018-003b.jpg\" alt=\"\" width=\"250\" height=\"166\" \/>Waldmeister beginnt zu bl\u00fchen, ein Zeichen daf\u00fcr, dass nun Wonnemonat Mai ist.<br \/>\nDas traditionelle Waldmeistergelee wird zubereitet.<br \/>\nHierf\u00fcr ein gro\u00dfes Bund Waldmeister abschneiden und einige Zeit anwelken lassen. Dabei entsteht der typische Waldmeister-Duft.<\/p>\n<p><img loading=\"lazy\" decoding=\"async\" class=\"alignleft size-full wp-image-5970\" src=\"http:\/\/www.rathgeber-balance.de\/bloggen\/wp-content\/uploads\/2018\/05\/Mai-2018-001b.jpg\" alt=\"\" width=\"250\" height=\"166\" \/>Die Stiele etwas \u201everlesen\u201c, in eine gro\u00dfe Sch\u00fcssel geben, mit einem Liter Apfelsaft \u00fcbergie\u00dfen, bedecken und f\u00fcr ca. 24 Stunden in den K\u00fchlschrank geben.<br \/>\nAbsieben, die Fl\u00fcssigkeit abmessen, Saft einer frisch ausgepressten Zitrone hinzugeben, mit Gelierzucker (1:3) aufkochen und sprudelnd kochen lassen. Ein wenig Rum hinzugeben bei Bedarf.<br \/>\nNoch Stunden danach duftet es in der K\u00fcche nach s\u00fc\u00dfen \u00c4pfeln und Brause.<\/p>\n<p><img loading=\"lazy\" decoding=\"async\" class=\"alignleft size-full wp-image-5971\" src=\"http:\/\/www.rathgeber-balance.de\/bloggen\/wp-content\/uploads\/2018\/05\/Mai-29.April2018-004b.jpg\" alt=\"\" width=\"250\" height=\"166\" \/>Die Tulpenbl\u00fcte neigt sich leider dem Ende zu.<br \/>\nJedes Jahr stellt sich die gleiche Frage, ob ich die Zwiebeln nach der wundersch\u00f6nen Bl\u00fcte herausnehmen und trocken lagern soll, da sie sonst sp\u00e4rlich bl\u00fchen.<\/p>\n<p>Somit besinne ich mich auf alte G\u00e4rtnertraditionen\u00a0 und \u00fcbersommere die\u00a0 Blumenzwiebeln, \u00a0auch wenn dies mit Aufwand verbunden ist.<br \/>\nAuf diese Weise k\u00f6nnen die Bl\u00e4tter in Ruhe einziehen, ohne das Gartenbild zu verunzieren, ich kann ungest\u00f6rt Grabearbeiten vornehmen und die Tulpenzwiebeln sind vor drohender Staun\u00e4sse gesch\u00fctzt.<br \/>\nHierf\u00fcr habe ich beschriftete Schachteln, eine f\u00fcr Narzissen und eine f\u00fcr Tulpenzwiebeln.<br \/>\nIm n\u00e4chsten Herbst kaufe ich sparsam Blumenzwiebeln hinzu und pflanze die Sch\u00e4tze ein, so dass die Freude \u00fcber eine zuverl\u00e4ssige Bl\u00fcte vorprogrammiert ist.<\/p>\n<p>Und nie ist der Garten am fr\u00fchen Morgen der Gleiche, den ich am Abend verabschiedet habe.<br \/>\nDie Ver\u00e4nderungen geschehen \u00fcber Nacht und gut sichtbar.<\/p>\n<p><img loading=\"lazy\" decoding=\"async\" class=\"alignleft size-full wp-image-5972\" src=\"http:\/\/www.rathgeber-balance.de\/bloggen\/wp-content\/uploads\/2018\/05\/1.-Mai-2018-006bz.jpg\" alt=\"\" width=\"250\" height=\"345\" srcset=\"https:\/\/www.rathgeber-balance.de\/bloggen\/wp-content\/uploads\/2018\/05\/1.-Mai-2018-006bz.jpg 250w, https:\/\/www.rathgeber-balance.de\/bloggen\/wp-content\/uploads\/2018\/05\/1.-Mai-2018-006bz-217x300.jpg 217w\" sizes=\"auto, (max-width: 250px) 100vw, 250px\" \/>Der H\u00f6hepunkt der Fliederbl\u00fcte, normalerweise im Monat Mai um den Muttertag herum, ist bereits ein wenig \u00fcberschritten. Es hat wunderbar im ganzen Garten geduftet und duftet immer noch.<br \/>\nNun steht die restliche Rhododendronbl\u00fcte bevor, die der Azaleen, der Akeleien, Pfingstrosen und Waldreben, heuer alles ein wenig fr\u00fcher.<br \/>\nUnd nat\u00fcrlich Maigl\u00f6ckchen nicht zu vergessen, wei\u00dfbl\u00fchende Pfingstveilchen und Elfenblumen,\u00a0 zur\u00fcckhaltende Sch\u00f6nheiten, die leicht \u00fcbersehen werden.<\/p>\n<p>Es ist eh die sch\u00f6nste Zeit im Jahr, wenn alle Pflanzen frisch gr\u00fcn austreiben und eine Spannung in der Luft liegt. Die Vorfreude auf all das, was kommen wird.<\/p>\n<p>Mai ist auch ein Meilenstein im Garten, denn nach den Eisheiligen (11.05. &#8211; 15.05.) d\u00fcrfen frostempfindliche (Gem\u00fcse-) Pflanzen ins Freie.<br \/>\n<span style=\"color: #008000;\"><em>Mitunter der G\u00e4rtner nicht daran denkt, dass Sophie dem Mai gern Eisblumen schenkt.<\/em><\/span><\/p>\n<p>Auch die vorgezogenen Dahlien k\u00f6nnen dann langsam vom Balkon in die Beete umziehen.<\/p>\n<p>&nbsp;<\/p>\n","protected":false},"excerpt":{"rendered":"<p>&#8230; auch wenn sich \u201eApril\u201c l\u00e4ngst ans Werk gemacht hat.<\/p>\n","protected":false},"author":1,"featured_media":0,"comment_status":"open","ping_status":"open","sticky":false,"template":"","format":"standard","meta":{"footnotes":""},"categories":[206],"tags":[],"class_list":["post-5965","post","type-post","status-publish","format-standard","hentry","category-gartenskizzen"],"_links":{"self":[{"href":"https:\/\/www.rathgeber-balance.de\/bloggen\/wp-json\/wp\/v2\/posts\/5965","targetHints":{"allow":["GET"]}}],"collection":[{"href":"https:\/\/www.rathgeber-balance.de\/bloggen\/wp-json\/wp\/v2\/posts"}],"about":[{"href":"https:\/\/www.rathgeber-balance.de\/bloggen\/wp-json\/wp\/v2\/types\/post"}],"author":[{"embeddable":true,"href":"https:\/\/www.rathgeber-balance.de\/bloggen\/wp-json\/wp\/v2\/users\/1"}],"replies":[{"embeddable":true,"href":"https:\/\/www.rathgeber-balance.de\/bloggen\/wp-json\/wp\/v2\/comments?post=5965"}],"version-history":[{"count":18,"href":"https:\/\/www.rathgeber-balance.de\/bloggen\/wp-json\/wp\/v2\/posts\/5965\/revisions"}],"predecessor-version":[{"id":5991,"href":"https:\/\/www.rathgeber-balance.de\/bloggen\/wp-json\/wp\/v2\/posts\/5965\/revisions\/5991"}],"wp:attachment":[{"href":"https:\/\/www.rathgeber-balance.de\/bloggen\/wp-json\/wp\/v2\/media?parent=5965"}],"wp:term":[{"taxonomy":"category","embeddable":true,"href":"https:\/\/www.rathgeber-balance.de\/bloggen\/wp-json\/wp\/v2\/categories?post=5965"},{"taxonomy":"post_tag","embeddable":true,"href":"https:\/\/www.rathgeber-balance.de\/bloggen\/wp-json\/wp\/v2\/tags?post=5965"}],"curies":[{"name":"wp","href":"https:\/\/api.w.org\/{rel}","templated":true}]}}