{"id":6140,"date":"2018-06-14T10:53:29","date_gmt":"2018-06-14T08:53:29","guid":{"rendered":"http:\/\/www.rathgeber-balance.de\/bloggen\/?p=6140"},"modified":"2021-04-30T09:47:20","modified_gmt":"2021-04-30T07:47:20","slug":"juni-im-fruehsommer","status":"publish","type":"post","link":"https:\/\/www.rathgeber-balance.de\/bloggen\/gartenskizzen\/juni-im-fruehsommer\/","title":{"rendered":"Juni im Fr\u00fchsommer"},"content":{"rendered":"<p><img loading=\"lazy\" decoding=\"async\" class=\"alignleft size-full wp-image-6101\" src=\"http:\/\/www.rathgeber-balance.de\/bloggen\/wp-content\/uploads\/2018\/06\/Blumenwiese-und-co-007b-980x450.jpg\" alt=\"\" width=\"640\" height=\"294\" \/><\/p>\n<p>&nbsp;<\/p>\n<p>&nbsp;<\/p>\n<p>&nbsp;<\/p>\n<p>&nbsp;<\/p>\n<p>&nbsp;<\/p>\n<p>Das Jahr l\u00e4uft dahin und es kommt mir vor, wie wenn heuer (bis auf wenige Unterbrechungen) immer Sommer w\u00e4re.<!--more--><\/p>\n<p>Die Blumenwiese ist abgem\u00e4ht. Margeriten und Schafgarbe haben leuchtende Blickpunkte gesetzt.<br \/>\n<em>Wenn sie am sch\u00f6nsten ist, soll man sie m\u00e4hen<\/em>\u2026 hei\u00dft es, auch wenn es schwer f\u00e4llt. In der ersten oder zweiten Juniwoche.<br \/>\nEs werden zwar viele bl\u00fchende Pflanzen abgem\u00e4ht, aber nach vier bis f\u00fcnf Wochen kommt es zu einer zweiten Bl\u00fcte. Auf diese Weise wird auch die Versamung der Gr\u00e4ser unterbunden.<br \/>\n<img loading=\"lazy\" decoding=\"async\" class=\"alignleft size-full wp-image-6117\" src=\"http:\/\/www.rathgeber-balance.de\/bloggen\/wp-content\/uploads\/2018\/06\/DIG-Juni-Blumenwiese-und-co-012bb.jpg\" alt=\"\" width=\"250\" height=\"180\" \/>Die lange Beschattung w\u00fcrde in den unteren Bereichen der Blumenwiese auch lichthungrige Arten wie beispielweise Karth\u00e4usernelke und Margerite verdr\u00e4ngen.<br \/>\nQuelle: <a href=\"https:\/\/www.syringa-pflanzen.de\/blumenwiesen-aussaen.html\">www.syringa-pflanzen.de\/blumenwiesen-aussaen.html<\/a><br \/>\nWie immer habe ich von Hand vorgeschnitten und anschlie\u00dfend mit dem Rasenm\u00e4her auf den Stufen 6 und 5. Der abgem\u00e4hte Bereich duftet noch lange Zeit danach nach Heublumen.<\/p>\n<p>Nun wird ab und zu Moos mit dem kleine Rechen herausgeharkt oder die Wiese punktuell entfernt und gezielt eine Sand-Wildblumenmischung\u00a0 ausgebracht. Auch bereits vorgezogene Blumen wie Wildmalven, Jungfer im Gr\u00fcnen und Wildkornblumen eignen sich, die Grasnarbe zu \u201eimpfen.<\/p>\n<p>Jetzt setzt sich langsam auch Feldthymian durch, der die beiden Jahre zuvor schon wundersch\u00f6n, wenn auch unauff\u00e4llig, gebl\u00fcht hat. Auch hier wird regelm\u00e4\u00dfig nachges\u00e4t.<br \/>\nF\u00fcnf ausladende Lupinenhorste und einige zarte Bl\u00fcmchen habe ich beim M\u00e4hen ausgespart. Sie fehlt, die Blumenwiese, aber das M\u00e4hen hat auch einen Abschnitt im heuer etwas monoton erscheinenden Gartenjahr gesetzt.<br \/>\nNun ist die Vorfreude und Spannung wieder pr\u00e4sent und wenn ich einen Moment Zeit habe, dann bringe ich ein wenig Samenmischung aus.<\/p>\n<p><img loading=\"lazy\" decoding=\"async\" class=\"alignleft size-full wp-image-6115\" src=\"http:\/\/www.rathgeber-balance.de\/bloggen\/wp-content\/uploads\/2018\/06\/DIG-Juni-Rosenessig-Juni-2018-006b.jpg\" alt=\"\" width=\"250\" height=\"345\" srcset=\"https:\/\/www.rathgeber-balance.de\/bloggen\/wp-content\/uploads\/2018\/06\/DIG-Juni-Rosenessig-Juni-2018-006b.jpg 250w, https:\/\/www.rathgeber-balance.de\/bloggen\/wp-content\/uploads\/2018\/06\/DIG-Juni-Rosenessig-Juni-2018-006b-217x300.jpg 217w\" sizes=\"auto, (max-width: 250px) 100vw, 250px\" \/>Das Vorziehen und Aufp\u00e4ppeln von Levkojen hat sich gelohnt. Sie bl\u00fchen nun im Gem\u00fcsebeet und in kleinen T\u00f6pfen an der Hauswand in bezaubernden Pastellfarben. Wenn ich mich b\u00fccke, kann ich einen leichten Duft von Vanille wahrnehmen.<\/p>\n<p>Im Kr\u00e4uterbeet haben sich Argentinisches Eisenkraut, Baldrian und Prachtkerzen (<em>Gaura lindheimeri)<\/em> selbst ausges\u00e4t. Auch Purpursonnenhut (<em>Echinacea purpurea)<\/em> hat sich vermehrt. Der Platz wird knapp.<\/p>\n<p>Eine neue Wildstaude ist im Kr\u00e4uterbeet eingezogen, <em>Dictamnus albus,<\/em> auch Brennender Busch genannt, in einer wei\u00dfen T\u00f6nung. Gelegentlich kann man die Staude auch auf\u00a0 Trockenwiesen oder an Waldr\u00e4ndern entdecken, sie steht unter Naturschutz.<\/p>\n<p>Dictamnus erreicht eine Wuchsh\u00f6he von 80 cm mit kr\u00e4ftigen Stielen, an denen sich doldenartig angeordnete Bl\u00fcten in Wei\u00df oder auch in hellem Fliederrosa von Ende Mai bis Juli entfalten. Dabei verbreitet Diptam einen Duft nach Zitrone, Vanille, Zimt, hei\u00dft es. Kleine Dr\u00fcsen an den Fruchtst\u00e4nden des Diptams geben zur Reifezeit \u00e4therisches \u00d6l ab, das sich an hei\u00dfen Tagen entz\u00fcnden kann. Daher auch der Name.<br \/>\nMan muss allerdings Geduld haben, denn bis die Pflanze eingewachsen ist und bl\u00fcht und auch duftet, vergehen zwei bis drei Jahre. Darum wird Diptam auch selten gepflanzt. Der Standort sollte an Gehh\u00f6lzr\u00e4ndern liegen oder im Pr\u00e4riegarten mit wasserdurchl\u00e4ssigem, sandigem, eher trockenem Boden. Gegossen wird nur bei l\u00e4ngeren Trockenperioden.<br \/>\nDoch bitte Vorsicht: alle Teile der Pflanze sind giftig.<\/p>\n<p><img loading=\"lazy\" decoding=\"async\" class=\"alignleft size-full wp-image-6110\" src=\"http:\/\/www.rathgeber-balance.de\/bloggen\/wp-content\/uploads\/2018\/06\/DIG-Arnika-2018-002a.jpg\" alt=\"\" width=\"250\" height=\"166\" \/>In der Garten-Naturapotheke habe ich Bl\u00fcten von Wiesenarnika\u00a0 (<em>Arnica chamissonis)<\/em>, die nun recht \u00fcppig \u00a0im Beet am Zaun und auch zu den Nachbarn gedeiht, in Alkohol eingelegt. Nach einiger Zeit des Ziehens kann ich die Tinktur in ein Roll-On-Fl\u00e4schchen f\u00fcllen und zum K\u00fchlen von M\u00fcckenstichen verwenden.<br \/>\nDie Inhaltsstoffe der Pflanze wirken antibakteriell, entz\u00fcndungshemmend, krampfl\u00f6send, schmerzstillend und blutreinigend.<\/p>\n<p>Das Zubereiten von ein wenig Rosenhydrolat hat sich routinem\u00e4\u00dfig, und zwar am besten w\u00e4hrend des Fr\u00fchst\u00fccks, bew\u00e4hrt. Das Pfl\u00fccken von frischen Rosenbl\u00fcten ist au\u00dferdem ein sch\u00f6ner Akt am fr\u00fchen Morgen. Das was zu viel an Pflanzmaterial\u00a0 f\u00fcr den kleinen Korb der Kupferdestille ist, wird im \u201eSetzkasten\u201c getrocknet f\u00fcr Kr\u00e4uterkissen und die Aromaduftlampe im fortgeschrittenen Gartenjahr.<\/p>\n<p><img loading=\"lazy\" decoding=\"async\" class=\"alignleft size-full wp-image-6111\" src=\"http:\/\/www.rathgeber-balance.de\/bloggen\/wp-content\/uploads\/2018\/06\/DIG-Juni-Rosenessig-Juni-2018-008h.jpg\" alt=\"\" width=\"250\" height=\"166\" \/>Rosenbl\u00fctenessig ist nun auch durchgeseiht und steht im Kistchen f\u00fcr Produkte aus der Gartenk\u00fcche.<\/p>\n<p>Im gesamten Garten haben bereits Schnittma\u00dfnahmen stattgefunden, auch die Bepflanzung am Teich ist wieder etwas gelichtet.<br \/>\nNun kann der zweite Rosenflor in Ruhe abgewartet werden und es wird wieder etwas leichter, was Gartenarbeit betrifft.<\/p>\n<p><img loading=\"lazy\" decoding=\"async\" class=\"alignleft size-full wp-image-6128\" src=\"http:\/\/www.rathgeber-balance.de\/bloggen\/wp-content\/uploads\/2018\/06\/DIG-Juni-Mitte-Juni-2018-006b.jpg\" alt=\"\" width=\"250\" height=\"180\" \/>Der allerletzte Rhododendronbusch bl\u00fcht, nun aber treten neue Stars auf die Naturb\u00fchne, n\u00e4mlich Hortensien in allen Variationen. <em>Hydrangea a<\/em>us der Familie der Hortensiengew\u00e4chse (<em>Hydrangeaceae).<\/em><br \/>\nAls Rispenhortensie, Eichblatt-Hortensie, die Ballhortensie <em>Hydrangea arborescens \u201aAnnabelle\u2018<\/em>\u00a0 schm\u00fcckt sich besonders verschwenderisch mit vanillefarbenen Bl\u00fctenb\u00e4llen. Sie hat allerdings einen \u201eReif\u201c (einen d\u00fcnnen Drahtring, der am Zaun durchgef\u00e4delt ist) bekommen, den sie das ganze Jahr \u00fcber tr\u00e4gt.<br \/>\nSchlichte Bauernhortensien, teils auch in wei\u00dfen Farben, sehen wundersch\u00f6n aus an eher schattigen Stellen, da sie viel Wasser ben\u00f6tigen.<\/p>\n<p>Die \u201eBeregnung\u201c l\u00e4uft erfreulich gut, da es meist am fr\u00fchen Abend gewittert und der Garten kr\u00e4ftig gew\u00e4ssert wird. Die Vogeltr\u00e4nke muss dennoch h\u00e4ufig aufgef\u00fcllt werden, da die Plantschereien viel Wasser verbrauchen.<\/p>\n<p>In der zweiten Junih\u00e4lfte gibt es zwei kleine H\u00f6hepunkte im Kalenderjahr zu verzeichnen, die Sommersonnwend (21. Juni) \u00a0und die Hauptbl\u00fctezeit von Johanniskraut (Johanni 24. Juni).<br \/>\n<em>Hypericum perforatum,<\/em> das \u201eechte\u201c Johanniskraut, \u00a0hat bereits viel Sonne getankt und ist voll heilsamer Wirkstoffe (zum Ansetzen von Rot\u00f6l, zum Sammeln und Trocknen der Bl\u00fcten f\u00fcr Johanniskrauttee).<br \/>\nDas Sommergetreide beginnt zu reifen. Es gilt die Regel: \u201e<em>Vor Johanni bitte Regen, nachher kommt er ungelegen\u201c. <\/em><\/p>\n<p>Es ist Gl\u00fchw\u00fcrmchenzeit, auch \u201eJohannisw\u00fcrmchen\u201c, genannt.<br \/>\nAn Waldr\u00e4ndern, in Parkanlagen und G\u00e4rten kann man jetzt f\u00fcr ungef\u00e4hr eine Stunde bei fortschreitender D\u00e4mmerung kleine Lichtpunkte, es sind Leuchtk\u00e4fer, die funkeln, entdecken.<br \/>\nTraditionell werden Rhabarber und Spargel bis zum Johannitag geerntet.<\/p>\n<p><img loading=\"lazy\" decoding=\"async\" class=\"alignleft size-full wp-image-6143\" src=\"http:\/\/www.rathgeber-balance.de\/bloggen\/wp-content\/uploads\/2018\/06\/DIG-Juni-Kirschen-Juni-2018-019b.jpg\" alt=\"\" width=\"250\" height=\"180\" \/>Die ersten wachsig gl\u00e4nzenden Kirschen liegen auf dem Boden und werden gl\u00fccklich von V\u00f6geln aufgepickt.<br \/>\nEs ist Fr\u00fchsommer.<\/p>\n","protected":false},"excerpt":{"rendered":"<p>&nbsp; &nbsp; &nbsp; &nbsp; &nbsp; Das Jahr l\u00e4uft dahin und es kommt mir vor, wie wenn heuer (bis auf wenige Unterbrechungen) immer Sommer w\u00e4re.<\/p>\n","protected":false},"author":1,"featured_media":0,"comment_status":"open","ping_status":"open","sticky":false,"template":"","format":"standard","meta":{"footnotes":""},"categories":[206],"tags":[],"class_list":["post-6140","post","type-post","status-publish","format-standard","hentry","category-gartenskizzen"],"_links":{"self":[{"href":"https:\/\/www.rathgeber-balance.de\/bloggen\/wp-json\/wp\/v2\/posts\/6140","targetHints":{"allow":["GET"]}}],"collection":[{"href":"https:\/\/www.rathgeber-balance.de\/bloggen\/wp-json\/wp\/v2\/posts"}],"about":[{"href":"https:\/\/www.rathgeber-balance.de\/bloggen\/wp-json\/wp\/v2\/types\/post"}],"author":[{"embeddable":true,"href":"https:\/\/www.rathgeber-balance.de\/bloggen\/wp-json\/wp\/v2\/users\/1"}],"replies":[{"embeddable":true,"href":"https:\/\/www.rathgeber-balance.de\/bloggen\/wp-json\/wp\/v2\/comments?post=6140"}],"version-history":[{"count":18,"href":"https:\/\/www.rathgeber-balance.de\/bloggen\/wp-json\/wp\/v2\/posts\/6140\/revisions"}],"predecessor-version":[{"id":8300,"href":"https:\/\/www.rathgeber-balance.de\/bloggen\/wp-json\/wp\/v2\/posts\/6140\/revisions\/8300"}],"wp:attachment":[{"href":"https:\/\/www.rathgeber-balance.de\/bloggen\/wp-json\/wp\/v2\/media?parent=6140"}],"wp:term":[{"taxonomy":"category","embeddable":true,"href":"https:\/\/www.rathgeber-balance.de\/bloggen\/wp-json\/wp\/v2\/categories?post=6140"},{"taxonomy":"post_tag","embeddable":true,"href":"https:\/\/www.rathgeber-balance.de\/bloggen\/wp-json\/wp\/v2\/tags?post=6140"}],"curies":[{"name":"wp","href":"https:\/\/api.w.org\/{rel}","templated":true}]}}