{"id":6187,"date":"2018-07-05T09:16:34","date_gmt":"2018-07-05T07:16:34","guid":{"rendered":"http:\/\/www.rathgeber-balance.de\/bloggen\/?p=6187"},"modified":"2019-03-14T20:49:40","modified_gmt":"2019-03-14T19:49:40","slug":"der-garten-im-juli","status":"publish","type":"post","link":"https:\/\/www.rathgeber-balance.de\/bloggen\/gartenskizzen\/der-garten-im-juli\/","title":{"rendered":"Der Garten im Juli"},"content":{"rendered":"<p><img loading=\"lazy\" decoding=\"async\" class=\"alignleft size-full wp-image-6164\" src=\"http:\/\/www.rathgeber-balance.de\/bloggen\/wp-content\/uploads\/2018\/07\/DIG-neue-Schmetterlinge-005bz.jpg\" alt=\"\" width=\"250\" height=\"180\" \/>Der Garten wirkt \u00a0&#8211; trotz der vielen Arbeit, die ich in ihn investiere &#8211; derzeit \u00a0ein wenig verwildert.<!--more--><\/p>\n<p>Vor allem der Uferbereich des Teiches w\u00e4chst zu und ich habe den Satz des Gartenbauers im Ohr: \u201e<em>Haben Sie die Pflanzliste gesehen? Bald wird alles zu viel \u2026\u201c<\/em><\/p>\n<p>Gr\u00e4ser habe ich bereits abgeschnitten, damit ich wieder Wasser erkennen kann. Braune Bl\u00e4tter von Seerosen fische ich heran und schneide ab.<br \/>\nEin versteckter Grasfrosch protestiert.<br \/>\nDa das Ufer sofort steil abf\u00e4llt, kann ich nicht in den Teich steigen.<\/p>\n<p><em>Stratiotes aloides,<\/em> die Krebsschere, auch Wasseraloe genannt, hat bereits dichte\u00a0 Best\u00e4nde aufgebaut.<br \/>\nSie z\u00e4hlt zu den Froschbissgew\u00e4chsen (Familie <em>Hydrocharitaceae).<\/em><\/p>\n<p><img loading=\"lazy\" decoding=\"async\" class=\"alignleft size-full wp-image-6169\" src=\"http:\/\/www.rathgeber-balance.de\/bloggen\/wp-content\/uploads\/2018\/07\/DIG-JuliSchmetterlinge-2018-013nz.jpg\" alt=\"\" width=\"250\" height=\"180\" \/>Die kleinen wei\u00dfen Bl\u00fcten sind mir bislang noch nicht aufgefallen, die Zeit f\u00e4llt auf die Monate Juni bis September.<br \/>\nAber die schwertf\u00f6rmigen, am Rand ges\u00e4gten, stachligen Bl\u00e4tter umso mehr, die in gro\u00dfen Rosetten angeordnet sind.<br \/>\nIhre langen Wurzeln reichen bis auf den Teichgrund. Da sie nur im Sommer an der Wasseroberfl\u00e4che schwimmt, wird sie oft zu den Unterwasserpflanzen gez\u00e4hlt.<br \/>\nDie Krebsschere nimmt effektiv N\u00e4hrstoffe auf und tr\u00e4gt somit erheblich zur biologischen Kl\u00e4rung des Wassers bei.<\/p>\n<p>Die Blumenwiese hat nach der fr\u00fchen Mahd bislang nicht mehr zu ihrer H\u00f6chstform zur\u00fcckgefunden. Es sind allerdings viele Malven zu sehen, Thymian f\u00e4ngt langsam an zu bl\u00fchen und geht dennoch unter im Gewirr des Gr\u00fcns.<\/p>\n<p>In den Kr\u00e4uterbeeten bl\u00fcht es \u00fcppig, vor allen Dingen Wilder Dost, der von Schmetterlingen umschwirrt wird, und auch der verschollen geglaubte Borretsch\u00a0 ist in Kleinformat wieder aufgetaucht.<\/p>\n<p><img loading=\"lazy\" decoding=\"async\" class=\"alignleft size-full wp-image-6183\" src=\"http:\/\/www.rathgeber-balance.de\/bloggen\/wp-content\/uploads\/2018\/07\/DIG-Juli-300-Pixneue-Schmetterlinge-004b.jpg\" alt=\"\" width=\"300\" height=\"200\" \/>Der kleine Zwerg-Sommerflieder <em>Buddleja davidii &#8218;Buzz Velvet&#8216;<\/em> hat sich selbst \u00fcbertroffen und bereits eine H\u00f6he von ungef\u00e4hr 190 cm erreicht.<br \/>\nEr bl\u00fcht wunderbar \u00fcppig, die Rispen verstr\u00f6men zudem einen Duft, der der richtiggehend bet\u00f6rt.<br \/>\nDie Pflanze ist ideal als lichter, duftiger Sichtschutz.<\/p>\n<p>Johannisbeeren sind zusammen mit Apfelsaft zu Gelee verarbeitet, ein Kr\u00e4uterdrink wurde mit Erfolg getestet.<br \/>\nDas Rezept ist aus der Fernsehsendung \u201eWir in Bayern\u201c (vom 12.06.2018) entnommen. Kr\u00e4uterexpertin Monika Engelmann hat wieder einige Eistees und Limonaden mit Kr\u00e4utern und Bl\u00fcten vorgestellt, die gesund und auch erfrischend sind.<br \/>\n<a href=\"https:\/\/www.br.de\/br-fernsehen\/sendungen\/wir-in-bayern\/service\/rezept-eistee-kraeuter-orangenlimo-rhabarberlimo-kraeutergetraenk-monika-engelmann-100.html\">www.br.de\/br-fernsehen\/sendungen\/wir-in-bayern\/service\/rezept-eistee-kraeuter-orangenlimo-rhabarberlimo-kraeutergetraenk-monika-engelmann-100.html<\/a><\/p>\n<p><strong><span style=\"color: #ff6600;\">Zutaten:<\/span><br \/>\n<\/strong>500 ml Rhabarbersaft<br \/>\n500 ml gek\u00fchltes Sprudelwasser<br \/>\n2 Handvoll Duftrosen (Die\u00a0 Bl\u00fcten von Duftrosen sind hierbei zu empfehlen.)<br \/>\n50 ml Rosenwasser<br \/>\nEisw\u00fcrfel<br \/>\nein paar besonders sch\u00f6ne Rosenbl\u00e4tter zum Garnieren<\/p>\n<p><img loading=\"lazy\" decoding=\"async\" class=\"alignleft size-full wp-image-6176\" src=\"http:\/\/www.rathgeber-balance.de\/bloggen\/wp-content\/uploads\/2018\/07\/DIG-JuliRhabarberdrink-015k.jpg\" alt=\"\" width=\"250\" height=\"166\" \/>Da nun die hei\u00dferen Sommertage gekommen sind und langsam die zweite Rosenbl\u00fcte einsetzt, kommt mir das Getr\u00e4nk sehr willkommen. Das Rosenwasser habe ich weggelassen, der Rhabarbersaft schmeckt durch sein Aroma sehr erfrischend und der Drink hat zudem eine \u00fcberaus ansprechende Farbe.<\/p>\n<p>Juli nennt sich nach einer alten germanischen Bezeichnung (die das Jahr in zw\u00f6lf Monde aufteilt, die f\u00fcr typische Arbeiten auf dem Felde oder Feste, die gefeiert werden, symbolisch stehen) auch \u201eHeumond\u201c, denn auf den Wiesen findet nun die Hauptmahd statt.<br \/>\nGegen Ende des Monats, meist am Jakobitag am 25. Juli,\u00a0 beginnt auch die Getreideernte.<\/p>\n<p><img loading=\"lazy\" decoding=\"async\" class=\"alignleft size-full wp-image-6178\" src=\"http:\/\/www.rathgeber-balance.de\/bloggen\/wp-content\/uploads\/2018\/07\/DIG-Stockrosen-II-003z.jpg\" alt=\"\" width=\"250\" height=\"346\" srcset=\"https:\/\/www.rathgeber-balance.de\/bloggen\/wp-content\/uploads\/2018\/07\/DIG-Stockrosen-II-003z.jpg 250w, https:\/\/www.rathgeber-balance.de\/bloggen\/wp-content\/uploads\/2018\/07\/DIG-Stockrosen-II-003z-217x300.jpg 217w\" sizes=\"auto, (max-width: 250px) 100vw, 250px\" \/>Im Garten hat sich eine andere Stimmung breitgemacht.<br \/>\nKaum sp\u00fcrbar und noch schwerer fassbar. Die Leichtigkeit des Fr\u00fchlings ist verschwunden.<br \/>\nNun wird das Obst reif, die Brombeeren nehmen Farbe an, \u00c4ste des Birnbaums und auch des kleinen Apfelb\u00e4umchens beugen sich unter der Last der reifenden Fr\u00fcchte.<br \/>\nStockrosen ragen wie Skulpturen aus den Beeten.<\/p>\n<p>Und seit ich vereinzelte, scharlachrote Bl\u00e4ttchen am Pfaffenh\u00fctchen <em>Euonymus `Red cascade\u2018<\/em> entdeckt habe, wei\u00df ich, dass mein Eindruck mich nicht get\u00e4uscht hat.<br \/>\nDas Jahr reift ebenso wie die Fr\u00fcchte des Gartens und auf dem Feld.<\/p>\n<p>Aber keine Sorge, heuer ist ja eh immer Sommer.<\/p>\n<p><span style=\"color: #008000;\"><em><img loading=\"lazy\" decoding=\"async\" class=\"alignleft size-full wp-image-6180\" src=\"http:\/\/www.rathgeber-balance.de\/bloggen\/wp-content\/uploads\/2018\/07\/DIG-Julineue-Schmetterlinge-002b.jpg\" alt=\"\" width=\"250\" height=\"166\" \/>L\u00e4chle, denn es gibt einen Fr\u00fchling in deinem Garten, der die Bl\u00fcten bringt, einen Sommer, der die Bl\u00e4tter tanzen und einen Herbst, der die Fr\u00fcchte reifen l\u00e4sst.<\/em><\/span><br \/>\nArabisches Sprichwort<\/p>\n<p>(Und den Winter nicht zu vergessen, der ein Meister der Verwandlung ist mit Schnee, Nebel, Eis und Reif. Aber alles zu seiner Zeit.)<\/p>\n","protected":false},"excerpt":{"rendered":"<p>Der Garten wirkt \u00a0&#8211; trotz der vielen Arbeit, die ich in ihn investiere &#8211; derzeit \u00a0ein wenig verwildert.<\/p>\n","protected":false},"author":1,"featured_media":0,"comment_status":"open","ping_status":"open","sticky":false,"template":"","format":"standard","meta":{"footnotes":""},"categories":[206],"tags":[],"class_list":["post-6187","post","type-post","status-publish","format-standard","hentry","category-gartenskizzen"],"_links":{"self":[{"href":"https:\/\/www.rathgeber-balance.de\/bloggen\/wp-json\/wp\/v2\/posts\/6187","targetHints":{"allow":["GET"]}}],"collection":[{"href":"https:\/\/www.rathgeber-balance.de\/bloggen\/wp-json\/wp\/v2\/posts"}],"about":[{"href":"https:\/\/www.rathgeber-balance.de\/bloggen\/wp-json\/wp\/v2\/types\/post"}],"author":[{"embeddable":true,"href":"https:\/\/www.rathgeber-balance.de\/bloggen\/wp-json\/wp\/v2\/users\/1"}],"replies":[{"embeddable":true,"href":"https:\/\/www.rathgeber-balance.de\/bloggen\/wp-json\/wp\/v2\/comments?post=6187"}],"version-history":[{"count":15,"href":"https:\/\/www.rathgeber-balance.de\/bloggen\/wp-json\/wp\/v2\/posts\/6187\/revisions"}],"predecessor-version":[{"id":6723,"href":"https:\/\/www.rathgeber-balance.de\/bloggen\/wp-json\/wp\/v2\/posts\/6187\/revisions\/6723"}],"wp:attachment":[{"href":"https:\/\/www.rathgeber-balance.de\/bloggen\/wp-json\/wp\/v2\/media?parent=6187"}],"wp:term":[{"taxonomy":"category","embeddable":true,"href":"https:\/\/www.rathgeber-balance.de\/bloggen\/wp-json\/wp\/v2\/categories?post=6187"},{"taxonomy":"post_tag","embeddable":true,"href":"https:\/\/www.rathgeber-balance.de\/bloggen\/wp-json\/wp\/v2\/tags?post=6187"}],"curies":[{"name":"wp","href":"https:\/\/api.w.org\/{rel}","templated":true}]}}