{"id":6250,"date":"2018-08-03T09:55:44","date_gmt":"2018-08-03T07:55:44","guid":{"rendered":"http:\/\/www.rathgeber-balance.de\/bloggen\/?p=6250"},"modified":"2018-08-10T11:32:59","modified_gmt":"2018-08-10T09:32:59","slug":"der-garten-im-august","status":"publish","type":"post","link":"https:\/\/www.rathgeber-balance.de\/bloggen\/gartenskizzen\/der-garten-im-august\/","title":{"rendered":"Sternschnuppen im  August"},"content":{"rendered":"<p><img loading=\"lazy\" decoding=\"async\" class=\"alignleft size-full wp-image-6242\" src=\"http:\/\/www.rathgeber-balance.de\/bloggen\/wp-content\/uploads\/2018\/07\/DIGEchinadea-und-Hochzeitsblumen-019bb.jpg\" alt=\"\" width=\"250\" height=\"180\" \/>Der Garten ist in sein Hochsommerkleid geschl\u00fcpft.<!--more--><br \/>\nMit ruhigen Farben, derzeit \u00fcberwiegt das sanfte Purpur der Sonnenh\u00fcte, von Blutweiderich, dem Schmetterlingsstrauch, vielen Thymianb\u00fcscheln und Herbstanemonen, die sich auf hohen Rispen im Wind wiegen.<\/p>\n<p>Aber auch Orange ist auf der Palette zu finden, durch Sonnenbr\u00e4ute in kupfernen T\u00f6nen, Rosen, die auffallende Akzente setzen, und Echinacea (Sonnenhut), der allerdings auch sehr zur\u00fcckhaltend in Wei\u00df die Beete f\u00fcllt.<\/p>\n<p><img loading=\"lazy\" decoding=\"async\" class=\"alignleft size-full wp-image-6246\" src=\"http:\/\/www.rathgeber-balance.de\/bloggen\/wp-content\/uploads\/2018\/07\/DIGBallone-019bhochbobenweg.jpg\" alt=\"\" width=\"224\" height=\"310\" srcset=\"https:\/\/www.rathgeber-balance.de\/bloggen\/wp-content\/uploads\/2018\/07\/DIGBallone-019bhochbobenweg.jpg 224w, https:\/\/www.rathgeber-balance.de\/bloggen\/wp-content\/uploads\/2018\/07\/DIGBallone-019bhochbobenweg-217x300.jpg 217w\" sizes=\"auto, (max-width: 224px) 100vw, 224px\" \/>Schafgarbe ist wieder aufgebl\u00fcht und \u00fcberzieht in einer Invasion aus Fallschirmen die Blumenwiese, was beim (achtsamen) Betrachten die Zeit f\u00fcr einen Moment still stehen l\u00e4sst.<\/p>\n<p>In den Kr\u00e4uterbeeten habe ich bereits kr\u00e4ftig ausged\u00fcnnt und Wilden Dost zur\u00fcckgeschnitten. So k\u00f6nnen sich die \u00fcbrigen Kr\u00e4uter und auch Purpursonnenhut und Prachtkerzen (<em>Gaura lindheimeri)<\/em> \u00a0wieder besser entwickeln.<br \/>\nVerbenen machen sie nach wie vor sehr gut im Beet, noch dazu wo sie auf stabilen St\u00e4ngeln kerzengerade stehen.<\/p>\n<p>August als letzter meteorologischer Sommermonat ist ein Reise- und Urlaubsmonat und in vielen Betrieben wird auch die Arbeit f\u00fcr eine Weile niedergelegt. Das eine oder andere Restaurant macht Sommerpause.<\/p>\n<p>Der August wird allerdings nach der alten germanischen Bezeichnung auch Ernte-, \u00c4hren- oder Sichelmond genannt (was auf Arbeit hindeutet) und steht im Zeichen der Getreideernte, die traditionsgem\u00e4\u00df am 25. Juli zu St. Jakob begonnen hat.<\/p>\n<p>Und nun ist auch hier im S\u00fcden des Landes die Hitzewelle angekommen. Das Thermometer klettert bis auf 34 Grad,\u00a0 nachts k\u00fchlt es noch ganz angenehm ab.<br \/>\nSomit m\u00fcssen die Gewohnheiten ein wenig ver\u00e4ndert und angepasst werden, soziale Kontakte schlafen auch aufgrund der Sommerferien ein. Umso mehr machen sich Hobbys bezahlt, die nicht von den Jahreszeiten abh\u00e4ngig sind.<\/p>\n<p>Auch der Garten m\u00f6chte ausgiebig versorgt werden bei den anhaltend hochsommerlichen Temperaturen und vielleicht auch ein oder zwei G\u00e4rten der Nachbarn, die auf Reisen gehen.<br \/>\nEs ist ein beruhigendes Gef\u00fchl,\u00a0 Grundwasser zum Gie\u00dfen benutzen zu k\u00f6nnen und Solarstrom, der bei der anhaltenden Sonne immer wieder rasch die Speicher f\u00fcllt.<\/p>\n<p><img loading=\"lazy\" decoding=\"async\" class=\"alignleft size-full wp-image-6255\" src=\"http:\/\/www.rathgeber-balance.de\/bloggen\/wp-content\/uploads\/2018\/08\/DiG-K\u00f6nigskerze-017ab.jpg\" alt=\"\" width=\"250\" height=\"166\" \/>Im Monat August ist zum Ausgleich aber auch ein wenig Brauchtum zu finden.<br \/>\nZu Mitte des\u00a0 Monats am 15. August ist Maria Himmelfahrt und es kann traditionell der Kr\u00e4uterbuschn gebunden werden.<br \/>\nNun haben die Heilkr\u00e4uter besonders viele Inhaltsstoffe und der Strau\u00df galt fr\u00fcher als kleine Hausapotheke.<br \/>\nIn der Mitte des B\u00fcndels befindet sich\u00a0 meist eine K\u00f6nigskerze, umgeben von heimischen Kr\u00e4utern und Heilpflanzen wie wie Arnika, Baldrian, Beifu\u00df, Frauenmantel, Kamille, Johanniskraut, Liebst\u00f6ckel, Pfefferminze, Schafgarbe, Rainfarn, Thymian, Majoran, Ringelblume und vieles mehr.<\/p>\n<p><img loading=\"lazy\" decoding=\"async\" class=\"alignleft size-full wp-image-6257\" src=\"http:\/\/www.rathgeber-balance.de\/bloggen\/wp-content\/uploads\/2018\/08\/DIGWiesenkn\u00f6terich-015bz.jpg\" alt=\"\" width=\"250\" height=\"180\" \/>Eine Staude gef\u00e4llt mir derzeit ganz besonders, die ich letzten Sommer im August im Hinterhof einer K\u00fcnstlerwerkstatt gesehen und bislang nicht gekannt habe \u00a0&#8211; Wiesenkn\u00f6terich, auch Schlangekn\u00f6terich genannt, <em>Bistorta officinalis<\/em>, aus der Familie der Kn\u00f6terichgew\u00e4chse.<br \/>\nDie Pflanze bl\u00fcht seit einiger Zeit sehr zur\u00fcckhaltend und schlicht in himbeerfarbenen \u00c4hren, die auf langen d\u00fcnnen Stielen sitzen. Die Staude mit den zart rosa Rispen ist jetzt erst aufgebl\u00fcht.<br \/>\nSie m\u00f6gen einen sonnigen bis halbschattigen Platz und gelten als anspruchslose Pflanzen.<\/p>\n<p>Jetzt sind auch die letzten vorgezogenen Pfl\u00e4nzchen gesetzt, Malven und Lupinen.<br \/>\nDie Spannung hat sich ein wenig aufgel\u00f6st, die Lust daran, etwas Neues f\u00fcr die Beete (an) zu schaffen, da f\u00fcr diese Saison (fast) alles fertig ist.<br \/>\nMalven in allen m\u00f6glichen Variationen machen sich sehr gut in T\u00f6pfen oder Beeten. Als Bechermalven in kr\u00e4ftigen rosa T\u00f6nen und als Wildblumenmalve \u201eGew\u00f6hnliche Malve\u201c in purpurfarbener, gemaserter Schattierung auch dekorativ vor schlichten Holzlatten.<\/p>\n<p><img loading=\"lazy\" decoding=\"async\" class=\"alignleft size-full wp-image-6272\" src=\"http:\/\/www.rathgeber-balance.de\/bloggen\/wp-content\/uploads\/2018\/08\/DIG-Malve003bhochkanth.jpg\" alt=\"\" width=\"250\" height=\"335\" srcset=\"https:\/\/www.rathgeber-balance.de\/bloggen\/wp-content\/uploads\/2018\/08\/DIG-Malve003bhochkanth.jpg 250w, https:\/\/www.rathgeber-balance.de\/bloggen\/wp-content\/uploads\/2018\/08\/DIG-Malve003bhochkanth-224x300.jpg 224w\" sizes=\"auto, (max-width: 250px) 100vw, 250px\" \/>Nun steht die Obsternte an, besonders der Birnbaum ist reichlich mit Fr\u00fcchten behangen, die zumindest im letzten Jahr s\u00fc\u00df und saftig geschmeckt haben. \u00dcberreifes Obst muss t\u00e4glich aufgeklaubt werden.<br \/>\nDas Gem\u00fcse reift, Duftrosen bilden neue Bl\u00fcten aus, um sie weiterzuverarbeiten, Teekr\u00e4uter wie beispielsweise Salbei k\u00f6nnen langsam f\u00fcr den Winter getrocknet werden.<\/p>\n<p>Und wer noch ein paar W\u00fcnsche offen hat, der sollte unbedingt in der Nacht vom 12. auf den 13. August\u00a0 den Sternenhimmel beobachten, denn dann sind besonders viele Sternschnuppen zu sehen.<\/p>\n<p>&nbsp;<\/p>\n<p>&nbsp;<\/p>\n<p>&nbsp;<\/p>\n<p>&nbsp;<\/p>\n<p>&nbsp;<\/p>\n","protected":false},"excerpt":{"rendered":"<p>Der Garten ist in sein Hochsommerkleid geschl\u00fcpft.<\/p>\n","protected":false},"author":1,"featured_media":0,"comment_status":"open","ping_status":"open","sticky":false,"template":"","format":"standard","meta":{"footnotes":""},"categories":[206],"tags":[],"class_list":["post-6250","post","type-post","status-publish","format-standard","hentry","category-gartenskizzen"],"_links":{"self":[{"href":"https:\/\/www.rathgeber-balance.de\/bloggen\/wp-json\/wp\/v2\/posts\/6250","targetHints":{"allow":["GET"]}}],"collection":[{"href":"https:\/\/www.rathgeber-balance.de\/bloggen\/wp-json\/wp\/v2\/posts"}],"about":[{"href":"https:\/\/www.rathgeber-balance.de\/bloggen\/wp-json\/wp\/v2\/types\/post"}],"author":[{"embeddable":true,"href":"https:\/\/www.rathgeber-balance.de\/bloggen\/wp-json\/wp\/v2\/users\/1"}],"replies":[{"embeddable":true,"href":"https:\/\/www.rathgeber-balance.de\/bloggen\/wp-json\/wp\/v2\/comments?post=6250"}],"version-history":[{"count":21,"href":"https:\/\/www.rathgeber-balance.de\/bloggen\/wp-json\/wp\/v2\/posts\/6250\/revisions"}],"predecessor-version":[{"id":6278,"href":"https:\/\/www.rathgeber-balance.de\/bloggen\/wp-json\/wp\/v2\/posts\/6250\/revisions\/6278"}],"wp:attachment":[{"href":"https:\/\/www.rathgeber-balance.de\/bloggen\/wp-json\/wp\/v2\/media?parent=6250"}],"wp:term":[{"taxonomy":"category","embeddable":true,"href":"https:\/\/www.rathgeber-balance.de\/bloggen\/wp-json\/wp\/v2\/categories?post=6250"},{"taxonomy":"post_tag","embeddable":true,"href":"https:\/\/www.rathgeber-balance.de\/bloggen\/wp-json\/wp\/v2\/tags?post=6250"}],"curies":[{"name":"wp","href":"https:\/\/api.w.org\/{rel}","templated":true}]}}