{"id":630,"date":"2014-10-12T11:40:32","date_gmt":"2014-10-12T09:40:32","guid":{"rendered":"http:\/\/www.rathgeber-balance.de\/bloggen\/?p=630"},"modified":"2018-01-26T21:23:49","modified_gmt":"2018-01-26T20:23:49","slug":"ein-biotop-im-wandel-der-jahreszeiten-vollherbst","status":"publish","type":"post","link":"https:\/\/www.rathgeber-balance.de\/bloggen\/impressionen\/ein-biotop-im-wandel-der-jahreszeiten-vollherbst\/","title":{"rendered":"Ein Biotop im Wandel der Jahreszeiten &#8211;  Vollherbst"},"content":{"rendered":"<p><a href=\"http:\/\/www.rathgeber-balance.de\/bloggen\/wp-content\/uploads\/2014\/10\/Dahlie-Schmetterling.jpg\"><img loading=\"lazy\" decoding=\"async\" class=\"alignleft size-full wp-image-631\" src=\"http:\/\/www.rathgeber-balance.de\/bloggen\/wp-content\/uploads\/2014\/10\/Dahlie-Schmetterling.jpg\" alt=\"Schmetterling\" width=\"250\" height=\"166\" \/><\/a>Das f\u00f6hnige Wetter hier im S\u00fcden des Landes bringt den &#8222;Takt&#8220; wieder ein wenig durcheinander.<\/p>\n<p>Fast Mitte Oktober, der Garten steht in voller Bl\u00fcte durch Silberkerzen, organgefarbene Kapuzinerkresse, Prunkwinden, die ich aus Samen gezogen habe, wieder aufgebl\u00fchte Rosen und nat\u00fcrlich Dahlien, die nun besonders gut zur Geltung kommen. Ich freue mich an der schlichen Farbe Wei\u00df.<!--more--><\/p>\n<p>Auch im Biotop sieht es aus, als w\u00fcrde die Zeit ein wenig langsamer laufen.<br \/>\nBunte Blumen und Fr\u00fcchte, das Laub der Birke nimmt Farbe an.<\/p>\n<p><a href=\"http:\/\/www.rathgeber-balance.de\/bloggen\/wp-content\/uploads\/2014\/10\/Schafgarbe.jpg\"><img loading=\"lazy\" decoding=\"async\" class=\"alignleft size-full wp-image-632\" src=\"http:\/\/www.rathgeber-balance.de\/bloggen\/wp-content\/uploads\/2014\/10\/Schafgarbe.jpg\" alt=\"Schafgarbe\" width=\"250\" height=\"166\" \/><\/a><\/p>\n<p>&nbsp;<\/p>\n<p>&nbsp;<\/p>\n<p>&nbsp;<\/p>\n<p>&nbsp;<\/p>\n<p><a href=\"http:\/\/www.rathgeber-balance.de\/bloggen\/wp-content\/uploads\/2014\/10\/Nachtkerze1.jpg\"><img loading=\"lazy\" decoding=\"async\" class=\"alignleft size-full wp-image-637\" src=\"http:\/\/www.rathgeber-balance.de\/bloggen\/wp-content\/uploads\/2014\/10\/Nachtkerze1.jpg\" alt=\"Nachtkerze\" width=\"250\" height=\"166\" \/><\/a><\/p>\n<p>&nbsp;<\/p>\n<p>&nbsp;<\/p>\n<p>&nbsp;<\/p>\n<p>&nbsp;<\/p>\n<p><img loading=\"lazy\" decoding=\"async\" class=\"alignleft size-full wp-image-533\" src=\"http:\/\/www.rathgeber-balance.de\/bloggen\/wp-content\/uploads\/2014\/09\/Biotop-Herbst-001.jpg\" alt=\"Brombeeren\" width=\"250\" height=\"166\" \/><\/p>\n<p>&nbsp;<\/p>\n<p>&nbsp;<\/p>\n<p>&nbsp;<\/p>\n<p>&nbsp;<\/p>\n<p><a href=\"http:\/\/www.rathgeber-balance.de\/bloggen\/wp-content\/uploads\/2014\/10\/Birke.jpg\"><img loading=\"lazy\" decoding=\"async\" class=\"alignleft size-full wp-image-635\" src=\"http:\/\/www.rathgeber-balance.de\/bloggen\/wp-content\/uploads\/2014\/10\/Birke.jpg\" alt=\"Birke\" width=\"250\" height=\"166\" \/><\/a><\/p>\n<p>&nbsp;<\/p>\n<p>&nbsp;<\/p>\n<p>&nbsp;<\/p>\n<p>&nbsp;<\/p>\n<p>Zu gerne w\u00fcsste ich, ob die beiden Nistt\u00fcrme angenommen wurden. Errichtet speziell f\u00fcr Mauersegler, Turmfalken und Dohlen.<\/p>\n<p>Ich habe ein wenig auf den Seiten des LBV (M\u00fcnchen, Landesbund f\u00fcr Vogelschutz) recherchiert.<br \/>\nMauersegler \u00fcberwintern im fernen S\u00fcden. Was den V\u00f6geln hier bei uns die Sommermonate \u00fcber das Leben schwer macht, sind die vom Menschen geschaffenen Bedingungen. Das Schwinden von Brutpl\u00e4tzen an H\u00e4usern und unter D\u00e4chern aufgrund energetischer Sanierungen. Deshalb gibt es Schutzprojekte mit Brutm\u00f6glichkeiten.<\/p>\n<p><a href=\"http:\/\/www.rathgeber-balance.de\/bloggen\/wp-content\/uploads\/2014\/10\/Nistturm.jpg\"><img loading=\"lazy\" decoding=\"async\" class=\"alignleft size-full wp-image-643\" src=\"http:\/\/www.rathgeber-balance.de\/bloggen\/wp-content\/uploads\/2014\/10\/Nistturm.jpg\" alt=\"Nistturm\" width=\"250\" height=\"166\" \/><\/a>Hier im Gebiet wurden zwei T\u00fcrme errichtet mit einer H\u00f6he von 12 Metern mit je 30 Nistk\u00e4sten f\u00fcr Dohlen.<\/p>\n<p>In einem der\u00a0 T\u00fcrme sind\u00a0 zus\u00e4tzlich 12 Brutnischen f\u00fcr Mauersegler und andere H\u00f6hlenbr\u00fcter, im zweiten Turm ein Nistplatz f\u00fcr Turmfalken enthalten.<\/p>\n<p>Obwohl Turmfalken in Bayern noch fl\u00e4chendeckend verbreitet sind, gehen ihre Bestandszahlen langsam aber sicher zur\u00fcck. Turmfalken sind Teilzieher \u2013 etliche von ihnen \u00fcberwintern bei uns, teilweise ziehen sie aber auch in Mittelmeerl\u00e4nder oder sogar bis nach Afrika.<\/p>\n<p>Die bei uns lebenden Dohlen sind meist Standv\u00f6gel und bleiben meist das ganze Jahr \u00fcber im Brutgebiet.<br \/>\nFr\u00fcher waren Dohlen bei uns sehr h\u00e4ufig; heute sind ihre Best\u00e4nde so weit zur\u00fcckgegangen, dass sie auf der Vorwarnliste stehen. Gr\u00fcnde f\u00fcr diesen R\u00fcckgang sind die Verringerung des Nahrungsangebots durch Intensivierung der Landwirtschaft und die Versiegelung offener Fl\u00e4chen, sowie der Verlust von Nistpl\u00e4tzen durch das Verschwinden von Altholzbest\u00e4nden und im Zuge von Geb\u00e4udesanierungen. (LBV M\u00fcnchen Landesbund f\u00fcr Vogelschutz).<\/p>\n<p><a href=\"http:\/\/www.rathgeber-balance.de\/bloggen\/wp-content\/uploads\/2014\/10\/Fernsehturm.jpg\"><img loading=\"lazy\" decoding=\"async\" class=\"alignleft size-full wp-image-641\" src=\"http:\/\/www.rathgeber-balance.de\/bloggen\/wp-content\/uploads\/2014\/10\/Fernsehturm.jpg\" alt=\"Fernsehturm\" width=\"250\" height=\"166\" \/><\/a>Und noch ein Turm, bedingt durch den F\u00f6hn wirkt es auf mich, als st\u00fcnde er ein wenig n\u00e4her&#8230;<\/p>\n","protected":false},"excerpt":{"rendered":"<p>Das f\u00f6hnige Wetter hier im S\u00fcden des Landes bringt den &#8222;Takt&#8220; wieder ein wenig durcheinander. Fast Mitte Oktober, der Garten steht in voller Bl\u00fcte durch Silberkerzen, organgefarbene Kapuzinerkresse, Prunkwinden, die ich aus Samen gezogen habe, wieder aufgebl\u00fchte Rosen und nat\u00fcrlich Dahlien, die nun besonders gut zur Geltung kommen. Ich freue mich an der schlichen Farbe<\/p>\n<div class=\"moretag-wrap\"><a class=\"moretag button\" href=\"https:\/\/www.rathgeber-balance.de\/bloggen\/impressionen\/ein-biotop-im-wandel-der-jahreszeiten-vollherbst\/\">Weiterlesen<\/a><\/div>\n","protected":false},"author":1,"featured_media":0,"comment_status":"open","ping_status":"open","sticky":false,"template":"","format":"standard","meta":{"footnotes":""},"categories":[7],"tags":[58,46,64],"class_list":["post-630","post","type-post","status-publish","format-standard","hentry","category-impressionen","tag-biotop","tag-natur","tag-vogelschutz"],"_links":{"self":[{"href":"https:\/\/www.rathgeber-balance.de\/bloggen\/wp-json\/wp\/v2\/posts\/630","targetHints":{"allow":["GET"]}}],"collection":[{"href":"https:\/\/www.rathgeber-balance.de\/bloggen\/wp-json\/wp\/v2\/posts"}],"about":[{"href":"https:\/\/www.rathgeber-balance.de\/bloggen\/wp-json\/wp\/v2\/types\/post"}],"author":[{"embeddable":true,"href":"https:\/\/www.rathgeber-balance.de\/bloggen\/wp-json\/wp\/v2\/users\/1"}],"replies":[{"embeddable":true,"href":"https:\/\/www.rathgeber-balance.de\/bloggen\/wp-json\/wp\/v2\/comments?post=630"}],"version-history":[{"count":26,"href":"https:\/\/www.rathgeber-balance.de\/bloggen\/wp-json\/wp\/v2\/posts\/630\/revisions"}],"predecessor-version":[{"id":5492,"href":"https:\/\/www.rathgeber-balance.de\/bloggen\/wp-json\/wp\/v2\/posts\/630\/revisions\/5492"}],"wp:attachment":[{"href":"https:\/\/www.rathgeber-balance.de\/bloggen\/wp-json\/wp\/v2\/media?parent=630"}],"wp:term":[{"taxonomy":"category","embeddable":true,"href":"https:\/\/www.rathgeber-balance.de\/bloggen\/wp-json\/wp\/v2\/categories?post=630"},{"taxonomy":"post_tag","embeddable":true,"href":"https:\/\/www.rathgeber-balance.de\/bloggen\/wp-json\/wp\/v2\/tags?post=630"}],"curies":[{"name":"wp","href":"https:\/\/api.w.org\/{rel}","templated":true}]}}