{"id":6325,"date":"2018-09-01T12:16:45","date_gmt":"2018-09-01T10:16:45","guid":{"rendered":"http:\/\/www.rathgeber-balance.de\/bloggen\/?p=6325"},"modified":"2018-09-01T12:29:13","modified_gmt":"2018-09-01T10:29:13","slug":"der-september-ist-der-mai-des-herbstes","status":"publish","type":"post","link":"https:\/\/www.rathgeber-balance.de\/bloggen\/gartenskizzen\/der-september-ist-der-mai-des-herbstes\/","title":{"rendered":"Der September ist der Mai des Herbstes"},"content":{"rendered":"<p><img loading=\"lazy\" decoding=\"async\" class=\"alignleft size-full wp-image-6311\" src=\"http:\/\/www.rathgeber-balance.de\/bloggen\/wp-content\/uploads\/2018\/08\/Septembergarten-008b.jpg\" alt=\"\" width=\"250\" height=\"194\" \/>\u2026 hei\u00dft es im Volksmund.<!--more--><br \/>\nSeptember und Mai sind sich in ihrer Witterung recht \u00e4hnlich.<br \/>\nNachts ist es schon sehr feucht und kalt und das Thermometer zeigt Zahlen im einstelligen Bereich an. Tags\u00fcber kann es angenehm warm werden und oftmals ist es windstill.<br \/>\nDiese Phase nennt sich \u201eAltweibersommer\u201c, die f\u00fcnfte Jahreszeit im Jahr, welche \u00fcblicherweise Anfang bis Mitte September einsetzt und im g\u00fcnstigsten Fall in einem goldenen Oktober ausklingt.<\/p>\n<p>Nun ist meteorologischer Herbstanfang, der kalendarische Stichtag ist allerdings erst am 23. September.<br \/>\nNeben dem kalendarischen und meteorologischen Herbstanfang existiert\u00a0 auch der Begriff des ph\u00e4noloigschen Herbstanfanges, der sich nach dem Entwicklungsstand bestimmter Pflanzen richtet und regional unterschiedlich ausf\u00e4llt.<\/p>\n<p>Vielleicht beginnt er dann, wenn Herbstzeitlosen lila Bl\u00fcten tragen oder wenn Herbstkrokusse ihre zarten K\u00f6pfchen m\u00fchsam aus dem Boden schieben.<br \/>\nWenn Zwetschgen, Birnen und Trauben geerntet werden k\u00f6nnen, das Laub sich zu verf\u00e4rben beginnt.<\/p>\n<p>Dann liegt auch ein Hauch von \u201eMelancholie\u201c in der Luft, ein wenig Wehmut dar\u00fcber, dass das Gartenjahr langsam auf das Ende zusteuert, auch wenn\u00a0 alle Pflanzen nochmals\u00a0 ihr sch\u00f6nstes \u201eGewand\u201c anlegen.<br \/>\nDabei finden sich unterschiedlichste Materialien, seidige Bl\u00fcten, manchmal auch wie aus Samt.<br \/>\n<img loading=\"lazy\" decoding=\"async\" class=\"alignleft size-full wp-image-6313\" src=\"http:\/\/www.rathgeber-balance.de\/bloggen\/wp-content\/uploads\/2018\/08\/Teich-im-September-007b.jpg\" alt=\"\" width=\"250\" height=\"166\" \/>Saftige Beeren zieren die Str\u00e4ucher, rostfarbene Hagebutten die Rosen. Braungef\u00e4rbte H\u00fctchen sitzen an B\u00e4umen, Pompons und Halskrausen an Dahlien, die Schirme der der Lampionblumen bl\u00e4hen sich auf und nehmen Farbe an. Auf der Wiese liegen welke Bl\u00e4tter br\u00fcchig wie Pergamentpapier.<\/p>\n<p>Nun ist die Zeit gekommen f\u00fcr Stauden, die mehr als unaufdringlich wirken und leicht \u00fcbersehen werden k\u00f6nnen.<br \/>\nJuwelen f\u00fcr Schattenbereiche, durch Pflanzen, die dann ihren gro\u00dfen Auftritt\u00a0 haben, wenn sich die Beete langsam lichten.<\/p>\n<p><img loading=\"lazy\" decoding=\"async\" class=\"alignleft size-full wp-image-6315\" src=\"http:\/\/www.rathgeber-balance.de\/bloggen\/wp-content\/uploads\/2018\/08\/Kr\u00f6tenlilie-HochkantBuntes-Pflanzensalz-015BZ.jpg\" alt=\"\" width=\"250\" height=\"399\" srcset=\"https:\/\/www.rathgeber-balance.de\/bloggen\/wp-content\/uploads\/2018\/08\/Kr\u00f6tenlilie-HochkantBuntes-Pflanzensalz-015BZ.jpg 250w, https:\/\/www.rathgeber-balance.de\/bloggen\/wp-content\/uploads\/2018\/08\/Kr\u00f6tenlilie-HochkantBuntes-Pflanzensalz-015BZ-188x300.jpg 188w\" sizes=\"auto, (max-width: 250px) 100vw, 250px\" \/>Japanische Kr\u00f6tenlilien &#8211; <em>Tricytris hirta<\/em> &#8211; sind filigran wirkende Schattengew\u00e4chse,\u00a0 die aufgrund ihrer charakteristischen, gepunkteten Bl\u00fcte auch Gartenorchideen genannt werden.<br \/>\nEs handelt sich hierbei um die botanische Familie der Liliengew\u00e4chse.<br \/>\nDa die Staude etwas empfindlich gegen\u00fcber kalten Temperaturen ist, ben\u00f6tigt sie einen Winterschutz oder eine dicke Mulchdecke.<br \/>\nSie gedeiht im Schatten oder Halbschatten in m\u00f6glichst feuchtem, humushaltigen Boden ohne Staun\u00e4sse.<\/p>\n<p>Und wenn es irgendwo besonders gut duftet, nach s\u00fc\u00dfem Jasmin, dann wei\u00df ich, dass eine Silberkerze in der N\u00e4he w\u00e4chst. Auch ein Juwel f\u00fcr den Schatten.<br \/>\nDie Silberkerze &#8211;<em> Cimicifuga<\/em> &#8211; verziert lichtarme Bereiche mit ihrem gefiederten Laub in Gr\u00fcn oder r\u00f6tlichem Braun, mit langen Bl\u00fctenst\u00e4nden, die kleine rosa oder wei\u00dfe\u00a0 Bl\u00fcten tragen. Auch Bienen und Schmetterlinge werden angezogen, weshalb die Staude zu den Bienenweiden gez\u00e4hlt werden kann.<br \/>\nEs sind Wald- und Waldrandpflanzen, die einen humosen Boden bevorzugen und es sch\u00e4tzen, wenn man sie ungest\u00f6rt wachsen l\u00e4sst mit gro\u00dfz\u00fcgigem Abstand zum Nachbarn.<\/p>\n<p>Die Arbeit am Teich hat sich gelohnt und der Bestand an Krebsscheren (<em>Stratoides aloides<\/em>)\u00a0 ist nun auf einige Rosetten reduziert, welche an der Wasseroberfl\u00e4che treiben.<\/p>\n<p><img loading=\"lazy\" decoding=\"async\" class=\"alignleft size-full wp-image-6320\" src=\"http:\/\/www.rathgeber-balance.de\/bloggen\/wp-content\/uploads\/2018\/08\/Teich-im-September-020bzh.jpg\" alt=\"\" width=\"300\" height=\"194\" \/>Und wenn ich den dichten Bewuchs der schilfartigen Zwergrohrkolben im Uferbereich betrachte, \u00fcberkommt mich der Eindruck, es k\u00f6nne ein wenig lichter sein\u2026 die Pflanzen verbreiten sich im Handumdrehen mit ihren unterirdisch kriechenden Rhizomen.<\/p>\n","protected":false},"excerpt":{"rendered":"<p>\u2026 hei\u00dft es im Volksmund.<\/p>\n","protected":false},"author":1,"featured_media":0,"comment_status":"open","ping_status":"open","sticky":false,"template":"","format":"standard","meta":{"footnotes":""},"categories":[206],"tags":[],"class_list":["post-6325","post","type-post","status-publish","format-standard","hentry","category-gartenskizzen"],"_links":{"self":[{"href":"https:\/\/www.rathgeber-balance.de\/bloggen\/wp-json\/wp\/v2\/posts\/6325","targetHints":{"allow":["GET"]}}],"collection":[{"href":"https:\/\/www.rathgeber-balance.de\/bloggen\/wp-json\/wp\/v2\/posts"}],"about":[{"href":"https:\/\/www.rathgeber-balance.de\/bloggen\/wp-json\/wp\/v2\/types\/post"}],"author":[{"embeddable":true,"href":"https:\/\/www.rathgeber-balance.de\/bloggen\/wp-json\/wp\/v2\/users\/1"}],"replies":[{"embeddable":true,"href":"https:\/\/www.rathgeber-balance.de\/bloggen\/wp-json\/wp\/v2\/comments?post=6325"}],"version-history":[{"count":11,"href":"https:\/\/www.rathgeber-balance.de\/bloggen\/wp-json\/wp\/v2\/posts\/6325\/revisions"}],"predecessor-version":[{"id":6336,"href":"https:\/\/www.rathgeber-balance.de\/bloggen\/wp-json\/wp\/v2\/posts\/6325\/revisions\/6336"}],"wp:attachment":[{"href":"https:\/\/www.rathgeber-balance.de\/bloggen\/wp-json\/wp\/v2\/media?parent=6325"}],"wp:term":[{"taxonomy":"category","embeddable":true,"href":"https:\/\/www.rathgeber-balance.de\/bloggen\/wp-json\/wp\/v2\/categories?post=6325"},{"taxonomy":"post_tag","embeddable":true,"href":"https:\/\/www.rathgeber-balance.de\/bloggen\/wp-json\/wp\/v2\/tags?post=6325"}],"curies":[{"name":"wp","href":"https:\/\/api.w.org\/{rel}","templated":true}]}}