{"id":6339,"date":"2018-09-12T12:45:08","date_gmt":"2018-09-12T10:45:08","guid":{"rendered":"http:\/\/www.rathgeber-balance.de\/bloggen\/?p=6339"},"modified":"2021-08-31T13:40:03","modified_gmt":"2021-08-31T11:40:03","slug":"dahlienschau-lindau","status":"publish","type":"post","link":"https:\/\/www.rathgeber-balance.de\/bloggen\/impressionen\/dahlienschau-lindau\/","title":{"rendered":"Dahlienschau Lindau"},"content":{"rendered":"<p><em><img loading=\"lazy\" decoding=\"async\" class=\"alignleft size-full wp-image-6340\" src=\"http:\/\/www.rathgeber-balance.de\/bloggen\/wp-content\/uploads\/2018\/09\/Dahlienschau-007bAnfang.jpg\" alt=\"\" width=\"300\" height=\"199\" \/><span style=\"color: #008000;\">Ein Garten ohne Dahlien ist wie ein Schloss ohne F\u00fcrstin.<\/span><\/em><br \/>\n(Theodor Entrup)<!--more--><\/p>\n<p>Die Stadt Lindau liegt am \u00f6stlichen Ufer des Bodensees im Dreil\u00e4ndereck Deutschland\u2013\u00d6sterreich\u2013Schweiz.<\/p>\n<p><img loading=\"lazy\" decoding=\"async\" class=\"alignleft size-full wp-image-6344\" src=\"http:\/\/www.rathgeber-balance.de\/bloggen\/wp-content\/uploads\/2018\/09\/Dahlienschau-010b.jpg\" alt=\"\" width=\"250\" height=\"166\" \/>\u00dcber 800 verschiedene Dahliensorten werden von Mitte August bis Mitte\/Ende Oktober von Stefan Seufert, Initiator der Lindauer Dahlienschau, von Beruf Grafiker und Dahlieng\u00e4rtner aus Leidenschaft, und seinem Team auf einem weitl\u00e4ufigen Grundst\u00fcck pr\u00e4sentiert.<br \/>\nVon Sonnenaufgang bis Sonnenuntergang.<\/p>\n<p><img loading=\"lazy\" decoding=\"async\" class=\"alignleft size-full wp-image-6342\" src=\"http:\/\/www.rathgeber-balance.de\/bloggen\/wp-content\/uploads\/2018\/09\/Dahlienschau-002ba-e1536748399226.jpg\" alt=\"\" width=\"250\" height=\"167\" \/>Man kann Dahlien (im Topf, als Stecklinge) auch erwerben, allerdings nicht w\u00e4hrend der Mittagspause.<br \/>\nAufgrund der Vielfalt h\u00e4tte ich mich eh nicht entscheiden k\u00f6nnen und habe versucht, meine Lieblingsfarben zumindest gedanklich zu notieren.<\/p>\n<p><img loading=\"lazy\" decoding=\"async\" class=\"alignleft size-full wp-image-6347\" src=\"http:\/\/www.rathgeber-balance.de\/bloggen\/wp-content\/uploads\/2018\/09\/Dahlienschau-011b.jpg\" alt=\"\" width=\"250\" height=\"167\" \/>Kaum eine andere Pflanzengattung wartet mit einem solchen Formen- und Farbenreichtum auf wie die Dahlie. Urspr\u00fcnglich stammt sie aus Mittelamerika.<br \/>\nIch selbst ziehe Dahlien immer vor, ab Februar auf der Fensterbank, sp\u00e4ter kommen die T\u00f6pfe zum Abh\u00e4rten auf den Balkon.<\/p>\n<p>In Lindau wurden auch Experimente angestellt, wobei festgestellt wurde, dass die dunkellaubigen Dahlien vor Schnecken verschont werden.<\/p>\n<p>Da ich einige dunkellaubige, f\u00fcr mein Empfinden sehr elegante Dahlien im Sortiment habe, werde ich n\u00e4chstes Jahr neue Exemplare dazukaufen und versuchen, auch an \u201eschneckenlastigen\u201c Stellen gute Ergebnisse zu erzielen.<br \/>\nHierbei handelt es sich um eine Paeonienbl\u00fctige Dahlie <em>Dahlia \u201aBishop of Leicaster\u2018<\/em> mit zart rosa \u00fcberhauchten Bl\u00fcten, deren fein gezeichnetes, dunkelrotes Laub eine sch\u00f6ne Fernwirkung hat.<\/p>\n<p>Verbl\u00fchte Dahlienbl\u00fcten sollten regelm\u00e4\u00dfig abgezupft\u00a0 werden, was die Bl\u00fctenpracht verl\u00e4ngert.<\/p>\n<p><img loading=\"lazy\" decoding=\"async\" class=\"alignleft size-full wp-image-6341\" src=\"http:\/\/www.rathgeber-balance.de\/bloggen\/wp-content\/uploads\/2018\/09\/Dahlienschau-020bk\u00e4pfel.jpg\" alt=\"\" width=\"250\" height=\"166\" \/>Die Bodenseeregion ist aufgrund ihres milden Klimas auch f\u00fcr ihre wohlschmeckenden \u00c4pfel und eine \u00fcberdurchschnittliche Sortenvielfalt bekannt.<\/p>\n<p>&nbsp;<\/p>\n<p>Hier der Link dazu:<br \/>\n<a href=\"http:\/\/dahlienschau-lindau.de\/\">dahlienschau-lindau.de\/<\/a><\/p>\n","protected":false},"excerpt":{"rendered":"<p>Ein Garten ohne Dahlien ist wie ein Schloss ohne F\u00fcrstin. (Theodor Entrup)<\/p>\n","protected":false},"author":1,"featured_media":0,"comment_status":"open","ping_status":"open","sticky":false,"template":"","format":"standard","meta":{"footnotes":""},"categories":[7],"tags":[],"class_list":["post-6339","post","type-post","status-publish","format-standard","hentry","category-impressionen"],"_links":{"self":[{"href":"https:\/\/www.rathgeber-balance.de\/bloggen\/wp-json\/wp\/v2\/posts\/6339","targetHints":{"allow":["GET"]}}],"collection":[{"href":"https:\/\/www.rathgeber-balance.de\/bloggen\/wp-json\/wp\/v2\/posts"}],"about":[{"href":"https:\/\/www.rathgeber-balance.de\/bloggen\/wp-json\/wp\/v2\/types\/post"}],"author":[{"embeddable":true,"href":"https:\/\/www.rathgeber-balance.de\/bloggen\/wp-json\/wp\/v2\/users\/1"}],"replies":[{"embeddable":true,"href":"https:\/\/www.rathgeber-balance.de\/bloggen\/wp-json\/wp\/v2\/comments?post=6339"}],"version-history":[{"count":15,"href":"https:\/\/www.rathgeber-balance.de\/bloggen\/wp-json\/wp\/v2\/posts\/6339\/revisions"}],"predecessor-version":[{"id":8381,"href":"https:\/\/www.rathgeber-balance.de\/bloggen\/wp-json\/wp\/v2\/posts\/6339\/revisions\/8381"}],"wp:attachment":[{"href":"https:\/\/www.rathgeber-balance.de\/bloggen\/wp-json\/wp\/v2\/media?parent=6339"}],"wp:term":[{"taxonomy":"category","embeddable":true,"href":"https:\/\/www.rathgeber-balance.de\/bloggen\/wp-json\/wp\/v2\/categories?post=6339"},{"taxonomy":"post_tag","embeddable":true,"href":"https:\/\/www.rathgeber-balance.de\/bloggen\/wp-json\/wp\/v2\/tags?post=6339"}],"curies":[{"name":"wp","href":"https:\/\/api.w.org\/{rel}","templated":true}]}}