{"id":6399,"date":"2018-10-01T12:52:15","date_gmt":"2018-10-01T10:52:15","guid":{"rendered":"http:\/\/www.rathgeber-balance.de\/bloggen\/?p=6399"},"modified":"2018-10-07T11:05:31","modified_gmt":"2018-10-07T09:05:31","slug":"der-garten-im-oktober","status":"publish","type":"post","link":"https:\/\/www.rathgeber-balance.de\/bloggen\/gartenskizzen\/der-garten-im-oktober\/","title":{"rendered":"Der Garten im Oktober"},"content":{"rendered":"<p><img loading=\"lazy\" decoding=\"async\" class=\"alignleft size-full wp-image-6400\" src=\"http:\/\/www.rathgeber-balance.de\/bloggen\/wp-content\/uploads\/2018\/10\/OktoberBirnengelee-004bh.jpg\" alt=\"\" width=\"250\" height=\"165\" \/>Die letzten Wochen waren gepr\u00e4gt durch Arbeiten am Teich.<!--more--><br \/>\nSchilfartige\u00a0 Gew\u00e4chse geh\u00f6ren zum Teich und s\u00e4umen den Rand, dennoch neigen sie zum Wuchern und versperren rasch die Sicht auf Seerosen, die auch im Oktober vereinzelt noch bl\u00fchen.<\/p>\n<p><em>Typha minima<\/em> ist ein Zwergrohrkolben, der h\u00fcbsche Akzente am Teichrand bildet.<br \/>\nDie braunen Bl\u00fcten erscheinen im Juli und sitzen wie pelzige Stecknadelk\u00f6pfe auf den schmalen, aufrechten St\u00e4ngeln. Die Pflanze hat eine wasserreinigende Wirkung, ist aber starkw\u00fcchsig und bildet zahlreiche Ausl\u00e4ufer. Im Handumdrehen breitet sie sich auch in den oberen Etagen des Teiches aus. Darum werde ich sie im Auge behalten.<\/p>\n<p>Mehr M\u00fchen hat die Teich Simse &#8211; <em>Scirpus lacustris<\/em> &#8211; bereitet, denn sie bildet z\u00e4he, ledrige, r\u00f6hrenf\u00f6rmige Halme, die in andere Pflanzen hineinwachsen. Die Simse steht nicht als Posten auf der Teichliste, sie hat sich heimlich eingeschmuggelt. Hier hat nur der Spaten geholfen, um das Wurzelwerk mitsamt den kr\u00e4ftigen Halmen anzuheben, nat\u00fcrlich sehr vorsichtig, um die Folie nicht zu besch\u00e4digen. Anschlie\u00dfend k\u00f6nnen die R\u00f6hren gepackt und entwurzelt werden. Die wasserreinigende Pflanze gedeiht besonders gut in n\u00e4hrstoffreichen, schlammigen B\u00f6den und beim Rausziehen entsteht ein gurgelndes Ger\u00e4usch.<\/p>\n<p><img loading=\"lazy\" decoding=\"async\" class=\"alignleft size-full wp-image-6401\" src=\"http:\/\/www.rathgeber-balance.de\/bloggen\/wp-content\/uploads\/2018\/10\/OkotberTeich-neu-030bzh.jpg\" alt=\"\" width=\"250\" height=\"166\" \/>Dadurch sind einige L\u00fccken entstanden, die ich durch weinrote Lobelien und Gauklerblumen wieder schlie\u00dfen konnte. Sie m\u00fcssen im Winter gut abgedeckt werden, damit sie nicht erfrieren.<br \/>\nAuch Sumpffingerkraut <em>Potentilla palustris<\/em> kommt nun mit den weinroten Halmen wieder besser zur Wirkung und passt in den Oktober.<br \/>\nAls farbenpr\u00e4chtig beweist sich auch der Bunte Eidechsenschwanz, <em>Houttuynia cordata \u201aChameleon\u2018.<\/em> Dieser Bodendecker bildet ein h\u00fcbsch gemustertes Laub aus gr\u00fcnen, roten und gelben Bl\u00e4ttern, die nun im beginnenden Herbst auff\u00e4llig rot leuchten.<\/p>\n<p>Die Gartensaison steuert langsam auf das Ende zu und ich beginne zu res\u00fcmieren, wie das Sommerhalbjahr war.<br \/>\nWird der n\u00e4chste Sommer wieder so fr\u00fch einziehen mit anhaltender Trockenheit und warmen Temperaturen, so dass Fr\u00fchling nicht richtig zum Zuge kommt und der Eindruck entsteht, es w\u00e4re nur noch Sommer?<\/p>\n<p>Wenn sich der Sp\u00e4tsommer in den letzten Tagen nicht so abrupt verabschiedet h\u00e4tte vom Flipflop-Tragen hin zum Griff der warmen Steppjacke w\u00e4re vielleicht der Rekord vom Jahrhundertsommer 2003 gebrochen worden, was Temperatur- und\u00a0 Sonnenscheindauer betrifft.<br \/>\nInsgesamt gesehen war es aber hier im Alpenvorland sehr gut auszuhalten mit wenigen Unwettern, nicht zu hohen Temperaturen, Abk\u00fchlung in der Nacht und keiner D\u00fcrre, im Gegensatz zu anderen Bundesl\u00e4ndern, die nicht so beg\u00fcnstigt waren.<\/p>\n<p><img loading=\"lazy\" decoding=\"async\" class=\"alignleft size-full wp-image-6394\" src=\"http:\/\/www.rathgeber-balance.de\/bloggen\/wp-content\/uploads\/2018\/10\/OktoberWaln\u00fcsse-016bh.jpg\" alt=\"\" width=\"250\" height=\"166\" \/>F\u00fcr die Eichh\u00f6rnchen im Winter ist gesorgt. Eine Kiste mit Waln\u00fcssen, die zum Trocknen unter der gro\u00dfen Fichte stand, wurde in Windeseile leerger\u00e4umt. Hoffentlich finden sie ihre Verstecke auch wieder.<br \/>\nIch freue mich schon auf die kommende Zeit, wenn der Garten nach und nach auf \u201ek\u00fchl\u201c umgestellt wird.<br \/>\nDann wird auch sparsam dekoriert werden mit Zweigen in den T\u00f6pfen, die Beeren tragen, mit einem gebundenen Kranz aus feinen\u00a0 L\u00e4rchen\u00e4sten, an denen Zapfen sitzen.<\/p>\n<p>Im Moment ist der Garten Zierde genug.<br \/>\n<img loading=\"lazy\" decoding=\"async\" class=\"alignleft size-full wp-image-6395\" src=\"http:\/\/www.rathgeber-balance.de\/bloggen\/wp-content\/uploads\/2018\/10\/OktoberVerbenen-2-005bhochkant.jpg\" alt=\"\" width=\"250\" height=\"375\" srcset=\"https:\/\/www.rathgeber-balance.de\/bloggen\/wp-content\/uploads\/2018\/10\/OktoberVerbenen-2-005bhochkant.jpg 250w, https:\/\/www.rathgeber-balance.de\/bloggen\/wp-content\/uploads\/2018\/10\/OktoberVerbenen-2-005bhochkant-200x300.jpg 200w\" sizes=\"auto, (max-width: 250px) 100vw, 250px\" \/>Kleine Details r\u00fccken in den Vordergrund wie seidige Clematisbl\u00fcten, die wieder aufgebl\u00fcht sind.<br \/>\nDie Fugen am kleinen Terrassenrondell sind mit Thymian ausgepolstert, der duftet.<br \/>\nZarte Rispen von Verbene und Prachtkerze, die auf hohen, biegsamen Stielen sitzen, wippen im Wind. Silberkerzen haben jetzt erst ihren H\u00f6hepunkt und leuchten wie kleine Kerzen\u00a0 aus dem Geb\u00fcsch.<\/p>\n<p>Die Blumenwiese ist abgem\u00e4ht, allerdings in der h\u00f6chsten Stufe, so dass Blumen noch stehen, und die Grasnarbe ist kr\u00e4ftig gesandet. Der erste Herbstkrokuss zeigt sich.<\/p>\n<p><img loading=\"lazy\" decoding=\"async\" class=\"alignleft size-full wp-image-6389\" src=\"http:\/\/www.rathgeber-balance.de\/bloggen\/wp-content\/uploads\/2018\/09\/Oktoberverbenen.jpg\" alt=\"\" width=\"250\" height=\"166\" \/>Oktober ist auch die Zeit f\u00fcr Herbstputz, dennoch sollten nicht alle Stauden abgeschnitten werden.<br \/>\nFrucht- und\u00a0 Samenst\u00e4nde sehen bei Frost zu sch\u00f6n aus wie beispielsweise bei Schafgarbe, Purpursonnenhut (Echinacea) oder Verbenen, da sie im Nu mit einer pudrigen Schicht \u00fcberzogen sind, die im Sonnenlicht gl\u00e4nzt.<br \/>\nKr\u00e4uterbeete bieten auch jetzt im Herbst einen dekorativen Anblick, da Lavendel und Rosmarin Struktur geben, besonders Salbei sieht h\u00fcbsch aus, wenn er nach frostiger Nacht \u00fcber und \u00fcber mit Brillanten besetzt ist.<br \/>\nAuf diese Weise wirkt der herbstliche Garten niemals leer oder eint\u00f6nig und V\u00f6gel finden Nahrungsquellen. Die vertrockneten Pflanzenteile sind au\u00dferdem ein guter Winterschutz und bieten N\u00fctzlingen eine gute \u00dcberwinterungsm\u00f6glichkeit.<\/p>\n<p>Kaum ist der Sommer vorbei, muss auch der Grundstock gelegt werden, wie sich einige Monate sp\u00e4ter Fr\u00fchling pr\u00e4sentieren soll.<br \/>\nZur Vorsicht werde ich heuer auf Blumenwiebeln achten, die fr\u00fch bl\u00fchen, f\u00fcr den Fall, dass es wieder schnell hei\u00df werden sollte, denn was w\u00e4re Ostern ohne Narzissen und Fr\u00fchling ohne Tulpen. Auch Fr\u00fchlingsanemonen z\u00e4hlen zu den ersten Fr\u00fchlingsboten und k\u00f6nnen als kleine Zwiebeln im Herbst gesetzt werden.<\/p>\n<p><img loading=\"lazy\" decoding=\"async\" class=\"alignleft size-full wp-image-6414\" src=\"http:\/\/www.rathgeber-balance.de\/bloggen\/wp-content\/uploads\/2018\/10\/Herbstzeitlos-Herbstkrokuss-020h.jpg\" alt=\"\" width=\"250\" height=\"166\" \/>Jede \u00dcberlegung, wo was eingesetzt werden soll, entpuppt sich ein halbes Jahr danach als bezaubernde Bl\u00fcte. Denn\u2026<br \/>\n<em><span style=\"color: #008000;\">Die Blumen des Fr\u00fchlings sind die Tr\u00e4ume des Winters.<\/span><br \/>\n<\/em>\u2013 Khalil Gibran, libanesisch-amerikanischer Maler \u2013<\/p>\n","protected":false},"excerpt":{"rendered":"<p>Die letzten Wochen waren gepr\u00e4gt durch Arbeiten am Teich.<\/p>\n","protected":false},"author":1,"featured_media":0,"comment_status":"open","ping_status":"open","sticky":false,"template":"","format":"standard","meta":{"footnotes":""},"categories":[206],"tags":[],"class_list":["post-6399","post","type-post","status-publish","format-standard","hentry","category-gartenskizzen"],"_links":{"self":[{"href":"https:\/\/www.rathgeber-balance.de\/bloggen\/wp-json\/wp\/v2\/posts\/6399","targetHints":{"allow":["GET"]}}],"collection":[{"href":"https:\/\/www.rathgeber-balance.de\/bloggen\/wp-json\/wp\/v2\/posts"}],"about":[{"href":"https:\/\/www.rathgeber-balance.de\/bloggen\/wp-json\/wp\/v2\/types\/post"}],"author":[{"embeddable":true,"href":"https:\/\/www.rathgeber-balance.de\/bloggen\/wp-json\/wp\/v2\/users\/1"}],"replies":[{"embeddable":true,"href":"https:\/\/www.rathgeber-balance.de\/bloggen\/wp-json\/wp\/v2\/comments?post=6399"}],"version-history":[{"count":10,"href":"https:\/\/www.rathgeber-balance.de\/bloggen\/wp-json\/wp\/v2\/posts\/6399\/revisions"}],"predecessor-version":[{"id":6581,"href":"https:\/\/www.rathgeber-balance.de\/bloggen\/wp-json\/wp\/v2\/posts\/6399\/revisions\/6581"}],"wp:attachment":[{"href":"https:\/\/www.rathgeber-balance.de\/bloggen\/wp-json\/wp\/v2\/media?parent=6399"}],"wp:term":[{"taxonomy":"category","embeddable":true,"href":"https:\/\/www.rathgeber-balance.de\/bloggen\/wp-json\/wp\/v2\/categories?post=6399"},{"taxonomy":"post_tag","embeddable":true,"href":"https:\/\/www.rathgeber-balance.de\/bloggen\/wp-json\/wp\/v2\/tags?post=6399"}],"curies":[{"name":"wp","href":"https:\/\/api.w.org\/{rel}","templated":true}]}}