{"id":6464,"date":"2018-11-11T10:54:38","date_gmt":"2018-11-11T09:54:38","guid":{"rendered":"http:\/\/www.rathgeber-balance.de\/bloggen\/?p=6464"},"modified":"2020-04-28T13:35:23","modified_gmt":"2020-04-28T11:35:23","slug":"lavendel-in-der-kalten-jahreszeit-zur-koerperpflege-und-als-seelentroester","status":"publish","type":"post","link":"https:\/\/www.rathgeber-balance.de\/bloggen\/naturkosmetik\/lavendel-in-der-kalten-jahreszeit-zur-koerperpflege-und-als-seelentroester\/","title":{"rendered":"Lavendel in der kalten Jahreszeit"},"content":{"rendered":"<p><img loading=\"lazy\" decoding=\"async\" class=\"alignleft size-full wp-image-6475\" src=\"http:\/\/www.rathgeber-balance.de\/bloggen\/wp-content\/uploads\/2018\/11\/LavendelIMG_4614bh.jpg\" alt=\"\" width=\"300\" height=\"199\" \/>&#8230; zur K\u00f6rperpflege und als Seelentr\u00f6ster. <!--more--><\/p>\n<p>Im Herbst ver\u00e4ndern sich nach und nach Vorlieben und Hobbys.<br \/>\nVorher gab es nichts Sch\u00f6neres als auf frische Bl\u00fcten zu warten, in der Blumenwiese zu s\u00e4en, neue Stauden zu setzen, all die Pfl\u00e4nzchen zu hegen und zu pflegen. Das f\u00e4llt nun weg.<\/p>\n<p>Das Laub muss von der Wiese entfernt werden. Pumpen und Becken vor K\u00e4lte gesichert, T\u00f6pfe auf Balkon mit Matten gesch\u00fctzt werden.<br \/>\nEmpfindliche Stauden und Rosen erhalten Jutes\u00e4ckchen mit B\u00e4ndern umwickelt, die sie wie kleine Wesen aussehen lassen.<br \/>\nLangsam wird der Garten winterfest<\/p>\n<p>Nun kommen getrocknete Bl\u00fcten ins Spiel, die ich das ganze Jahr \u00fcber gesammelt habe.<br \/>\nF\u00fcr das Kr\u00e4uteraromal\u00e4mpchen, das t\u00e4glich beim Fr\u00fchst\u00fcck entz\u00fcndet wird und nicht so gute Ger\u00fcche in der K\u00fcche neutralisiert.<br \/>\nAu\u00dferdem wirkt der Duft stimmungsf\u00f6rdernd, das tr\u00f6stlich schimmernde Leuchten des Teelichts sorgt f\u00fcr einen guten Start\u00a0 in den Tag.<\/p>\n<p>Mein gr\u00f6\u00dfter Trumpf ist derzeit ein Lavendelmazerat (\u00d6lauszug), das ich vor einigen Wochen mit frischen Lavendelrispen in Jojoba\u00f6l hergestellt habe.<br \/>\nNun kann ich es abfiltern, da es wunderbar nach Lavendel duftet und die Wirkstoffe in das \u00d6l \u00fcbergegangen sind.<\/p>\n<p>Lavendel <em>(Lavandula<\/em>) aus der Familie der Lippenbl\u00fctler (<em>Lamiaceae) <\/em>findet sich mit Sicherheit in jedem Garten und vielleicht auch auf dem Balkon.<br \/>\nIm Kr\u00e4uterbeet verbreitet er mediterranes Flair ebenso wie Bartblume, Heiligenkraut und Gew\u00fcrzsalbei.<\/p>\n<p>Die Halbstr\u00e4ucher, die aus trockenen Gebieten stammen, vertragen weniger Feuchtigkeit, vor allem auch im Winter. Sie ben\u00f6tigen einen sonnigen und warmen Standort. Wichtig ist ein guter Wasserabzug, eventuell auch das Einarbeiten von Splitt oder Schotter.<br \/>\nHier ein wenig zum Nachlesen:<br \/>\n<a href=\"http:\/\/www.lwg.bayern.de\/gartenakademie\/gartendokumente\/gartencast\/098625\/index.php\">www.lwg.bayern.de\/gartenakademie\/gartendokumente\/gartencast\/098625\/index.php<\/a><\/p>\n<p>Nun im Herbst und Winter kann das \u00e4therische \u00d6l aus den Bl\u00fcten von <em>Lavandula officinalis<\/em> gut genutzt werden, beispielsweise f\u00fcr einen Duft in der Aromalampe. Die \u00e4therischen \u00d6le der Pflanze bewirken Entspannung und gelten als Seelentr\u00f6ster.<\/p>\n<p>Da ich immer gerne Bienenwachspl\u00e4ttchen verwende, gebe ich dieses Mal in die geschmolzene Masse ein wenig \u00e4therisches Lavendel\u00f6l hinzu (entspannend), Orange (ausgleichend), Bergamotte (stimmungsaufhellend) und Amyris (aphrodisierend).<br \/>\nEs sind zwei kleine Sterne entstanden, die hinrei\u00dfend duften.<\/p>\n<p><a name=\"Koerperbalsam\"><\/a>Auch ein K\u00f6rperbalsam zur Pflege und Regeneration der Haut ist entstanden, wobei der Lavendelbl\u00fctenauszug gut untergebracht ist und ein wenig Sommerfeeling hinterl\u00e4sst.<br \/>\n<strong><span style=\"color: #993366;\">Zutaten:<\/span><\/strong><br \/>\nSheabutter<br \/>\nKakaobutter<br \/>\nJojoba-Lavendel-Mazerat<br \/>\n\u00c4therische \u00d6le nach Belieben<\/p>\n<p><span style=\"color: #993366;\"><strong>Und so\u00a0 habe ich es gemacht:<\/strong><\/span><br \/>\n3 g\u00a0 Sheabutter, 6,5 g Kakaobutter, 6 g Mandel\u00f6l und 6,5 g Jojoba-Lavendel-Mazerat in ein Becherglas geben und die Masse sanft schmelzen lassen.<br \/>\nAnschlie\u00dfend mit einer Mischung aus \u00e4therischem Lavendel\u00f6l und Ylang-Ylang beduften. In einen kleinen Glastiegel abf\u00fcllen. Im K\u00fchlschrank fest werden lassen.<\/p>\n<p>Nach dem Duschen oder Baden auf die feuchte Haut auftragen.<br \/>\nEs ist eine wunderbare Pflege entstanden, die minimalistisch ist und auf unn\u00f6tige Zusatzstoffe und Verpackungen verzichtet.<\/p>\n<p><img loading=\"lazy\" decoding=\"async\" class=\"alignleft size-full wp-image-6479\" src=\"http:\/\/www.rathgeber-balance.de\/bloggen\/wp-content\/uploads\/2018\/11\/LavendelIMG_4628bz.jpg\" alt=\"\" width=\"300\" height=\"199\" \/>Dadurch dass ich einige Lavendelrispen stehen gelassen habe, wirken die Kr\u00e4uterbeete um diese Jahreszeit nicht so trist und farblos.<\/p>\n","protected":false},"excerpt":{"rendered":"<p>&#8230; zur K\u00f6rperpflege und als Seelentr\u00f6ster.<\/p>\n","protected":false},"author":1,"featured_media":0,"comment_status":"open","ping_status":"open","sticky":false,"template":"","format":"standard","meta":{"footnotes":""},"categories":[1],"tags":[],"class_list":["post-6464","post","type-post","status-publish","format-standard","hentry","category-naturkosmetik"],"_links":{"self":[{"href":"https:\/\/www.rathgeber-balance.de\/bloggen\/wp-json\/wp\/v2\/posts\/6464","targetHints":{"allow":["GET"]}}],"collection":[{"href":"https:\/\/www.rathgeber-balance.de\/bloggen\/wp-json\/wp\/v2\/posts"}],"about":[{"href":"https:\/\/www.rathgeber-balance.de\/bloggen\/wp-json\/wp\/v2\/types\/post"}],"author":[{"embeddable":true,"href":"https:\/\/www.rathgeber-balance.de\/bloggen\/wp-json\/wp\/v2\/users\/1"}],"replies":[{"embeddable":true,"href":"https:\/\/www.rathgeber-balance.de\/bloggen\/wp-json\/wp\/v2\/comments?post=6464"}],"version-history":[{"count":28,"href":"https:\/\/www.rathgeber-balance.de\/bloggen\/wp-json\/wp\/v2\/posts\/6464\/revisions"}],"predecessor-version":[{"id":7697,"href":"https:\/\/www.rathgeber-balance.de\/bloggen\/wp-json\/wp\/v2\/posts\/6464\/revisions\/7697"}],"wp:attachment":[{"href":"https:\/\/www.rathgeber-balance.de\/bloggen\/wp-json\/wp\/v2\/media?parent=6464"}],"wp:term":[{"taxonomy":"category","embeddable":true,"href":"https:\/\/www.rathgeber-balance.de\/bloggen\/wp-json\/wp\/v2\/categories?post=6464"},{"taxonomy":"post_tag","embeddable":true,"href":"https:\/\/www.rathgeber-balance.de\/bloggen\/wp-json\/wp\/v2\/tags?post=6464"}],"curies":[{"name":"wp","href":"https:\/\/api.w.org\/{rel}","templated":true}]}}