{"id":6822,"date":"2019-05-01T17:14:24","date_gmt":"2019-05-01T15:14:24","guid":{"rendered":"http:\/\/www.rathgeber-balance.de\/bloggen\/?p=6822"},"modified":"2019-05-01T19:20:09","modified_gmt":"2019-05-01T17:20:09","slug":"naturschutzgebiet-garchinger-heide","status":"publish","type":"post","link":"https:\/\/www.rathgeber-balance.de\/bloggen\/impressionen\/naturschutzgebiet-garchinger-heide\/","title":{"rendered":"Naturschutzgebiet &#8222;Garchinger Heide&#8220;"},"content":{"rendered":"<p><img loading=\"lazy\" decoding=\"async\" class=\"alignleft size-full wp-image-6823\" src=\"http:\/\/www.rathgeber-balance.de\/bloggen\/wp-content\/uploads\/2019\/05\/GarchingHeide.jpg\" alt=\"\" width=\"250\" height=\"166\" \/>Die Heiden im M\u00fcnchener Norden bedeckten einst eine Fl\u00e4che von rund 15.000 Hektar.<!--more--><br \/>\nDie kiesigen B\u00f6den sind nacheiszeitlich entstanden und k\u00f6nnen kaum Wasser speichern.<br \/>\nDarum wurden sie als Weideland genutzt. Erst durch den Einsatz von Kunstd\u00fcnger war Ackerbau m\u00f6glich.<\/p>\n<p>Der \u00fcberwiegende Teil der Garchinger Heide wurde zwischen 1908 und 1914 von der Bayerischen Botanischen Gesellschaft erworben und somit vor der Umwandlung in Ackerland gerettet.<\/p>\n<p><img loading=\"lazy\" decoding=\"async\" class=\"alignleft size-full wp-image-6820\" src=\"http:\/\/www.rathgeber-balance.de\/bloggen\/wp-content\/uploads\/2019\/05\/GarchingIMG_5625b.jpg\" alt=\"\" width=\"250\" height=\"166\" \/>1942 wurde die \u201eGarchinger Heide\u201c als Naturschutzgebiet erkl\u00e4rt.<\/p>\n<p>Sie hat aufgrund ihrer Artenvielfalt europaweite Bedeutung.<br \/>\nEs finden sich \u00fcber 200 Pflanzenarten, seltene Schmetterlingsarten wie der Bl\u00e4uling oder Schachbrettfalter und K\u00e4fer.<\/p>\n<p>Neben den einheimischen Pflanzen gedeihen auch alpine, mediterrane und pontische Arten (Schwarzmeergebiet).<\/p>\n<p>Im Fr\u00fchling bl\u00fchen Adonisr\u00f6schen und K\u00fcchenschellen, im Sommer der blaubl\u00fchende Lein und die wei\u00dfe Graslilie. Im Herbst kommt der Deutsche Enzian (<em>Gentianella germanica<\/em>) zum Vorschein und die Silberdistel (<em>Carlina acaulis<\/em>).<br \/>\nIm Winter weist nichts darauf hin, dass die braune, unscheinbare Grasfl\u00e4che Sch\u00e4tze beherbergt.<\/p>\n<p>Quelle: Naturschutzgebiet Garchinger Heide\u2026 ein einzigartiges Heiderelikt<br \/>\n<a href=\"https:\/\/heideflaechenverein.de\/service\/dokumente\/flyer_gh.pdf\">heideflaechenverein.de\/service\/dokumente\/flyer_gh.pdf<\/a><\/p>\n<p>Derzeit bl\u00fchen das rosafarbene, mediterrane Heider\u00f6schen <em>(Daphne cneorum<\/em>) , der stengellose Enzian (<em>Gentiana clusii<\/em>) und das gelbe Fr\u00fchlingsadnonisr\u00f6schen.<\/p>\n<p>Dennoch braucht man ein aufmerksames Auge, um die teils kleinen Sch\u00f6nheiten in der kargen Landschaft zu sehen.<\/p>\n<p><img loading=\"lazy\" decoding=\"async\" class=\"alignleft size-full wp-image-6819\" src=\"http:\/\/www.rathgeber-balance.de\/bloggen\/wp-content\/uploads\/2019\/05\/GarchingIMG_5623b.jpg\" alt=\"\" width=\"250\" height=\"166\" \/><\/p>\n<p>&nbsp;<\/p>\n<p>&nbsp;<\/p>\n<p>&nbsp;<\/p>\n<p>&nbsp;<\/p>\n<p><img loading=\"lazy\" decoding=\"async\" class=\"alignleft size-full wp-image-6816\" src=\"http:\/\/www.rathgeber-balance.de\/bloggen\/wp-content\/uploads\/2019\/05\/GarchingIMG_5614b.jpg\" alt=\"\" width=\"250\" height=\"166\" \/><\/p>\n<p>&nbsp;<\/p>\n<p>&nbsp;<\/p>\n<p>&nbsp;<\/p>\n<p>&nbsp;<\/p>\n<p><img loading=\"lazy\" decoding=\"async\" class=\"alignnone size-full wp-image-6834\" src=\"http:\/\/www.rathgeber-balance.de\/bloggen\/wp-content\/uploads\/2019\/05\/GarchingIMG_5612b-1.jpg\" alt=\"\" width=\"250\" height=\"166\" \/><\/p>\n<p><img loading=\"lazy\" decoding=\"async\" class=\"alignnone size-full wp-image-6818\" src=\"http:\/\/www.rathgeber-balance.de\/bloggen\/wp-content\/uploads\/2019\/05\/GarchingIMG_5618b-1.jpg\" alt=\"\" width=\"250\" height=\"166\" \/><\/p>\n<p><img loading=\"lazy\" decoding=\"async\" class=\"alignnone size-full wp-image-6815\" src=\"http:\/\/www.rathgeber-balance.de\/bloggen\/wp-content\/uploads\/2019\/05\/Garching.jpg\" alt=\"\" width=\"250\" height=\"166\" \/><\/p>\n","protected":false},"excerpt":{"rendered":"<p>Die Heiden im M\u00fcnchener Norden bedeckten einst eine Fl\u00e4che von rund 15.000 Hektar.<\/p>\n","protected":false},"author":1,"featured_media":0,"comment_status":"open","ping_status":"open","sticky":false,"template":"","format":"standard","meta":{"footnotes":""},"categories":[7],"tags":[],"class_list":["post-6822","post","type-post","status-publish","format-standard","hentry","category-impressionen"],"_links":{"self":[{"href":"https:\/\/www.rathgeber-balance.de\/bloggen\/wp-json\/wp\/v2\/posts\/6822","targetHints":{"allow":["GET"]}}],"collection":[{"href":"https:\/\/www.rathgeber-balance.de\/bloggen\/wp-json\/wp\/v2\/posts"}],"about":[{"href":"https:\/\/www.rathgeber-balance.de\/bloggen\/wp-json\/wp\/v2\/types\/post"}],"author":[{"embeddable":true,"href":"https:\/\/www.rathgeber-balance.de\/bloggen\/wp-json\/wp\/v2\/users\/1"}],"replies":[{"embeddable":true,"href":"https:\/\/www.rathgeber-balance.de\/bloggen\/wp-json\/wp\/v2\/comments?post=6822"}],"version-history":[{"count":19,"href":"https:\/\/www.rathgeber-balance.de\/bloggen\/wp-json\/wp\/v2\/posts\/6822\/revisions"}],"predecessor-version":[{"id":6843,"href":"https:\/\/www.rathgeber-balance.de\/bloggen\/wp-json\/wp\/v2\/posts\/6822\/revisions\/6843"}],"wp:attachment":[{"href":"https:\/\/www.rathgeber-balance.de\/bloggen\/wp-json\/wp\/v2\/media?parent=6822"}],"wp:term":[{"taxonomy":"category","embeddable":true,"href":"https:\/\/www.rathgeber-balance.de\/bloggen\/wp-json\/wp\/v2\/categories?post=6822"},{"taxonomy":"post_tag","embeddable":true,"href":"https:\/\/www.rathgeber-balance.de\/bloggen\/wp-json\/wp\/v2\/tags?post=6822"}],"curies":[{"name":"wp","href":"https:\/\/api.w.org\/{rel}","templated":true}]}}