{"id":694,"date":"2014-10-26T10:59:56","date_gmt":"2014-10-26T09:59:56","guid":{"rendered":"http:\/\/www.rathgeber-balance.de\/bloggen\/?p=694"},"modified":"2015-01-17T11:31:16","modified_gmt":"2015-01-17T10:31:16","slug":"neues-vom-biotop","status":"publish","type":"post","link":"https:\/\/www.rathgeber-balance.de\/bloggen\/impressionen\/neues-vom-biotop\/","title":{"rendered":"Neues vom Biotop"},"content":{"rendered":"<p><em><span style=\"color: #008000;\">Was sich zwischenzeitlich getan hat &#8211; neue Erkenntnisse?<\/span><\/em><\/p>\n<p><a href=\"http:\/\/www.rathgeber-balance.de\/bloggen\/wp-content\/uploads\/2014\/10\/Hildegardkekse-0131.jpg\"><img loading=\"lazy\" decoding=\"async\" class=\"alignleft size-full wp-image-696\" src=\"http:\/\/www.rathgeber-balance.de\/bloggen\/wp-content\/uploads\/2014\/10\/Hildegardkekse-0131.jpg\" alt=\"Oktoberkerze\" width=\"250\" height=\"166\" \/><\/a>Wenn man m\u00f6chte, kann man den Radius bzw. Fokus doch erheblich erweitern, sich in der Natur zu bet\u00e4tigen.<br \/>\nBei meinen Erkundigungen bin ich auf einen Link gesto\u00dfen vom LBV \u2013 Landesbund f\u00fcr Vogelschutz.<!--more--><\/p>\n<p>Es werden immer Ehrenamtliche gesucht, die sich bei der Biotopflege beteiligen. Rund um das Stadtgebiet. \u00dcber einen E-Mailverteiler wird man \u00fcber Pflegetermine in den unterschiedlichen Gebieten informiert.<\/p>\n<p>Die Biotop-Gebiete zeichnen sich durch Magerrasen und Niedermoore aus. Im Winter m\u00fcssen B\u00e4ume und Str\u00e4ucher zur\u00fcckgeschnitten werden. Im Sommer werden bestimmte Bereiche gem\u00e4ht, im Wechsel. Ebenso im Herbst, damit die Vegetation nicht verfilzt.<\/p>\n<p>Die Aufgaben f\u00fcr Helfer bestehen haupts\u00e4chlich darin, das M\u00e4hgut zusammenzurechen, mit dem Schubkarren auf eine Plane zu laden.<br \/>\nDer Vorteil liegt darin, dass man die Flora und Fauna besser kennenlernt im Verlauf der Jahreszeiten.<\/p>\n<p>Und es gibt eine Sonderaktion, das &#8222;Uhu-Projekt&#8220;.<\/p>\n<p>Hierbei soll der Brutbestand und Bruterfolg in den Hangbereichen von Isar und Loisach erfasst werden. Freiwille k\u00f6nnen an einer Veranstaltung teilnehmen, um dann entweder bei Synchron-Verh\u00f6r-Aktionen mitzumachen oder auch einen Brutplatz zu betreuen.<\/p>\n<p>Synchronverh\u00f6ren bedeutet, dass in Zweierteams ca. 2 Stunden lang (\u00bd Stunde vor bis 1 \u00bd Stunden nach Sonnenuntergang) nach Uhu-Rufen gelauscht wird. So kann man absch\u00e4tzen, wieviel Reviere es im Gebiet gibt.<\/p>\n<p><a href=\"http:\/\/www.rathgeber-balance.de\/bloggen\/wp-content\/uploads\/2014\/10\/Biotop-Nebel.jpg\"><img loading=\"lazy\" decoding=\"async\" class=\"alignleft size-full wp-image-698\" src=\"http:\/\/www.rathgeber-balance.de\/bloggen\/wp-content\/uploads\/2014\/10\/Biotop-Nebel.jpg\" alt=\"Nebel\" width=\"250\" height=\"166\" \/><\/a>\u201eMein\u201c Biotop vor der Haust\u00fcre f\u00e4llt momentan noch nicht in den Bereich des LBV, aber vielleicht n\u00e4chstes Jahr\u2026<\/p>\n<p>N\u00e4chstes Jahr hat sich allerdings auch unser Garten vergr\u00f6\u00dfert und ich wei\u00df nicht, was alles anstehen wird. Aber ich stelle es mir \u201esch\u00f6n\u201c vor, auch mal vor der Haust\u00fcre zu rechen&#8230;<\/p>\n<p>(Foto oben: Oktober-Silberkerze Cimicifuga simplex &#8218;White Pearl&#8216;)<\/p>\n<p>Auf dem\u00a0 R\u00fcckweg f\u00e4llt <em>&#8222;es&#8220;<\/em> mir ein. Ende Oktober\/Anfang November ist dies f\u00fcr mich ein Muss.<\/p>\n<p>Das traditionelle Binden des L\u00e4rchenkr\u00e4nzchens, das den ganzen Winter \u00fcber den Terrassentisch schm\u00fcckt.<\/p>\n<p>Geeignet sind die weichen, benadelten, biegsamen Zweige der L\u00e4rche, die meist auch Zapfen tragen.<\/p>\n<p>Was man dazu braucht; ein Fahrrad, um eine L\u00e4rche zu suchen, eine Gartenschere, Basteldraht, eine halbe Stunde Zeit zum Binden.<\/p>\n<p><a href=\"http:\/\/www.rathgeber-balance.de\/bloggen\/wp-content\/uploads\/2014\/10\/L\u00e4rchenkr\u00e4nzchen-027zugeschnitten.jpg\"><img loading=\"lazy\" decoding=\"async\" class=\"alignleft size-full wp-image-878\" src=\"http:\/\/www.rathgeber-balance.de\/bloggen\/wp-content\/uploads\/2014\/10\/L\u00e4rchenkr\u00e4nzchen-027zugeschnitten.jpg\" alt=\"L\u00e4rchenkr\u00e4nzchen\" width=\"250\" height=\"166\" \/><\/a>Dieses Mal habe ich einen Hartriegelzweig gebogen als Grundger\u00fcst.<br \/>\nDann kanns losgehen, je k\u00fcrzer die die L\u00e4rchenzweige sind, desto feiner wird das Kr\u00e4nzchen.<br \/>\nZwischendurch kann auch etwas Moos mit eingewickelt werden. Vielleicht noch ein wenig verzieren, fertig ist die herbstliche Deko.<\/p>\n<h1><\/h1>\n<p>&nbsp;<\/p>\n<p>&nbsp;<\/p>\n<p>&nbsp;<\/p>\n","protected":false},"excerpt":{"rendered":"<p>Was sich zwischenzeitlich getan hat &#8211; neue Erkenntnisse? Wenn man m\u00f6chte, kann man den Radius bzw. Fokus doch erheblich erweitern, sich in der Natur zu bet\u00e4tigen. Bei meinen Erkundigungen bin ich auf einen Link gesto\u00dfen vom LBV \u2013 Landesbund f\u00fcr Vogelschutz.<\/p>\n","protected":false},"author":1,"featured_media":0,"comment_status":"open","ping_status":"open","sticky":false,"template":"","format":"standard","meta":{"footnotes":""},"categories":[7],"tags":[67,17,85,46,68],"class_list":["post-694","post","type-post","status-publish","format-standard","hentry","category-impressionen","tag-biotoppflege","tag-deko","tag-laerchenkraenzchen","tag-natur","tag-vogelschutzbund"],"_links":{"self":[{"href":"https:\/\/www.rathgeber-balance.de\/bloggen\/wp-json\/wp\/v2\/posts\/694","targetHints":{"allow":["GET"]}}],"collection":[{"href":"https:\/\/www.rathgeber-balance.de\/bloggen\/wp-json\/wp\/v2\/posts"}],"about":[{"href":"https:\/\/www.rathgeber-balance.de\/bloggen\/wp-json\/wp\/v2\/types\/post"}],"author":[{"embeddable":true,"href":"https:\/\/www.rathgeber-balance.de\/bloggen\/wp-json\/wp\/v2\/users\/1"}],"replies":[{"embeddable":true,"href":"https:\/\/www.rathgeber-balance.de\/bloggen\/wp-json\/wp\/v2\/comments?post=694"}],"version-history":[{"count":15,"href":"https:\/\/www.rathgeber-balance.de\/bloggen\/wp-json\/wp\/v2\/posts\/694\/revisions"}],"predecessor-version":[{"id":890,"href":"https:\/\/www.rathgeber-balance.de\/bloggen\/wp-json\/wp\/v2\/posts\/694\/revisions\/890"}],"wp:attachment":[{"href":"https:\/\/www.rathgeber-balance.de\/bloggen\/wp-json\/wp\/v2\/media?parent=694"}],"wp:term":[{"taxonomy":"category","embeddable":true,"href":"https:\/\/www.rathgeber-balance.de\/bloggen\/wp-json\/wp\/v2\/categories?post=694"},{"taxonomy":"post_tag","embeddable":true,"href":"https:\/\/www.rathgeber-balance.de\/bloggen\/wp-json\/wp\/v2\/tags?post=694"}],"curies":[{"name":"wp","href":"https:\/\/api.w.org\/{rel}","templated":true}]}}