{"id":709,"date":"2014-10-30T11:55:16","date_gmt":"2014-10-30T10:55:16","guid":{"rendered":"http:\/\/www.rathgeber-balance.de\/bloggen\/?p=709"},"modified":"2020-02-01T18:33:57","modified_gmt":"2020-02-01T17:33:57","slug":"badewellnesspralinen","status":"publish","type":"post","link":"https:\/\/www.rathgeber-balance.de\/bloggen\/naturkosmetik\/badewellnesspralinen\/","title":{"rendered":"Badewellnesspralinen"},"content":{"rendered":"<p><img loading=\"lazy\" decoding=\"async\" class=\"alignleft size-full wp-image-7234\" src=\"http:\/\/www.rathgeber-balance.de\/bloggen\/wp-content\/uploads\/2020\/01\/FrosthellIMG_7340hochkanth.jpg\" alt=\"\" width=\"250\" height=\"346\" srcset=\"https:\/\/www.rathgeber-balance.de\/bloggen\/wp-content\/uploads\/2020\/01\/FrosthellIMG_7340hochkanth.jpg 250w, https:\/\/www.rathgeber-balance.de\/bloggen\/wp-content\/uploads\/2020\/01\/FrosthellIMG_7340hochkanth-217x300.jpg 217w\" sizes=\"auto, (max-width: 250px) 100vw, 250px\" \/>Wenn die Tage sehr fr\u00fch an Helligkeit verlieren, muss ich f\u00fcr \u201ek\u00fcnstliche&#8220; Beleuchtung sorgen. <!--more--><\/p>\n<p>Dies geschieht durch Solarl\u00e4mpchen im Garten, die schwach leuchten, durch unz\u00e4hlige Teelichter auf der Fensterbank und durch meine Aromamelts, die in der Aromalampe schmelzen und t\u00e4glich mit ein wenig \u00e4therischem \u00d6l nachbeduftet werden.<br \/>\nAuch die Hinwendung zu kreativen Hobbys kann den Tag erhellen. Oder ein Wellness-Bad, duftend und pfegend und vielleicht angereichert mit einer selbstgemachten Badepraline.<\/p>\n<p>Badepralinen sind die Highlights unter meinen Pflegeprodukten. Wundersch\u00f6n anzusehen, geeignet als kleine Mitbringsel, notfalls auch zum Duschmelt umfunktioniert, sofern kein Vollbad erw\u00fcnscht ist. Sie l\u00f6sen sich im Badewasser langsam schmelzend auf und hinterlassen einen seidigen Film auf der Haut, der nachhaltig pflegt. Hinzu kommt ein leichter Duft. Durch den enthaltenen Emulgator l\u00e4sst sich auch die Badewanne leicht einigen und es ensteht kein Rand.<\/p>\n<p><strong><span style=\"color: #993366;\">Was man dazu braucht f\u00fcr etwa 8 Pralinen:<\/span><\/strong><br \/>\n1 Silikonform f\u00fcr Pralinen<br \/>\n60 g Kakaobutter<br \/>\n20 g Sheabutter<br \/>\n10 g Dermofeel PP (das ist ein auf pflanzlichen Fetten basierender Emulgator, erh\u00e4ltlich im Rohstoffhandel)<br \/>\n10 g \u00d6le (ich verwende 8 g Mandel\u00f6l und 2 g Hagebuttenkern\u00f6l,)<\/p>\n<p><strong><span style=\"color: #993366;\">Herstellung:<\/span><\/strong><br \/>\nKakaobtter und Sheabutter sanft im Wasserbad erhitzen, Dermofeel hinzugeben, klar aufschmelzen.<br \/>\nDie \u00d6le hinzugeben.<br \/>\nNun mit den \u00e4therischen \u00d6len beduften, in die Form f\u00fcllen.<br \/>\nIch verwende immer eine Mischung aus Lavendel, Benzoe, Ylang, Palma Rosa, Tonka, Jasmin, Rosengeranie und Orange, etwa 20 Tropfen.<\/p>\n<p><img loading=\"lazy\" decoding=\"async\" class=\"alignleft size-full wp-image-7426\" src=\"http:\/\/www.rathgeber-balance.de\/bloggen\/wp-content\/uploads\/2014\/10\/BadepralinePusteblumen-hoffentlich-die-Letzten-013be.jpg\" alt=\"\" width=\"250\" height=\"166\" \/>Zu erw\u00e4hnen w\u00e4re hier Benzoe, ein \u00e4therisches \u00d6l, gewonnen aus der Rinde bzw. dem Harz des Benzoebaumes (durch Extraktion mit Alkohol). Benzoe ist sehr hautpflegend und duftet s\u00fc\u00df und balsamisch nach Vanille, da es Vanillin enth\u00e4lt.<\/p>\n<p>Wenn man\u00a0 m\u00f6chte, kann man noch 1 bis 2 Tropfen Sanddornfruchtfleisch\u00f6l hinzugeben, die Praline erh\u00e4lt dann einen leicht aprikotfarbenen Ton.<\/p>\n<p>Die Masse in den F\u00f6rmchen etwa eine halbe Stunde lang bei Zimmertemperatur fest werden lassen, danach ca. eine Stunde im Gefrierfach aush\u00e4rten. Die fertigen Badepralinen k\u00f6nnen nun gut entnommen werden.<\/p>\n<p><img loading=\"lazy\" decoding=\"async\" class=\"alignleft size-full wp-image-7425\" src=\"http:\/\/www.rathgeber-balance.de\/bloggen\/wp-content\/uploads\/2014\/10\/Badepralinen-025neuhell.jpg\" alt=\"\" width=\"250\" height=\"166\" \/>Da eine Badepraline immer besonders h\u00fcbsch verpackt werden m\u00f6chte, ist es wichtig, das Gartenjahr \u00fcber Rosenknospen oder Lavendelrispen zu sammeln. S\u00e4ckchen aus Gaze sind geeignet oder kleine Schachteln, wobei die Praline auch in eine Papiermanschette gesteckt werden kann.<\/p>\n<p>&nbsp;<\/p>\n","protected":false},"excerpt":{"rendered":"<p>Wenn die Tage sehr fr\u00fch an Helligkeit verlieren, muss ich f\u00fcr \u201ek\u00fcnstliche&#8220; Beleuchtung sorgen.<\/p>\n","protected":false},"author":1,"featured_media":0,"comment_status":"open","ping_status":"open","sticky":false,"template":"","format":"standard","meta":{"footnotes":""},"categories":[1],"tags":[69,73,71,72,70],"class_list":["post-709","post","type-post","status-publish","format-standard","hentry","category-naturkosmetik","tag-badepralinen","tag-benzoe","tag-lavendel","tag-rosenknospen","tag-wellness"],"_links":{"self":[{"href":"https:\/\/www.rathgeber-balance.de\/bloggen\/wp-json\/wp\/v2\/posts\/709","targetHints":{"allow":["GET"]}}],"collection":[{"href":"https:\/\/www.rathgeber-balance.de\/bloggen\/wp-json\/wp\/v2\/posts"}],"about":[{"href":"https:\/\/www.rathgeber-balance.de\/bloggen\/wp-json\/wp\/v2\/types\/post"}],"author":[{"embeddable":true,"href":"https:\/\/www.rathgeber-balance.de\/bloggen\/wp-json\/wp\/v2\/users\/1"}],"replies":[{"embeddable":true,"href":"https:\/\/www.rathgeber-balance.de\/bloggen\/wp-json\/wp\/v2\/comments?post=709"}],"version-history":[{"count":43,"href":"https:\/\/www.rathgeber-balance.de\/bloggen\/wp-json\/wp\/v2\/posts\/709\/revisions"}],"predecessor-version":[{"id":7432,"href":"https:\/\/www.rathgeber-balance.de\/bloggen\/wp-json\/wp\/v2\/posts\/709\/revisions\/7432"}],"wp:attachment":[{"href":"https:\/\/www.rathgeber-balance.de\/bloggen\/wp-json\/wp\/v2\/media?parent=709"}],"wp:term":[{"taxonomy":"category","embeddable":true,"href":"https:\/\/www.rathgeber-balance.de\/bloggen\/wp-json\/wp\/v2\/categories?post=709"},{"taxonomy":"post_tag","embeddable":true,"href":"https:\/\/www.rathgeber-balance.de\/bloggen\/wp-json\/wp\/v2\/tags?post=709"}],"curies":[{"name":"wp","href":"https:\/\/api.w.org\/{rel}","templated":true}]}}