{"id":7211,"date":"2019-12-21T14:03:39","date_gmt":"2019-12-21T13:03:39","guid":{"rendered":"http:\/\/www.rathgeber-balance.de\/bloggen\/?p=7211"},"modified":"2019-12-21T14:06:54","modified_gmt":"2019-12-21T13:06:54","slug":"weihnachten","status":"publish","type":"post","link":"https:\/\/www.rathgeber-balance.de\/bloggen\/impressionen\/weihnachten\/","title":{"rendered":"Weihnachten"},"content":{"rendered":"<p><img loading=\"lazy\" decoding=\"async\" class=\"alignleft size-full wp-image-7138\" src=\"http:\/\/www.rathgeber-balance.de\/bloggen\/wp-content\/uploads\/2019\/12\/Katzenweihnacht-300-IMG_6785ba.jpg\" alt=\"\" width=\"300\" height=\"200\" \/>Nun ist die Adventszeit bald zu Ende.<!--more--><br \/>\nVoll war sie (und ist sie noch immer)\u00a0 mit vielen Lichtblicken, Leckereien und Aktivit\u00e4ten, die nur dieser Phase vorbehalten sind.<br \/>\nGepr\u00e4gt von einer unerm\u00fcdlichen Suche nach kleinen Geschenken, welche die Liebsten ein wenig erfreuen k\u00f6nnten. Ich zumindest w\u00e4hle gerne Geschenke, die auch mir gefallen, und so waren zwei h\u00fcbsche Christrosen dabei.<\/p>\n<p>Bew\u00e4hrt hat sich das \u201eAdventstablett\u201c, best\u00fcckt mit vier rustikalen rosafarbenen Stumpenkerzen.\u00a0 Die L\u00e4rchenzapfen sind \u00a0gesammelt, die kleinen Bienenwachssternchen aus Pellets gegossen und mit Zimtrinde und \u00e4therischem Nelkenknospen\u00f6l beduftet. Der Duft ist gut wahrnehmbar.<\/p>\n<p>Ein kleines Highlight war sicherlich die Wahl des Christbaumes, heuer auf dem Land erstanden, beim Bioobstbauern, g\u00fcnstig und verbunden mit einer sch\u00f6nen \u00dcberlandfahrt.<\/p>\n<p>Heuer wird auch getestet, ob sich kleine \u00c4pfelchen mit Stiel und einem Bastfaden am Christbaum bew\u00e4hren. Einge\u00f6lt sind sie schon, noch fehlt der Aufh\u00e4nger.<\/p>\n<p><img loading=\"lazy\" decoding=\"async\" class=\"alignleft size-full wp-image-7103\" src=\"http:\/\/www.rathgeber-balance.de\/bloggen\/wp-content\/uploads\/2019\/12\/KatzenweihnachtIMG_6803b.jpg\" alt=\"\" width=\"250\" height=\"166\" \/>Fr\u00fcher wurde der Christbaum immer auf diese Weise geschm\u00fcckt\u00a0 und es sah so sch\u00f6n aus und hat vermutlich auch gut geduftet.<br \/>\nIch sehe noch die gro\u00dfe, nur schwach beleuchtete Diele meiner Gro\u00dfeltern\u00a0 mit knarzigem, gl\u00e4nzendem Parkett, das oft poliert wurde, mit einfachen Holzm\u00f6beln und dem Christbaum auf einem Tischchen. Er war und \u00fcber mit rotbackigen, hochgl\u00e4nzenden \u00c4pfeln behangen, die mit Schleifen an den Zweigen befestigt waren. Die Bienenwachskerzen passten gut dazu ebenso wie die gro\u00dfen Strohsterne.<br \/>\nVermutlich waren die \u00c4pfel gefettet, um sie l\u00e4nger haltbar zu machen. Danach wurden sie nat\u00fcrlich nicht entsorgt, sondern weiterverarbeitet zu Kompott oder in S\u00fc\u00dfspeisen und Kuchen oder auch frisch verzehrt, wenn der Apfel noch ansehnlich war.<br \/>\nDiese Tradition aus Omas Zeiten ist wieder aufgelebt, wie es zu lesen ist.<\/p>\n<p>Nat\u00fcrlich gibt es dieses Weihnachten auch wieder selbst gebackenen Honigkuchen-Baumbehang, der recht gut duftet und dessen Konturen mit Eiwei\u00dfschnee nachgezeichnet wurden.<br \/>\nAll dies wird unser junges K\u00e4tzchen sehr erfreuen und f\u00fcr Stimmung innerhalb der Familie sorgen. Zumindest g\u00e4be es dann keine Glasscherben, es sei denn, <em>Kitty<\/em> w\u00fcrde sich bis in die oberen Etagen des Christbaums vorarbeiten.<\/p>\n<p><img loading=\"lazy\" decoding=\"async\" class=\"alignleft size-full wp-image-7143\" src=\"http:\/\/www.rathgeber-balance.de\/bloggen\/wp-content\/uploads\/2019\/12\/KatzenweihnachtneuIMG_6792bz-1.jpg\" alt=\"\" width=\"250\" height=\"180\" \/>Das w\u00e4re nicht neu, sondern ein D\u00e9j\u00e0-vu, nur einige Jahre\u00a0 zuvor.<br \/>\nAm Heilig Abend hatten wir wie immer das kleine, goldene Gl\u00f6ckchen bewegt, der erste Ton war kaum verklungen,\u2026\u00a0 nicht unsere Kinder st\u00fcrmten herein, sondern unser \u00fcberm\u00fctiges K\u00e4tzchen, mit verz\u00fcckten Ausdruck in ihrem kleinen Katzengesicht. Flink wie ein Eichh\u00f6rnchen kletterte sie bis zur Spitze des Baumes und sp\u00e4hte aus dem Gewirr der Lichterketten. Der Baum schwankte. \u201eSch\u00f6ne Bescherung\u201c mag ich damals gedacht haben.<br \/>\nHeuer lasse ich mich \u00fcberraschen.<\/p>\n<p>Jeden Tag gab es in dieser Adventszeit einige Henkeltassen Tee,\u00a0 ein wenig zelebriert, wohlschmeckend,\u00a0 wohlduftend und wohlstimmend mit feinen Aromen wie Zimt, Apfel , Hagebutten, Orangenschalen, Sternanis, Nelke, Zitronenschale\u00a0 oder Hibiskusbl\u00e4ttern.<\/p>\n<p>Heilig Abend mit seinen Ritualen, sei es nun \u201eWaldweihnacht\u201c im Freien bei hoffentlich trockenem Wetter, Bescherung,\u00a0 festlichem Essen, gem\u00fctlichem Beisammensitzen, wird schnell vor\u00fcber sein und auch die beiden Feiertage werden wie im Flug vergehen.<\/p>\n<p>Darum war und ist es sicherlich von Vorteil, sich auf die kleinen Freuden und Lichtblicke des Momentes zu besinnen.<\/p>\n<p><span style=\"color: #993300;\">Ich w\u00fcnsche allen Lesern eine sch\u00f6ne restliche Adventszeit und ein friedliches Fest.<\/span><\/p>\n<p><strong><span style=\"color: #993300;\"><img loading=\"lazy\" decoding=\"async\" class=\"alignleft size-full wp-image-7133\" src=\"http:\/\/www.rathgeber-balance.de\/bloggen\/wp-content\/uploads\/2019\/12\/Dezembertr\u00e4ume300IMG_7070b.jpg\" alt=\"\" width=\"300\" height=\"200\" \/>Weihnachten \u2013<\/span> <\/strong><br \/>\ndas\u00a0sind\u00a0Festtage,<br \/>\ndie mir in\u00a0freundlichem Schimmer<br \/>\nlange\u00a0entgegenleuchten.<br \/>\nErnst Theodor Amadeus Hoffmann, geb. 1776 in K\u00f6nigsberg, deutscher Schriftsteller<\/p>\n<p>&nbsp;<\/p>\n","protected":false},"excerpt":{"rendered":"<p>Nun ist die Adventszeit bald zu Ende.<\/p>\n","protected":false},"author":1,"featured_media":0,"comment_status":"open","ping_status":"open","sticky":false,"template":"","format":"standard","meta":{"footnotes":""},"categories":[7],"tags":[],"class_list":["post-7211","post","type-post","status-publish","format-standard","hentry","category-impressionen"],"_links":{"self":[{"href":"https:\/\/www.rathgeber-balance.de\/bloggen\/wp-json\/wp\/v2\/posts\/7211","targetHints":{"allow":["GET"]}}],"collection":[{"href":"https:\/\/www.rathgeber-balance.de\/bloggen\/wp-json\/wp\/v2\/posts"}],"about":[{"href":"https:\/\/www.rathgeber-balance.de\/bloggen\/wp-json\/wp\/v2\/types\/post"}],"author":[{"embeddable":true,"href":"https:\/\/www.rathgeber-balance.de\/bloggen\/wp-json\/wp\/v2\/users\/1"}],"replies":[{"embeddable":true,"href":"https:\/\/www.rathgeber-balance.de\/bloggen\/wp-json\/wp\/v2\/comments?post=7211"}],"version-history":[{"count":10,"href":"https:\/\/www.rathgeber-balance.de\/bloggen\/wp-json\/wp\/v2\/posts\/7211\/revisions"}],"predecessor-version":[{"id":7221,"href":"https:\/\/www.rathgeber-balance.de\/bloggen\/wp-json\/wp\/v2\/posts\/7211\/revisions\/7221"}],"wp:attachment":[{"href":"https:\/\/www.rathgeber-balance.de\/bloggen\/wp-json\/wp\/v2\/media?parent=7211"}],"wp:term":[{"taxonomy":"category","embeddable":true,"href":"https:\/\/www.rathgeber-balance.de\/bloggen\/wp-json\/wp\/v2\/categories?post=7211"},{"taxonomy":"post_tag","embeddable":true,"href":"https:\/\/www.rathgeber-balance.de\/bloggen\/wp-json\/wp\/v2\/tags?post=7211"}],"curies":[{"name":"wp","href":"https:\/\/api.w.org\/{rel}","templated":true}]}}