{"id":7476,"date":"2020-03-01T08:40:20","date_gmt":"2020-03-01T07:40:20","guid":{"rendered":"http:\/\/www.rathgeber-balance.de\/bloggen\/?p=7476"},"modified":"2020-03-01T08:58:07","modified_gmt":"2020-03-01T07:58:07","slug":"meteorologischer-fruehlingsanfang-2","status":"publish","type":"post","link":"https:\/\/www.rathgeber-balance.de\/bloggen\/gartenskizzen\/meteorologischer-fruehlingsanfang-2\/","title":{"rendered":"Meteorologischer Fr\u00fchlingsanfang"},"content":{"rendered":"<p><img loading=\"lazy\" decoding=\"async\" class=\"alignleft size-full wp-image-7478\" src=\"http:\/\/www.rathgeber-balance.de\/bloggen\/wp-content\/uploads\/2020\/03\/Fr\u00fchlingIMG_7507bz.jpg\" alt=\"\" width=\"300\" height=\"216\" \/>Am 1.\u00a0 M\u00e4rz ist meteorologischer Fr\u00fchlinganfang.<!--more--><br \/>\nKalendarischer Fr\u00fchlingsanfang ist heuer der 20. M\u00e4rz, der auf die Fr\u00fchlings-Tagundnachtgleiche f\u00e4llt.<\/p>\n<p>Warum meteorologischer Fr\u00fchlingsanfang?<br \/>\nF\u00fcr Meteorologen bietet es sich an, mit der Rechnung der Jahreszeiten immer am 1. eines Monats zu starten. So ist es leichter, Statistiken aufzustellen und zu vergleichen hinsichtlich Klimatabellen, Temperaturanalysen oder Monatsmittelwerten.<\/p>\n<p>Vorbei ist die Zeit, um Obst- und Ziergeh\u00f6lze zu schneiden, da die Brutzeit ab M\u00e4rz begonnen hat.<br \/>\nZahlreiche St\u00fcrme haben allerdings nachgeholfen und schwaches und totes Holz von B\u00e4umen und Str\u00e4uchern gefegt.<\/p>\n<p>Es gab kaum Schnee heuer, daf\u00fcr Frosttage, und auch jetzt ist es jahreszeitengerecht recht kalt in der Nacht.<\/p>\n<p>In der Blumenwiese regt sich nun doch einiges, auch wenn sich Schneegl\u00f6ckchen und Krokusse bislang nicht stark vermehrt haben. Wei\u00dfbl\u00fchende Krokusse, die mich an cremige Sahneh\u00e4ubchen erinnern, haben sich in Tuffs aus dem Boden geschoben. Wildkrokusse bilden zahlreiche lila Blickpunkte.<\/p>\n<p>Um den Bestand in der Blumenwiese zu erweitern, habe ich heimische Wildstauden bestellt. Sie kommen erst im richtigen Fr\u00fchjahr.<br \/>\nWiesensalbei <em>Salvia pratensis<\/em> ist dabei,\u00a0 eine bekannte Wiesenblume, die einen trockenen sonnigen Standort mag.<br \/>\nWiesenschaumkraut<em> Cardamime pratensis<\/em> wird hoffentlich gedeihen, auch wenn es eher feuchte B\u00f6den bevorzugt.<br \/>\nDie Gef\u00fcllte Pechnelke<em> Lychnis viscaria \u201aPlena\u2018<\/em>\u00a0 liebt sonnige, trockene B\u00f6den und ist auch auf Magerrasen anzutreffen.<br \/>\nDie Kuckucks-Lichtnelke<em> Lychnis flos-cuculi<\/em> ist ebenfalls eine heimische Feuchtwiesen-Art f\u00fcr naturnahe Pflanzungen, mag es allerdings nicht bedr\u00e4ngt zu werden. Sie gedeiht auf n\u00e4hrstoff\u00e4rmeren B\u00f6den, ganz gleich ob als Nasswiese, als Trockenrasen, als Almwiese oder als Saum am Wegrand. Doch ist sie selten geworden.<br \/>\nDie letzte Pflanze ist die Astlose Graslilie <em>Anthericum liliago<\/em>, sie ist in lichten Eichen- oder Kiefernw\u00e4ldern zu finden.<\/p>\n<p>Der Teichrand ist ges\u00e4ubert und gelichtet, die Gem\u00fcsebeete sind von Unkraut befreit und leicht gelockert. Lavendel und Bohnenkraut habe ich stark verj\u00fcngt.<\/p>\n<p>Und immer wieder kommt Sturm, der die Aufr\u00e4umungsarbeiten von vorne los gehen l\u00e4sst. Ich werde umdenken und zu hohe Anspr\u00fcche herunterschrauben m\u00fcssen.<\/p>\n<p><img loading=\"lazy\" decoding=\"async\" class=\"alignleft size-full wp-image-7479\" src=\"http:\/\/www.rathgeber-balance.de\/bloggen\/wp-content\/uploads\/2020\/03\/Fr\u00fchlingIMG_7527b.jpg\" alt=\"\" width=\"300\" height=\"216\" \/>Der Echte Seidelbast <em>Daphne mezereum<\/em> beginnt seine Bl\u00fcten zu \u00f6ffnen. \u00a0Er steht auf der Liste der gesch\u00fctzten Wildpflanzen. Die Bl\u00fcten erscheinen Anfang M\u00e4rz und verstr\u00f6men einen intensiven Duft. Leider sind die roten, gl\u00e4nzenden Fr\u00fcchte, die im Juni reifen, zwar dekorativ, aber sehr giftig.<\/p>\n<p>Zusammen mit Mandel Wolfsmilch <em>Euphorbia amygdaloides \u201aRubra\u2018<\/em> mit gl\u00e4nzenden, weinrotem Laub, die im lichten Schatten am Geh\u00f6lzrand gut gedeiht, ist es ein sch\u00f6nes Ensemble im zeitigen Fr\u00fchjahr.<\/p>\n<p>Die Lust auf Bl\u00fcten wird gro\u00df, t\u00e4glich sehe ich Fortschritte im Kalthaus, wie sich Levkojen-Samen entwickeln, sich stetig dem Licht zuwenden und Kornblumen an Gr\u00f6\u00dfe zulegen. Sie werden sp\u00e4ter als kleine\u00a0 Pfl\u00e4nzchen in die Blumenwiese gesetzt.<br \/>\nDie Ungeduld nimmt\u00a0 zu, und dennoch siegen \u00a0Vernunft und auch das Wissen, nicht alles auf Garten und das Drumherum zu setzen. Es gibt\u00a0 noch andere Hobby und Verpflichtungen, die einen Tag sch\u00f6n gestalten k\u00f6nnen.<\/p>\n<p><img loading=\"lazy\" decoding=\"async\" class=\"alignleft size-full wp-image-7480\" src=\"http:\/\/www.rathgeber-balance.de\/bloggen\/wp-content\/uploads\/2020\/03\/Fr\u00fchlingPusteblumen-Badepralineb.jpg\" alt=\"\" width=\"300\" height=\"199\" \/>Also nutze ich die Zeit f\u00fcr ein wenig Kreativit\u00e4t und stelle Badepralinen her, dieses Mal in Zusammenarbeit\u00a0 mit einem bezaubernden Mini Kleinkindm\u00e4dchen, das f\u00fcr ihr Leben gerne badet.<br \/>\nSie f\u00fcllt die Kakaobutter-Pl\u00e4ttchen mit einem kleinen\u00a0 R\u00fchrl\u00f6ffel ab, ich gebe die Sheabutter hinzu, den Emulgator und sp\u00e4ter das Mandel\u00f6l. Sie darf nun mit den Aromafl\u00e4schchen herumwedeln, um f\u00fcr den Duft zu sorgen. Einige Tropfen finden auch ins R\u00fchrglas. Nun kann die Masse in Silikon-F\u00f6rmchen abgef\u00fcllt werden und aush\u00e4rten. Fertig ist die Badepraline, immer wieder ein gern gesehenes Mitbringsel f\u00fcr diejenigen, die gerne baden oder\u00a0 auch damit duschen.<\/p>\n<p>&nbsp;<\/p>\n<p>&nbsp;<\/p>\n","protected":false},"excerpt":{"rendered":"<p>Am 1.\u00a0 M\u00e4rz ist meteorologischer Fr\u00fchlinganfang.<\/p>\n","protected":false},"author":1,"featured_media":0,"comment_status":"open","ping_status":"open","sticky":false,"template":"","format":"standard","meta":{"footnotes":""},"categories":[206],"tags":[69,261],"class_list":["post-7476","post","type-post","status-publish","format-standard","hentry","category-gartenskizzen","tag-badepralinen","tag-meteorologischer-fruehlingsanfang"],"_links":{"self":[{"href":"https:\/\/www.rathgeber-balance.de\/bloggen\/wp-json\/wp\/v2\/posts\/7476","targetHints":{"allow":["GET"]}}],"collection":[{"href":"https:\/\/www.rathgeber-balance.de\/bloggen\/wp-json\/wp\/v2\/posts"}],"about":[{"href":"https:\/\/www.rathgeber-balance.de\/bloggen\/wp-json\/wp\/v2\/types\/post"}],"author":[{"embeddable":true,"href":"https:\/\/www.rathgeber-balance.de\/bloggen\/wp-json\/wp\/v2\/users\/1"}],"replies":[{"embeddable":true,"href":"https:\/\/www.rathgeber-balance.de\/bloggen\/wp-json\/wp\/v2\/comments?post=7476"}],"version-history":[{"count":5,"href":"https:\/\/www.rathgeber-balance.de\/bloggen\/wp-json\/wp\/v2\/posts\/7476\/revisions"}],"predecessor-version":[{"id":7484,"href":"https:\/\/www.rathgeber-balance.de\/bloggen\/wp-json\/wp\/v2\/posts\/7476\/revisions\/7484"}],"wp:attachment":[{"href":"https:\/\/www.rathgeber-balance.de\/bloggen\/wp-json\/wp\/v2\/media?parent=7476"}],"wp:term":[{"taxonomy":"category","embeddable":true,"href":"https:\/\/www.rathgeber-balance.de\/bloggen\/wp-json\/wp\/v2\/categories?post=7476"},{"taxonomy":"post_tag","embeddable":true,"href":"https:\/\/www.rathgeber-balance.de\/bloggen\/wp-json\/wp\/v2\/tags?post=7476"}],"curies":[{"name":"wp","href":"https:\/\/api.w.org\/{rel}","templated":true}]}}