{"id":7486,"date":"2020-03-21T12:17:23","date_gmt":"2020-03-21T11:17:23","guid":{"rendered":"http:\/\/www.rathgeber-balance.de\/bloggen\/?p=7486"},"modified":"2020-04-28T13:27:54","modified_gmt":"2020-04-28T11:27:54","slug":"das-duftveilchen-viola-adorata","status":"publish","type":"post","link":"https:\/\/www.rathgeber-balance.de\/bloggen\/naturkosmetik\/das-duftveilchen-viola-adorata\/","title":{"rendered":"Das Duftveilchen (Viola adorata)"},"content":{"rendered":"<p><img loading=\"lazy\" decoding=\"async\" class=\"alignleft size-full wp-image-7487\" src=\"http:\/\/www.rathgeber-balance.de\/bloggen\/wp-content\/uploads\/2020\/03\/veilchenIMG_7669.jpg\" alt=\"\" width=\"300\" height=\"200\" \/>Wenn die ersten Duftveilchen als Boten des Fr\u00fchlings bl\u00fchen, ist die Welt ein St\u00fcck weit (wieder) in Ordnung. Und wenn es nur f\u00fcr den Moment ist, alles zu vergessen. <!--more--><br \/>\nVeilchen erinnern an Kindheitstage, wo die Wiesen \u00fcbers\u00e4t waren von violettfarbenen Klecksen, gepaart mit G\u00e4nsebl\u00fcmchen, um Ketten daraus zu flechten.<\/p>\n<p>Trotz Ausgangsbeschr\u00e4nkung\u00a0 in Bayern im Kampf gegen das Corona Virus wird der Spaziergang oder das Joggen in freier Natur erlaubt und auch empfohlen.<\/p>\n<p>Endlich mal keine Eilmeldung, die das Handy erreicht, keine neuen Auflagen oder die j\u00fcngsten Zahlen, \u00a0welche das Ausma\u00df der Seuche demonstrieren.<br \/>\nIm Wald, in der Parkanlage oder im Garten scheint\u00a0 die Bedrohung weit weg zu sein. Man sieht und h\u00f6rt sie nicht.<\/p>\n<p>Die meditative Ruhe ist\u00a0 beeindruckend.<br \/>\nWenig Stra\u00dfenl\u00e4rm st\u00f6rt, keine Begeisterungsschreie ert\u00f6nen vom nahegelegenen Fu\u00dfball- und Hockeyfeld, die Welt ist stiller geworden.<br \/>\nDer Unterschied zwischen Wochenende und Woche verschwimmt ein wenig.<br \/>\nDer Terminkalender leert sich, Betreuungs- und Besuchszeiten im Altenheim fallen weg.<br \/>\nKein Yoga mehr im Studio, kein Friseur, kein Arztbesuch, wenn nicht unbedingt n\u00f6tig.<br \/>\nKeinerlei sozialen Kontakte bis auf das Telefonieren oder die Mail, Plaudereien \u00fcber den Gartenzaun finden nat\u00fcrlich ausgiebig statt.<br \/>\nDas \u201eHome office\u201c \u00a0ist ge\u00f6ffnet.<\/p>\n<p>\u201eDr\u00fcben\u201c im Nachbarsgrundst\u00fcck wird der Au\u00dfenbereich f\u00fcr den Verkauf von Eis ab Fabrik hergerichtet. Irgendwann werden Betrieb und der Strau\u00dfenverkauf im neuen Pavillon auch wieder laufen.\u00a0 Bis dahin soll alles\u00a0 h\u00fcbsch werden, das gro\u00dfe Blumenbeet wird\u00a0 frisch bepflanzt<\/p>\n<p>Umso deutlicher ist das Rumoren in der Natur zu h\u00f6ren und auch zu beobachten. Wenn schon keine Konzerte\u00a0 mehr stattfinden,\u2026 \u00a0hier drau\u00dfen ist der Eintritt erlaubt und auch noch frei. Die V\u00f6gel zwitschern um die Wette. \u00a0Das oftmals sch\u00f6ne Wetter l\u00e4dt zudem ein, sich auf der Freilichtb\u00fchne aufzuhalten, sofern ein kleiner Garten oder Balkon vorhanden sind<\/p>\n<p>Derzeit ist das Veilchen nicht zu \u00fcbersehen, es durchzieht die Wiesen mit lila Blickpunkten.<br \/>\nEs gibt viele Arten (mehr als 400\u00a0 Arten), das wohl bekannteste\u00a0 ist das Duftveilchen, welches von M\u00e4rz bis\u00a0 April bl\u00fcht. Es ist auf Rasenfl\u00e4chen zu finden, am Geh\u00f6lzrand oder auf halbschattigem Waldboden.<\/p>\n<p>Das Duftveilchen (<em>Viola odorata)<\/em> ist ein Vertreter der Familie der Veilchengew\u00e4chse (<em>Violaceae)<\/em> und f\u00e4llt vor allem durch seine bezaubernden, leicht duftenden Bl\u00fctenbl\u00e4tter auf. Charakteristisch ist auch die die Herzform der Bl\u00e4tter.<\/p>\n<p><img loading=\"lazy\" decoding=\"async\" class=\"alignleft size-full wp-image-7488\" src=\"http:\/\/www.rathgeber-balance.de\/bloggen\/wp-content\/uploads\/2020\/03\/VeilchenNeuVeilchenessig-047h.jpg\" alt=\"\" width=\"300\" height=\"217\" \/>Man kann mit Veilchen so einiges herstellen in der \u201eGartenk\u00fcche\u201c oder im naturkosmetischen Bereich.<br \/>\nVeilchenzucker oder bek\u00f6mmlichen Veilchenessig mit Kandiszucker, Veilchensirup oder kandierte Veilchen als S\u00fc\u00dfigkeit oder Dekoration auf Torten, Dessert oder Pralinen<\/p>\n<p><a name=\"Veilchenoel\"><\/a>Bereits Hildegard von Bingen kannte die Heilkraft der Pflanze und r\u00fchrte Salben mit Duftveilchen zur Linderung von Kopfschmerzen, aber auch zur Hautpflege.<\/p>\n<p>Einfach anzusetzen ist ein Veilchen\u00f6lauszug.<br \/>\nGepfl\u00fcckt wird am besten vormittags, wenn die zarten Bl\u00fcten schon etwas abgetrocknet sind.<\/p>\n<p>Geeignet f\u00fcr den \u00d6lauszug sind Mandel\u00f6l oder Jojoba\u00f6l, da beide \u00d6le duftneutral sind. Wichtig ist, so viel Pflanzen\u00f6l zu verwenden, dass die Pflanzenteile gut bedeckt sind. Der Ansatz sollte einige Male am Tag bewegt werden, damit die Inhaltsstoffe auf das \u00d6l \u00fcbergehen k\u00f6nnen, nach ca. drei Wochen wird filtriert.<\/p>\n<p><img loading=\"lazy\" decoding=\"async\" class=\"alignleft size-full wp-image-7506\" src=\"http:\/\/www.rathgeber-balance.de\/bloggen\/wp-content\/uploads\/2020\/03\/VeilchenIMG_7695zb.jpg\" alt=\"\" width=\"300\" height=\"216\" \/>Wie \u00fcblich werde ich das Jojobamazerat weiterverarbeiten in einem Gesichtsfluid, vielleicht noch zus\u00e4tzlich beduftet mit dem \u00e4therischen \u00d6l von Veilchenbl\u00e4ttern, was eine kleine Kostbarkeit darstellt.<\/p>\n<p>Ich w\u00fcnsche Allen Gesundheit und Durchhalteverm\u00f6gen.<\/p>\n<p>&nbsp;<\/p>\n","protected":false},"excerpt":{"rendered":"<p>Wenn die ersten Duftveilchen als Boten des Fr\u00fchlings bl\u00fchen, ist die Welt ein St\u00fcck weit (wieder) in Ordnung. Und wenn es nur f\u00fcr den Moment ist, alles zu vergessen.<\/p>\n","protected":false},"author":1,"featured_media":0,"comment_status":"open","ping_status":"open","sticky":false,"template":"","format":"standard","meta":{"footnotes":""},"categories":[1],"tags":[146,262],"class_list":["post-7486","post","type-post","status-publish","format-standard","hentry","category-naturkosmetik","tag-duftveilchen","tag-oelauszug"],"_links":{"self":[{"href":"https:\/\/www.rathgeber-balance.de\/bloggen\/wp-json\/wp\/v2\/posts\/7486","targetHints":{"allow":["GET"]}}],"collection":[{"href":"https:\/\/www.rathgeber-balance.de\/bloggen\/wp-json\/wp\/v2\/posts"}],"about":[{"href":"https:\/\/www.rathgeber-balance.de\/bloggen\/wp-json\/wp\/v2\/types\/post"}],"author":[{"embeddable":true,"href":"https:\/\/www.rathgeber-balance.de\/bloggen\/wp-json\/wp\/v2\/users\/1"}],"replies":[{"embeddable":true,"href":"https:\/\/www.rathgeber-balance.de\/bloggen\/wp-json\/wp\/v2\/comments?post=7486"}],"version-history":[{"count":15,"href":"https:\/\/www.rathgeber-balance.de\/bloggen\/wp-json\/wp\/v2\/posts\/7486\/revisions"}],"predecessor-version":[{"id":7693,"href":"https:\/\/www.rathgeber-balance.de\/bloggen\/wp-json\/wp\/v2\/posts\/7486\/revisions\/7693"}],"wp:attachment":[{"href":"https:\/\/www.rathgeber-balance.de\/bloggen\/wp-json\/wp\/v2\/media?parent=7486"}],"wp:term":[{"taxonomy":"category","embeddable":true,"href":"https:\/\/www.rathgeber-balance.de\/bloggen\/wp-json\/wp\/v2\/categories?post=7486"},{"taxonomy":"post_tag","embeddable":true,"href":"https:\/\/www.rathgeber-balance.de\/bloggen\/wp-json\/wp\/v2\/tags?post=7486"}],"curies":[{"name":"wp","href":"https:\/\/api.w.org\/{rel}","templated":true}]}}