{"id":7764,"date":"2020-05-16T10:36:34","date_gmt":"2020-05-16T08:36:34","guid":{"rendered":"http:\/\/www.rathgeber-balance.de\/bloggen\/?p=7764"},"modified":"2020-05-16T10:51:48","modified_gmt":"2020-05-16T08:51:48","slug":"drueben-im-garten-4","status":"publish","type":"post","link":"https:\/\/www.rathgeber-balance.de\/bloggen\/gartenskizzen\/drueben-im-garten-4\/","title":{"rendered":"Dr\u00fcben im Garten"},"content":{"rendered":"<p><img loading=\"lazy\" decoding=\"async\" class=\"alignleft size-full wp-image-7776\" src=\"http:\/\/www.rathgeber-balance.de\/bloggen\/wp-content\/uploads\/2020\/05\/Dr\u00fcben-im-GartenIMG_7971b.jpg\" alt=\"\" width=\"300\" height=\"200\" \/>&#8230; w\u00e4chst es heftig, da der S\u00fcden von Deutschland mit kr\u00e4ftigen Regenschauern bedacht wurde. <!--more--><\/p>\n<p>Nun ist auch die Zeit der Eisheiligen vorbei, jene Periode im Jahreskalender, welche auf Jahrhunderte lange Erfahrungen und Wetterbeobachtungen zur\u00fcckf\u00fchrt.<br \/>\nEs sind Gedenktage zu Ehren bestimmter Heiliger im Mai, an denen statistisch gesehen kalte Temperaturen vorkommen k\u00f6nnen.<\/p>\n<p>Mamertus war am 11. Mai, gefolgt von Pankratius (12. Mai), Servatius (13. Mai), Bonifatius (14. Mai) und der Kalten Sophie am 15. Mai.<br \/>\nHeuer haben sich die Eishaltligen exakt an die Termine gehalten.<\/p>\n<p>Nun k\u00f6nnen langsam auch frostempfindliche Pflanzen an den endg\u00fcltigen Platz gesetzt werden, ebenso das Gem\u00fcse im Bauerngarten.<br \/>\nVieles habe ich durch Vlies oder \u00fcbergest\u00fclpte T\u00f6pfe vor\u00fcbergehend gesch\u00fctzt oder ins Kalthaus gestellt.<\/p>\n<p><img loading=\"lazy\" decoding=\"async\" class=\"alignleft size-full wp-image-7769\" src=\"http:\/\/www.rathgeber-balance.de\/bloggen\/wp-content\/uploads\/2020\/05\/Dr\u00fcben-im-GartenIMG_7968bzn.jpg\" alt=\"\" width=\"300\" height=\"200\" \/>Es ist ein neues Tischchen im Garten eingezogen. Welches sehr h\u00fcbsch, selbst gezimmert \u00a0und dar\u00fcber hinaus nachhaltig ist.<\/p>\n<p>Im Garten meines Bruder wuchs jahrelang eine hohe Fichte, die leider krank und deren nackter Stamm zu einer Skulptur verwandelt wurde.<br \/>\nDoch nach etlichen Jahren wurde auch die Skulptur morsch und stellte eine Gefahr dar.\u00a0 Somit wurde der Stamm St\u00fcck f\u00fcr St\u00fcck abgetragen.<\/p>\n<p>\u00dcbrig blieb sorgsam zugeschnitten wundersch\u00f6nes, festes, graubraunes Holz, an einer trockenen Stelle im Garten gelagert.<br \/>\nAus dem Holz entstanden in Handarbeit nach und nach einige Tischchen und Regale f\u00fcr den eigenen Bedarf \u00a0und den Nachbarsgarten.<\/p>\n<p>Nun ist ein ma\u00dfgeschneidertes B\u00e4nkchen auch in unseren Garten eingezogen und schm\u00fcckt die Hauswand, umrahmt von T\u00f6pfen f\u00fcr Gew\u00fcrze und Duftpelargonien. Buschige Rosen bilden einen h\u00fcbschen Rahmen.<br \/>\nUrig und heimelig anmutend in seinem Gesamteindruck. Nachhaltig und langlebig.<\/p>\n<p><img loading=\"lazy\" decoding=\"async\" class=\"alignleft size-full wp-image-7767\" src=\"http:\/\/www.rathgeber-balance.de\/bloggen\/wp-content\/uploads\/2020\/05\/Dr\u00fcben-im-Garten-Mai-2020IMG_7982b.jpg\" alt=\"\" width=\"300\" height=\"200\" \/>Tja, die beiden denken wohl, ich w\u00fcrde sie nicht sehen, wenn sie sich nicht bewegen.<br \/>\nSie kamen in einer geselligen Dreier-Gruppe und haben ausgiebig den Teich und seine Umgebung erkundet.<\/p>\n","protected":false},"excerpt":{"rendered":"<p>&#8230; w\u00e4chst es heftig, da der S\u00fcden von Deutschland mit kr\u00e4ftigen Regenschauern bedacht wurde.<\/p>\n","protected":false},"author":1,"featured_media":0,"comment_status":"open","ping_status":"open","sticky":false,"template":"","format":"standard","meta":{"footnotes":""},"categories":[206],"tags":[272,271],"class_list":["post-7764","post","type-post","status-publish","format-standard","hentry","category-gartenskizzen","tag-eisheilige","tag-nachhaltigkeit"],"_links":{"self":[{"href":"https:\/\/www.rathgeber-balance.de\/bloggen\/wp-json\/wp\/v2\/posts\/7764","targetHints":{"allow":["GET"]}}],"collection":[{"href":"https:\/\/www.rathgeber-balance.de\/bloggen\/wp-json\/wp\/v2\/posts"}],"about":[{"href":"https:\/\/www.rathgeber-balance.de\/bloggen\/wp-json\/wp\/v2\/types\/post"}],"author":[{"embeddable":true,"href":"https:\/\/www.rathgeber-balance.de\/bloggen\/wp-json\/wp\/v2\/users\/1"}],"replies":[{"embeddable":true,"href":"https:\/\/www.rathgeber-balance.de\/bloggen\/wp-json\/wp\/v2\/comments?post=7764"}],"version-history":[{"count":9,"href":"https:\/\/www.rathgeber-balance.de\/bloggen\/wp-json\/wp\/v2\/posts\/7764\/revisions"}],"predecessor-version":[{"id":7780,"href":"https:\/\/www.rathgeber-balance.de\/bloggen\/wp-json\/wp\/v2\/posts\/7764\/revisions\/7780"}],"wp:attachment":[{"href":"https:\/\/www.rathgeber-balance.de\/bloggen\/wp-json\/wp\/v2\/media?parent=7764"}],"wp:term":[{"taxonomy":"category","embeddable":true,"href":"https:\/\/www.rathgeber-balance.de\/bloggen\/wp-json\/wp\/v2\/categories?post=7764"},{"taxonomy":"post_tag","embeddable":true,"href":"https:\/\/www.rathgeber-balance.de\/bloggen\/wp-json\/wp\/v2\/tags?post=7764"}],"curies":[{"name":"wp","href":"https:\/\/api.w.org\/{rel}","templated":true}]}}