{"id":7793,"date":"2020-05-30T14:55:28","date_gmt":"2020-05-30T12:55:28","guid":{"rendered":"http:\/\/www.rathgeber-balance.de\/bloggen\/?p=7793"},"modified":"2020-05-30T18:54:04","modified_gmt":"2020-05-30T16:54:04","slug":"arnika-arnica-montana","status":"publish","type":"post","link":"https:\/\/www.rathgeber-balance.de\/bloggen\/naturapotheke\/arnika-arnica-montana\/","title":{"rendered":"Arnika (Arnica montana)"},"content":{"rendered":"<p><img loading=\"lazy\" decoding=\"async\" class=\"alignleft size-full wp-image-7785\" src=\"http:\/\/www.rathgeber-balance.de\/bloggen\/wp-content\/uploads\/2020\/05\/ArnikaIMG_8024b.jpg\" alt=\"\" width=\"300\" height=\"200\" \/>Wenn es \u00a0hellgelb durch das wirre Laub des Brombeerstrauchs blitzt, dann ist Fr\u00fchsommer.<!--more--><br \/>\nMit Tagen, an denen es endlos hell ist und der Sommer sich in seiner ganzen L\u00e4nge ausbreitet.<\/p>\n<p>Arnika\u00a0 &#8211; <em>Arnica Montana<\/em> &#8211; ist eine aromatisch duftende Heilpflanze, die durch ihre zierlichen sonnengelben Bl\u00fcten besticht. Sie wird bis zu 60 cm hoch, der St\u00e4ngel ist flaumig behaart.<br \/>\nSie f\u00fcgt sich wunderbar in ein sonniges Blumenbeet ein oder bereichert den Bauern- und Apothekergarten.<\/p>\n<p>Arnika geh\u00f6rt zur Familie der Korbbl\u00fctler <em>(Asteraceae)<\/em> und bl\u00fcht von Juni bis August.<br \/>\nIhre Heimat sind Gebirgswiesen in h\u00f6heren Regionen Nord-, Ost- und Mitteleuropas, wo sie auf kalkarmem Boden w\u00e4chst. Sie steht unter Naturschutz.<br \/>\nAls Arzneipflanze wird sie zudem auch in Europa angebaut.<\/p>\n<p>Dabei werden die Bl\u00fcten verwendet. Die Inhaltsstoffe, \u00a0in Salben oder Tinkturen verarbeitet,\u00a0 gehen gegen Keime vor, lindern Schmerzen und wirken Entz\u00fcndungen entgegen.<br \/>\n\u00c4u\u00dferlich angewendet kann Arnika somit bei Prellungen, Bluterg\u00fcssen, Schwellungen oder Verstauchungen helfen.<\/p>\n<p>Daneben z\u00e4hlt Arnika zu den klassischen Mitteln der Hom\u00f6opathie. Also Globuli setzt die Naturheilkunde die Pflanze zum Beispiel bei\u00a0 Aphten\u00a0 oder einer Zahnfleischentz\u00fcndung ein.<br \/>\nDurch die antibakterielle, entz\u00fcndungshemmende und schmerzstillende Wirkung kann eine Tinktur auch bei\u00a0 M\u00fcckenstichen geplagter Haut Linderung verschaffen.<br \/>\nBitte Vorsicht, wer eine Korbbl\u00fctler-Allergie hat, kann mit gereizter und ger\u00f6teter Haut reagieren!<\/p>\n<p><strong><span style=\"color: #ff9900;\">Herstellung von Tinktur:<\/span> <\/strong><br \/>\nGetrocknete Arnikabl\u00fcten in Alkohol (aus der Apotheke)\u00a0 ansetzen, bis alles bedeckt ist. Mehrmals t\u00e4glich sch\u00fctteln, damit die enthaltenden Wirkstoffe gel\u00f6st werden.<br \/>\nNach ca. 2 Wochen die\u00a0 Bl\u00fcten aus dem Alkohol filtern, die Fl\u00fcssigkeit in ein dunkles Fl\u00e4schchen f\u00fcllen.\u00a0 Bei Bedarf auftupfen.<\/p>\n<p>Arnika tr\u00e4gt auch die Namen Bergdotterblume, Gemsblume, Johannisblume oder \u00a0Wolfsblume.<br \/>\nAus ihren Bl\u00fcten blitzt die eingefangene Bergsonne und erinnert an die gelben Augen eines Wolfes.<\/p>\n<p>Arnika z\u00e4hlt zu den wichtigsten Johanniskr\u00e4utern, die fr\u00fcher neben dem Johanniskraut in keinem Sonnwendritual fehlen durfte. Auch beim Wetterzauber spielte die Arnika eine Rolle und wurde zum R\u00e4uchern bei Gewitter benutzt:<br \/>\n<em>Steck Arnika an, steck Arnika an, damit sich das Wetter scheiden kann!<\/em><\/p>\n<p><img loading=\"lazy\" decoding=\"async\" class=\"alignleft size-full wp-image-7790\" src=\"http:\/\/www.rathgeber-balance.de\/bloggen\/wp-content\/uploads\/2020\/05\/ArnikaIMG_8115b.jpg\" alt=\"\" width=\"300\" height=\"200\" \/>Arnika fand bereits im Mittelalter ihren Weg\u00a0 in die Kr\u00e4uterb\u00fccher\u00a0 und wurde bei verschiedensten Beschwerden eingesetzt.<br \/>\n<em>\u00a0\u201e<\/em><em>Arnika ist nicht mit Gold zu bezahlen, in vielen F\u00e4llen hilft sie rasch.<br \/>\n\u2026<\/em> <em>ich halte sie f\u00fcr das erste Heilmittel bei Verwundungen und kann sie deshalb nicht genug empfehlen.\u201c<br \/>\n<\/em>Sebastian Kneipp<\/p>\n<p>Ich habe Arnika durch zwei kleine Pfl\u00e4nzchen\u00a0 aus dem Fachhandel im Garten angesiedelt und sie hat sich \u00fcppig ausgebreitet, ohne zu wuchern.<\/p>\n<p><em>\u00a0<\/em><\/p>\n<p><em>\u00a0<\/em><\/p>\n<p>&nbsp;<\/p>\n<p>&nbsp;<\/p>\n<p>&nbsp;<\/p>\n<p>&nbsp;<\/p>\n<p>&nbsp;<\/p>\n","protected":false},"excerpt":{"rendered":"<p>Wenn es \u00a0hellgelb durch das wirre Laub des Brombeerstrauchs blitzt, dann ist Fr\u00fchsommer.<\/p>\n","protected":false},"author":1,"featured_media":0,"comment_status":"open","ping_status":"open","sticky":false,"template":"","format":"standard","meta":{"footnotes":""},"categories":[6],"tags":[],"class_list":["post-7793","post","type-post","status-publish","format-standard","hentry","category-naturapotheke"],"_links":{"self":[{"href":"https:\/\/www.rathgeber-balance.de\/bloggen\/wp-json\/wp\/v2\/posts\/7793","targetHints":{"allow":["GET"]}}],"collection":[{"href":"https:\/\/www.rathgeber-balance.de\/bloggen\/wp-json\/wp\/v2\/posts"}],"about":[{"href":"https:\/\/www.rathgeber-balance.de\/bloggen\/wp-json\/wp\/v2\/types\/post"}],"author":[{"embeddable":true,"href":"https:\/\/www.rathgeber-balance.de\/bloggen\/wp-json\/wp\/v2\/users\/1"}],"replies":[{"embeddable":true,"href":"https:\/\/www.rathgeber-balance.de\/bloggen\/wp-json\/wp\/v2\/comments?post=7793"}],"version-history":[{"count":6,"href":"https:\/\/www.rathgeber-balance.de\/bloggen\/wp-json\/wp\/v2\/posts\/7793\/revisions"}],"predecessor-version":[{"id":7799,"href":"https:\/\/www.rathgeber-balance.de\/bloggen\/wp-json\/wp\/v2\/posts\/7793\/revisions\/7799"}],"wp:attachment":[{"href":"https:\/\/www.rathgeber-balance.de\/bloggen\/wp-json\/wp\/v2\/media?parent=7793"}],"wp:term":[{"taxonomy":"category","embeddable":true,"href":"https:\/\/www.rathgeber-balance.de\/bloggen\/wp-json\/wp\/v2\/categories?post=7793"},{"taxonomy":"post_tag","embeddable":true,"href":"https:\/\/www.rathgeber-balance.de\/bloggen\/wp-json\/wp\/v2\/tags?post=7793"}],"curies":[{"name":"wp","href":"https:\/\/api.w.org\/{rel}","templated":true}]}}