{"id":8059,"date":"2020-12-30T12:11:32","date_gmt":"2020-12-30T11:11:32","guid":{"rendered":"http:\/\/www.rathgeber-balance.de\/bloggen\/?p=8059"},"modified":"2020-12-30T18:40:26","modified_gmt":"2020-12-30T17:40:26","slug":"rauhnaechte-zwischen-den-jahren","status":"publish","type":"post","link":"https:\/\/www.rathgeber-balance.de\/bloggen\/impressionen\/rauhnaechte-zwischen-den-jahren\/","title":{"rendered":"Rauhn\u00e4chte &#8211; Zwischen den Jahren"},"content":{"rendered":"<p><img loading=\"lazy\" decoding=\"async\" class=\"alignleft size-full wp-image-8060\" src=\"http:\/\/www.rathgeber-balance.de\/bloggen\/wp-content\/uploads\/2020\/12\/3009131.jpg\" alt=\"\" width=\"300\" height=\"200\" \/>Sie sind etwas Besonderes, die Rauhn\u00e4chte zwischen Weihnachten und Dreik\u00f6nig.<!--more--><\/p>\n<p>Wolfsn\u00e4chte, Untern\u00e4chte, Glockenn\u00e4chte,&#8230; viele unterschiedliche Namen hat man den zw\u00f6lf N\u00e4chten nach der Wintersonnenwende gegeben.<\/p>\n<p>Es ist eine mythenumwobene Zeit, welche mit der Nacht auf den ersten Weihnachtstag beginnt und mit Heilige Drei K\u00f6nige am 6. Januar endet.<br \/>\nIn einigen Gegenden wird auch die Nacht der Wintersonnwende hinzugez\u00e4hlt.<\/p>\n<p>Urspr\u00fcnglich hie\u00dfen sie eigentlich Rauchn\u00e4chte, da H\u00e4user und St\u00e4lle mit Kr\u00e4utern (und Weihrauch) ger\u00e4uchert wurden, um D\u00e4monen zu vertreiben.<br \/>\nDie Bezeichnung kann allerdings auch von rauh, pelzig, kommen, was auf den Begriff der felligen D\u00e4monen, die in der Nacht ihr Unwesen treiben sollen, verweist.<\/p>\n<p>Die Br\u00e4uche sind in Vergessenheit geraten, heute nutzt man die Rauhn\u00e4chte eher als eine Zeit der Besinnung auf das kommende und das zur\u00fcckliegende Jahr.<\/p>\n<p>Das Ausr\u00e4uchern der Wohnr\u00e4ume und vor allem auch des Stalles auf dem Land ist aber bis heute erhalten. Besonders am Heiligabend, am Silvesterabend und am 5. Januar.<\/p>\n<p>Auch zu Hause kann in vereinfachter Form das Ritual des R\u00e4ucherns begangen werden mit dem kleinen Kr\u00e4uteraromal\u00e4mpchen, das mit einem Teelicht beheizt wird.<br \/>\nUnd das nicht nur \u201eZwischen den Jahren\u201c.<br \/>\nDer aromatische Duft der im Sommer gesammelten Bl\u00fcten und Kr\u00e4uter, Harze, Bl\u00e4tter, Rinden und Wurzeln, die auf dem St\u00f6vchen verglimmen, dient zur Entspannung und f\u00fcr ein schlichtes Wohlgef\u00fchl.<br \/>\nDabei werden die in dem Pflanzmaterial eingeschlossenen \u00e4therischen \u00d6le gel\u00f6st und Duftmolek\u00fcle \u00fcber die Nase aufgenommen. Der Geruchssinn ist direkt mit dem vegetativen Nervensystem verbunden, wobei Prozesse in Gang kommen, die positive Auswirkungen auf emotionaler, geistiger und k\u00f6rperlicher Ebene haben k\u00f6nnen.<\/p>\n<p>Aber jetzt \u201eZwischen den Jahren\u201c soll manches mit Nachdruck \u201evertrieben\u201c werden, um Platz zu schaffen f\u00fcr Neues, Unbelastetes, f\u00fcr neue Ziele und Vorhaben, f\u00fcr positive Energien.<\/p>\n<p><img loading=\"lazy\" decoding=\"async\" class=\"alignleft size-full wp-image-7948\" src=\"http:\/\/www.rathgeber-balance.de\/bloggen\/wp-content\/uploads\/2020\/12\/Weihnacht2020IMG_8720bz-1.jpg\" alt=\"\" width=\"300\" height=\"199\" \/>\u201eZwischen den Jahren\u201c \u00a0&#8211; ein bisschen genie\u00dfe ich den Zustand, der wie schwerelos ist. Ein Schweben dazwischen.<br \/>\nDie Zeit verliert f\u00fcr ein paar Tage ihre Bedeutung. Nur einmal im Jahr.<br \/>\nNicht mehr das Alte und auch noch nicht Neues. Unbeschriebene Bl\u00e4tter, die sich erst f\u00fcllen werden.<br \/>\nAlles ist ungewiss.<\/p>\n<p>&nbsp;<\/p>\n<p>&nbsp;<\/p>\n","protected":false},"excerpt":{"rendered":"<p>Sie sind etwas Besonderes, die Rauhn\u00e4chte zwischen Weihnachten und Dreik\u00f6nig.<\/p>\n","protected":false},"author":1,"featured_media":0,"comment_status":"open","ping_status":"open","sticky":false,"template":"","format":"standard","meta":{"footnotes":""},"categories":[7],"tags":[233,234],"class_list":["post-8059","post","type-post","status-publish","format-standard","hentry","category-impressionen","tag-rauhnaechte","tag-zwischen-den-jahren"],"_links":{"self":[{"href":"https:\/\/www.rathgeber-balance.de\/bloggen\/wp-json\/wp\/v2\/posts\/8059","targetHints":{"allow":["GET"]}}],"collection":[{"href":"https:\/\/www.rathgeber-balance.de\/bloggen\/wp-json\/wp\/v2\/posts"}],"about":[{"href":"https:\/\/www.rathgeber-balance.de\/bloggen\/wp-json\/wp\/v2\/types\/post"}],"author":[{"embeddable":true,"href":"https:\/\/www.rathgeber-balance.de\/bloggen\/wp-json\/wp\/v2\/users\/1"}],"replies":[{"embeddable":true,"href":"https:\/\/www.rathgeber-balance.de\/bloggen\/wp-json\/wp\/v2\/comments?post=8059"}],"version-history":[{"count":8,"href":"https:\/\/www.rathgeber-balance.de\/bloggen\/wp-json\/wp\/v2\/posts\/8059\/revisions"}],"predecessor-version":[{"id":8068,"href":"https:\/\/www.rathgeber-balance.de\/bloggen\/wp-json\/wp\/v2\/posts\/8059\/revisions\/8068"}],"wp:attachment":[{"href":"https:\/\/www.rathgeber-balance.de\/bloggen\/wp-json\/wp\/v2\/media?parent=8059"}],"wp:term":[{"taxonomy":"category","embeddable":true,"href":"https:\/\/www.rathgeber-balance.de\/bloggen\/wp-json\/wp\/v2\/categories?post=8059"},{"taxonomy":"post_tag","embeddable":true,"href":"https:\/\/www.rathgeber-balance.de\/bloggen\/wp-json\/wp\/v2\/tags?post=8059"}],"curies":[{"name":"wp","href":"https:\/\/api.w.org\/{rel}","templated":true}]}}