{"id":8146,"date":"2021-01-24T16:55:12","date_gmt":"2021-01-24T15:55:12","guid":{"rendered":"http:\/\/www.rathgeber-balance.de\/bloggen\/?p=8146"},"modified":"2021-03-13T09:47:49","modified_gmt":"2021-03-13T08:47:49","slug":"feli-im-garten-vorwort","status":"publish","type":"post","link":"https:\/\/www.rathgeber-balance.de\/bloggen\/feli-im-garten\/feli-im-garten-vorwort\/","title":{"rendered":"Feli im Garten &#8211; Vorwort"},"content":{"rendered":"<p><img loading=\"lazy\" decoding=\"async\" class=\"alignleft size-full wp-image-8103\" src=\"http:\/\/www.rathgeber-balance.de\/bloggen\/wp-content\/uploads\/2021\/01\/Mit-Feli-im-Garten-neuPusteblume-neues-Formatbe.jpg\" alt=\"\" width=\"300\" height=\"200\" \/>Felicia ist unser kleines, grau wei\u00df getigertes K\u00e4tzchen.\u00a0 <!--more-->Wir haben sie als Babyk\u00e4tzchen mit zw\u00f6lf Wochen aufgenommen und ihr ein neues Zuhause geschenkt.<\/p>\n<p>Warum? Weil ich mir ein Leben ohne Fellnase nicht mehr vorstellen kann, nachdem Geany, unsere erste Katze, vierzehn Jahre eine treue und liebevolle Begleiterin war und unser Haus mit Leben gef\u00fcllt hat.<br \/>\nWie hei\u00dft es so sch\u00f6n? \u201eDas\u00a0 letzte Kind tr\u00e4gt Fell.\u201c<br \/>\nAls gl\u00fcckliche Freig\u00e4ngerin, vor allem auch dann, als wir unseren Garten vergr\u00f6\u00dfern konnten.<\/p>\n<p>Was gab es nicht alles zu entdecken, ein Paradies an Verlockungen f\u00fcr kleine Samtpfoten.<br \/>\nWasserstellen, die Geany zum Trinken benutzte und friedlich mit ihren gefiederten Genossen teilte. Kleine Teichbecken, auf dessen Steinen Geany sich sonnte, umschwirrt von schillernden Libellen.<br \/>\nEine duftige Blumenwiese, mit hohen Halmen und seidigen Bl\u00fcten, zwischen denen sie sich versteckte und wohlig r\u00e4kelte.<br \/>\nKr\u00e4uterbeete, durch grobk\u00f6rnigen Kies und kleine Findlinge abgegrenzt, die auch an k\u00fchlen Tagen die Sonne speichern und W\u00e4rme abgeben.<br \/>\nMinze zum Naschen in H\u00fclle und F\u00fclle in zahlreichen Beeten und T\u00f6pfen gepflanzt. Zum darin W\u00e4lzen und sinnlichen Massieren, da Katzen es lieben, ihr Fell\u00a0 mit den Duftstoffen einzureiben und sich zu berauschen.<br \/>\nGro\u00dfe B\u00e4ume mit ausladenden Kronen, \u00a0die in der sommerlichen Hitze Schatten spenden. Griffige Baumst\u00e4mme, zum Klettern und zum Balancieren geeignet, denn Totholz wird \u00fcberall im Garten gelagert und dient zur Gestaltung von einzelnen Bereichen.<\/p>\n<p>Nach zwei Monaten der Trauer erlaubte ich mir den Gedanken an ein neues K\u00e4tzchen zaghaft zuzulassen. Ich hielt die Augen auf und fand recht schnell Gefallen an einer einj\u00e4hrigen getigerten Katze aus einem Tierheim auf dem Land.<br \/>\nEin wenig skeptisch und resigniert blickte mich das gescheckte K\u00e4tzchen aus gro\u00dfen gr\u00fcnen Augen an.<br \/>\nKitty r\u00fchrte mich in der Seele, denn sie hatte vier Junge zur Welt gebracht und wurde mit ihrem Nachwuchs im Wald ausgesetzt. Spazierg\u00e4nger fanden die kleine Familie und brachten sie in Sicherheit.<\/p>\n<p>Kitty zog in unser Heim und ich war nach anf\u00e4nglichen Schwierigkeiten sehr gl\u00fccklich mit ihr.<br \/>\nWarum Schwierigkeiten? Weil Kitty nicht Geany war. Die Zeit der Trauer war schon gut gewesen, denn ein K\u00e4tzchen l\u00e4sst sich nicht einfach durch ein Neues ersetzen.<\/p>\n<p>Kitty folgte mir auf Schritt und Tritt und war selig, ein sch\u00f6nes Zuhause gefunden zu haben. Nach den leidvollen Erfahrungen, die Kitty mit Sicherheit in ihrem kurzen Leben gemacht hat, wollte ich sie entsch\u00e4digen und alles in meiner Macht stehende tun, um sie gl\u00fccklich zu machen.<br \/>\nNoch erf\u00fcllender h\u00e4tte Kitty es allerdings gefunden, den Garten nach Herzenslust zu erobern. Sie kannte ein Leben in Freiheit.<br \/>\nDoch erst wollten wir sie an das Haus gew\u00f6hnen und auch an ihren Namen.<\/p>\n<p><img loading=\"lazy\" decoding=\"async\" class=\"alignleft size-full wp-image-8106\" src=\"http:\/\/www.rathgeber-balance.de\/bloggen\/wp-content\/uploads\/2021\/01\/KittyneuIMG_1283bz.jpg\" alt=\"\" width=\"300\" height=\"200\" \/>An Ostern war es soweit. Bei wunderbarem Fr\u00fchlingswetter durfte Kitty das erste Mal ungehindert ins Freie hinaus.<br \/>\nVerwundert und ein wenig z\u00f6gerlich schlenderte sie auf dem alten Kopfsteinpflaster den geschl\u00e4ngelten Gartenweg in Richtung Teich, inspizierte die Kr\u00e4uterbeete, hielt kurze Rast auf einem der Trittsteine, die zum Gem\u00fcsebeet f\u00fchren. And\u00e4chtig, wie unter Drogen und leicht verz\u00fcckt, schn\u00fcffelte Kitty an einer Ranke des Efeus, der in den gro\u00dfen, uralten Fliederbuschen hineingewachsen ist, entdeckte eine kleine L\u00fccke am Zaun und \u00a0war \u00fcberall zu finden, \u00a0nur nicht in unserem Garten.<\/p>\n<p>Es wurde hei\u00df und Kitty kam ersch\u00f6pft und zuverl\u00e4ssig in den sp\u00e4teren Mittagstunden zur\u00fcck und genoss die d\u00e4mmrige K\u00fchle des Hauses.<br \/>\nNun war auch meine Welt wieder in Ordnung.<\/p>\n<p>Nach vier Wochen des Freiganges geschah das Unfassbare, Kitty kehrte auch nach vielen Rufen nicht mehr nach Hause zur\u00fcck.<br \/>\nHatte sie sich, neugierig und leichtsinnig wie sie war, in einen Keller verirrt und war eingeschlossen worden?<br \/>\nSehr schnell stellte sich heraus, dass Kitty am fr\u00fchen Vormittag zwei H\u00e4user weiter von einem Auto erfasst worden war.<br \/>\nDas eine Auto auf der wenig belebten Stra\u00dfe zu einer ruhigen Zeit des Tages hatte gereicht.<\/p>\n<p><img loading=\"lazy\" decoding=\"async\" class=\"alignleft size-full wp-image-8107\" src=\"http:\/\/www.rathgeber-balance.de\/bloggen\/wp-content\/uploads\/2021\/01\/Mit-Feli-im-Garten.jpg\" alt=\"\" width=\"300\" height=\"199\" \/>Es war nur eine kurze Phase des Gl\u00fcckes mit Kitty gewesen, so schnell vor\u00fcber wie ein Sonnenstrahl, der sich an einem tr\u00fcben Tag durch die Wolkendecke schiebt und hell aufblitzt.<\/p>\n<p>&#8230;<\/p>\n<p>&nbsp;<\/p>\n","protected":false},"excerpt":{"rendered":"<p>Felicia ist unser kleines, grau wei\u00df getigertes K\u00e4tzchen.\u00a0<\/p>\n","protected":false},"author":1,"featured_media":0,"comment_status":"open","ping_status":"open","sticky":false,"template":"","format":"standard","meta":{"footnotes":""},"categories":[284],"tags":[283],"class_list":["post-8146","post","type-post","status-publish","format-standard","hentry","category-feli-im-garten","tag-katze-an-der-leine"],"_links":{"self":[{"href":"https:\/\/www.rathgeber-balance.de\/bloggen\/wp-json\/wp\/v2\/posts\/8146","targetHints":{"allow":["GET"]}}],"collection":[{"href":"https:\/\/www.rathgeber-balance.de\/bloggen\/wp-json\/wp\/v2\/posts"}],"about":[{"href":"https:\/\/www.rathgeber-balance.de\/bloggen\/wp-json\/wp\/v2\/types\/post"}],"author":[{"embeddable":true,"href":"https:\/\/www.rathgeber-balance.de\/bloggen\/wp-json\/wp\/v2\/users\/1"}],"replies":[{"embeddable":true,"href":"https:\/\/www.rathgeber-balance.de\/bloggen\/wp-json\/wp\/v2\/comments?post=8146"}],"version-history":[{"count":5,"href":"https:\/\/www.rathgeber-balance.de\/bloggen\/wp-json\/wp\/v2\/posts\/8146\/revisions"}],"predecessor-version":[{"id":8243,"href":"https:\/\/www.rathgeber-balance.de\/bloggen\/wp-json\/wp\/v2\/posts\/8146\/revisions\/8243"}],"wp:attachment":[{"href":"https:\/\/www.rathgeber-balance.de\/bloggen\/wp-json\/wp\/v2\/media?parent=8146"}],"wp:term":[{"taxonomy":"category","embeddable":true,"href":"https:\/\/www.rathgeber-balance.de\/bloggen\/wp-json\/wp\/v2\/categories?post=8146"},{"taxonomy":"post_tag","embeddable":true,"href":"https:\/\/www.rathgeber-balance.de\/bloggen\/wp-json\/wp\/v2\/tags?post=8146"}],"curies":[{"name":"wp","href":"https:\/\/api.w.org\/{rel}","templated":true}]}}