{"id":8230,"date":"2021-02-27T11:11:03","date_gmt":"2021-02-27T10:11:03","guid":{"rendered":"http:\/\/www.rathgeber-balance.de\/bloggen\/?p=8230"},"modified":"2021-02-27T11:22:32","modified_gmt":"2021-02-27T10:22:32","slug":"felicia-im-schnee","status":"publish","type":"post","link":"https:\/\/www.rathgeber-balance.de\/bloggen\/feli-im-garten\/felicia-im-schnee\/","title":{"rendered":"Felicia im Schnee"},"content":{"rendered":"<hr \/>\n<p><img loading=\"lazy\" decoding=\"async\" class=\"alignleft size-full wp-image-8232\" src=\"http:\/\/www.rathgeber-balance.de\/bloggen\/wp-content\/uploads\/2021\/02\/FeliIMG_9429b.jpg\" alt=\"\" width=\"300\" height=\"450\" srcset=\"https:\/\/www.rathgeber-balance.de\/bloggen\/wp-content\/uploads\/2021\/02\/FeliIMG_9429b.jpg 300w, https:\/\/www.rathgeber-balance.de\/bloggen\/wp-content\/uploads\/2021\/02\/FeliIMG_9429b-200x300.jpg 200w\" sizes=\"auto, (max-width: 300px) 100vw, 300px\" \/>Fr\u00fchmorgens um sieben Uhr ist die Welt noch in Ordnung.<!--more--><br \/>\nDas neue Jahr ist ganz jung, alle Seiten liegen wie bei einem aufgeschlagenen dicken Heft unbeschrieben vor mir.<br \/>\nDas Wasser im Teekocher zischt, getrocknete Kr\u00e4uter auf dem Sieb des kleinen Aromal\u00e4mpchens schwelen und geben einen wunderbaren Duft ab.<br \/>\nSpontan beschlie\u00dfe ich, noch vor dem Fr\u00fchst\u00fcck einen Rundgang mit Feli zu machen.<br \/>\nSie ist mehr als ungeduldig und st\u00f6\u00dft durchdringende Klagelaute aus.<\/p>\n<p>Drau\u00dfen herrscht noch tiefe\u00a0 Finsternis, aber dennoch erkenne ich die vertrauten Konturen. Drei winzige L\u00e4mpchen am Teich weisen den Weg.<br \/>\nWie gewohnt zerrt mich Felicia quer durch den Garten, schlendert an der Garage des Nachbarsgarten entlang, streift die Rhododendren, schn\u00fcffelt hie und da an einem Zweig und nimmt Kurs auf den gro\u00dfen aufgeschichteten Holzhaufen unter der riesigen Fichte. Hier ist es trocken und gesch\u00fctzt. Ein Fichtenstumpf l\u00e4dt zum Sitzen ein.<\/p>\n<p>Der Garten ist zweigeteilt, eine H\u00e4lfte leicht mit Schnee bedeckt, die andere H\u00e4lfte trocken, besonders im Bereich der ausladenden Fichten. Hier ist der Untergrund kuschelig weich, da die vielen Fichtennadeln, die bei Wind fallen, einen dicken Teppich gebildet haben, der jeden Schritt abfedert.<\/p>\n<p>Heuer habe ich in der Adventszeit kleine L\u00e4mpchen an den Holzscheiten angebracht, was urig und heimelig zugleich anmutet.<br \/>\nFelicia streckt ihr N\u00e4schen aufmerksam in den Himmel und schn\u00fcffelt ganz leicht mit bebenden Fl\u00fcgeln, so wie es ihre Eigenart ist.<br \/>\nIch folge ihrem Blick, verliere mich in den dichten Zweigen, die bis in den Himmel hinein reichen, und h\u00f6re Knistern und Rascheln. Schuppen von Fichtenzapfen segeln langsam zu\u00a0 Boden. Raben kr\u00e4chzen und haben sich zu Schw\u00e4rmen formatiert.<br \/>\nDas Ger\u00e4usch von scheppernden Rolll\u00e4den, die ringsum in den benachbarten H\u00e4usern nach und nach hochgezogen werden, signalisiert, dass der Tag langsam beginnt. Es wird heller und heller.<\/p>\n<p>Im neuen Jahr nach Heilig Drei K\u00f6nige hat es doch noch kr\u00e4ftig geschneit, der ganze Garten liegt unter einer dicken Schneedecke verborgen. Au\u00dferdem ist es eisig kalt geworden. \u00a0Ein wenig sp\u00fcrt man es schon, dass der Tag wieder l\u00e4nger wird, immerhin schon um einen \u201eHirschensprung\u201c, und zu Lichtmess Anfang Februar wird es mit einer ganzen Stunde noch deutlicher sein.<br \/>\nDie gewonnenen Minuten nutzen wir aus und lassen den Nachmittag im Freien ausklingen, wobei es viel l\u00e4nger hell ist als in der dusteren Wohnung.<\/p>\n<p><img loading=\"lazy\" decoding=\"async\" class=\"alignleft size-full wp-image-8233\" src=\"http:\/\/www.rathgeber-balance.de\/bloggen\/wp-content\/uploads\/2021\/02\/Feli12ca839f-dc4a-45bf-a7d2-2cc6f7a72eb6bwh.jpg\" alt=\"\" width=\"300\" height=\"400\" srcset=\"https:\/\/www.rathgeber-balance.de\/bloggen\/wp-content\/uploads\/2021\/02\/Feli12ca839f-dc4a-45bf-a7d2-2cc6f7a72eb6bwh.jpg 300w, https:\/\/www.rathgeber-balance.de\/bloggen\/wp-content\/uploads\/2021\/02\/Feli12ca839f-dc4a-45bf-a7d2-2cc6f7a72eb6bwh-225x300.jpg 225w\" sizes=\"auto, (max-width: 300px) 100vw, 300px\" \/>Nun kommt das Winterm\u00e4ntelchen zum Einsatz. Es ist ein kuscheliges Brustgeschirr aus weicher, aufgerauter Baumwolle, welches ich \u00fcber das gewohnte Geschirr mit Klettverschl\u00fcssen befestige.<br \/>\nFelicia sieht aus wie ein K\u00e4tzchen im Schafspelz.<br \/>\nUnger\u00fchrt l\u00e4sst sie die Prozedur \u00fcber sich ergehen, da sie wei\u00df, was sie erwartet. Ich hole meine dicken Fellhandschuhe, die mir mein Mann aus Lappland mitgebracht hat, befestige die Leine am Handgelenk und raus geht es in die K\u00e4lte. Es ist bereits fr\u00fcher Abend.<\/p>\n<p>Felicia versinkt fast im Schnee, st\u00f6\u00dft gurrende Laute aus, die ihre Zufriedenheit demonstrieren. Sie gr\u00e4bt sich ein wenig\u00a0 m\u00fchsam durch die wei\u00dfe Pracht, f\u00fchrt mich an den Zaun zur Eisfabrik, der mit Wildstr\u00e4uchern bepflanzt ist, die besonders spitze Stacheln tragen wie Heckenrosen, Zierquitten, Berberitzen und ein m\u00e4chtiger Sanddornbusch. Er hat sich bereits zu einem Baum entwickelt. Au\u00dferdem ist er mit Draht an Zaunlatten befestigt, da er schief gewachsen ist.<br \/>\nIch muss mich sehr schmal \u00a0und teils bucklig klein machen, mich wie eine Schlange in geduckter Haltung winden und beschlie\u00dfe bei \u00a0n\u00e4chster Gelegenheit die\u00a0 B\u00fcsche an der Zaunseite auszulichten.<\/p>\n<p>Feli peilt zielgenau eine Zauns\u00e4ule \u00a0an und erklimmt trotz beengtem Winterpelz die Spitze. Ich reagiere blitzschnell und setze sie behutsam wieder in den Schnee, was sie mit Knurren und Fauchen quittiert. Ihr Schwanz hat sich auf das dreifache Volumen vergr\u00f6\u00dfert.<br \/>\nEs ist geschafft, Felicia\u00a0 nimmt nach einigen Kletteraktionen, die unbefriedigend ausfallen, Kurs auf den rettenden Holzhaufen unter der gro\u00dfen Fichte und ich kann ein paar Minuten sitzen. Hier ist es gesch\u00fctzt und trocken und immer ein wenig w\u00e4rmer wie im Rest des Gartens. Der Baumstumpf, der von Rodungsarbeiten beim Zusammenf\u00fchren der beiden Grundst\u00fccke vor sechs Jahren \u00fcbrig geblieben ist, ist schneefrei. Nur Efeu bedeckt die Obefl\u00e4che.<\/p>\n<p>Rundg\u00e4nge wie der heutige lassen einen Tag ausklingen.<br \/>\nWann der Zeitpunkt genau ist, bestimmt Felicia.<br \/>\nWenn sie in Spiellaune ist, springt sie hinter Tannenzapfen her, die ich gezielt \u00a0in Richtung Terrasse werfe, bis wir die T\u00fcr erreichen.<\/p>\n<p><img loading=\"lazy\" decoding=\"async\" class=\"alignleft size-full wp-image-8235\" src=\"http:\/\/www.rathgeber-balance.de\/bloggen\/wp-content\/uploads\/2021\/02\/FeliIMG_9304b.jpg\" alt=\"\" width=\"300\" height=\"200\" \/>Wenn nicht und sie emotionslos und ohne sich zu r\u00fchren auf ihrem Aussichtsposten unter der Fichte verharrt, muss ich warten, bis es ihr zu kalt wird und sie Kurs auf die Kr\u00e4uterbeete nimmt oder auch den Teich anvisiert, dessen angeb\u00f6schter\u00a0 Rand tief verschneit ist. Ein pr\u00fcfender Tritt auf dem Eis, welches das Federgewicht von vier Samtpf\u00f6tchen mit Leichtigkeit tr\u00e4gt, beschlie\u00dft den heutigen Leinengang.<\/p>\n<p>Ein heimeliges Haus erwartet uns.<\/p>\n<p>&nbsp;<\/p>\n<p>&nbsp;<\/p>\n<p>&nbsp;<\/p>\n<p>&nbsp;<\/p>\n<p>&nbsp;<\/p>\n<p>&nbsp;<\/p>\n","protected":false},"excerpt":{"rendered":"<p>Fr\u00fchmorgens um sieben Uhr ist die Welt noch in Ordnung.<\/p>\n","protected":false},"author":1,"featured_media":0,"comment_status":"open","ping_status":"open","sticky":false,"template":"","format":"standard","meta":{"footnotes":""},"categories":[284],"tags":[290,283],"class_list":["post-8230","post","type-post","status-publish","format-standard","hentry","category-feli-im-garten","tag-katze-ab-der-leine","tag-katze-an-der-leine"],"_links":{"self":[{"href":"https:\/\/www.rathgeber-balance.de\/bloggen\/wp-json\/wp\/v2\/posts\/8230","targetHints":{"allow":["GET"]}}],"collection":[{"href":"https:\/\/www.rathgeber-balance.de\/bloggen\/wp-json\/wp\/v2\/posts"}],"about":[{"href":"https:\/\/www.rathgeber-balance.de\/bloggen\/wp-json\/wp\/v2\/types\/post"}],"author":[{"embeddable":true,"href":"https:\/\/www.rathgeber-balance.de\/bloggen\/wp-json\/wp\/v2\/users\/1"}],"replies":[{"embeddable":true,"href":"https:\/\/www.rathgeber-balance.de\/bloggen\/wp-json\/wp\/v2\/comments?post=8230"}],"version-history":[{"count":8,"href":"https:\/\/www.rathgeber-balance.de\/bloggen\/wp-json\/wp\/v2\/posts\/8230\/revisions"}],"predecessor-version":[{"id":8241,"href":"https:\/\/www.rathgeber-balance.de\/bloggen\/wp-json\/wp\/v2\/posts\/8230\/revisions\/8241"}],"wp:attachment":[{"href":"https:\/\/www.rathgeber-balance.de\/bloggen\/wp-json\/wp\/v2\/media?parent=8230"}],"wp:term":[{"taxonomy":"category","embeddable":true,"href":"https:\/\/www.rathgeber-balance.de\/bloggen\/wp-json\/wp\/v2\/categories?post=8230"},{"taxonomy":"post_tag","embeddable":true,"href":"https:\/\/www.rathgeber-balance.de\/bloggen\/wp-json\/wp\/v2\/tags?post=8230"}],"curies":[{"name":"wp","href":"https:\/\/api.w.org\/{rel}","templated":true}]}}