{"id":8244,"date":"2021-03-21T11:25:44","date_gmt":"2021-03-21T10:25:44","guid":{"rendered":"https:\/\/www.rathgeber-balance.de\/bloggen\/?p=8244"},"modified":"2021-03-21T17:57:59","modified_gmt":"2021-03-21T16:57:59","slug":"kalendarischer-fruehlingsanfang","status":"publish","type":"post","link":"https:\/\/www.rathgeber-balance.de\/bloggen\/impressionen\/kalendarischer-fruehlingsanfang\/","title":{"rendered":"Kalendarischer Fr\u00fchlingsanfang"},"content":{"rendered":"<p><img loading=\"lazy\" decoding=\"async\" class=\"alignleft size-full wp-image-8247\" src=\"http:\/\/www.rathgeber-balance.de\/bloggen\/wp-content\/uploads\/2021\/03\/MaerzenbecherIMG_0372bh.jpg\" alt=\"\" width=\"300\" height=\"450\" srcset=\"https:\/\/www.rathgeber-balance.de\/bloggen\/wp-content\/uploads\/2021\/03\/MaerzenbecherIMG_0372bh.jpg 300w, https:\/\/www.rathgeber-balance.de\/bloggen\/wp-content\/uploads\/2021\/03\/MaerzenbecherIMG_0372bh-200x300.jpg 200w\" sizes=\"auto, (max-width: 300px) 100vw, 300px\" \/>Am 20.\u00a0 M\u00e4rz war dieses Jahr kalendarischer Fr\u00fchlingsanfang, auch wenn es ein Mix aus Winter- und Fr\u00fchlingsgef\u00fchlen ist.<!--more--><\/p>\n<p>Der kalendarische Fr\u00fchlingsanfang wird auch astronomischer Fr\u00fchlingsanfang genannt und richtet sich nach der Tagundnachtgleiche.<br \/>\nZweimal im Jahr gibt es ihn, jenen Tag, an dem es gleich lang hell und dunkel ist: im M\u00e4rz als Startschuss f\u00fcr den Fr\u00fchling und im September als definierter Zeitpunkt f\u00fcr die k\u00e4ltere Phase.<\/p>\n<p>Zahlreiche Fr\u00fchlingsboten wie Schneegl\u00f6ckchen, Lenzrosen, Winterlinge, Krokusse und Fr\u00fchlingsalpenveilchen haben l\u00e4ngst die neue Saison er\u00f6ffnet und ihren H\u00f6hepunkt \u00fcberschritten.<br \/>\nAuch die Fr\u00fchlingsknotenblume<em> (Leucojum vernum)<\/em> aus der Familie der Amaryllisgew\u00e4chse <em>(Amaryllidaceae)<\/em> z\u00e4hlt zu den typischen Fr\u00fchbl\u00fchern. Es tr\u00e4gt regional den Namen M\u00e4rzenbecher oder M\u00e4rzgl\u00f6ckchen und duftet als \u201egro\u00dfe Schwester\u201c des Schneegl\u00f6ckchens zart nach Veilchen.<\/p>\n<p>Die wei\u00dfe, glockenf\u00f6rmgie Bl\u00fcte h\u00e4ngt beinahe nickend am St\u00e4ngel und hat am Grund der Bl\u00fctenbl\u00e4tter einen kleinen Knoten. Es gedeiht an feuchten Stellen,\u00a0 Auwiesen und W\u00e4ldern und ist streng gesch\u00fctzt.<br \/>\nLeider sind alle Pflanzenteile der Pflanze giftig. Kinder oder Haustiere sollten nicht in die N\u00e4he gelangen.<br \/>\nFr\u00fcher hatten wir viele M\u00e4rzenbecher im Garten, die allerdings auf der Grenze wuchsen und bei der Zusammenf\u00fchrung der Grundst\u00fccke verschwanden. Umso sch\u00f6ner, dass sie nun wieder vereinzelt auftauchen.<\/p>\n<p>Sie alle sind Stars als Fr\u00fchlingsbl\u00fcher: Zart, anmutig, fast zerbrechlich, ungek\u00fcnstelt und dezent. Perfekt f\u00fcr einen naturnahen Garten. Aufgrund ihrer geringen Gr\u00f6\u00dfe zwingen sie dazu, genau hinzusehen und sich daran zu erfreuen. Bald ist diese Phase des Fr\u00fchlingserwachens wieder vorbei und es wird auff\u00e4lliger und konkurrenzst\u00e4rker in den Beeten und in freier Natur.<\/p>\n<p>Es gibt auch Sommerknotenblumen <em>(Leucojum aestivum)<\/em> aus der Gattung der Knotenblumen, die gerne auf Feuchtwiesen und an Ufern von Gew\u00e4ssern gedeihen. Als mehrj\u00e4hrige Zwiebelgew\u00e4chse bilden sie mit ihren leuchtend wei\u00dfen, gr\u00fcngefleckten Bl\u00fcten einen h\u00fcbschen Kontrast zu dunkleren Ufergew\u00e4chsen am Teich. Die Bl\u00fctezeit ist im April\/Mai.<\/p>\n<p><img loading=\"lazy\" decoding=\"async\" class=\"alignleft size-full wp-image-8248\" src=\"http:\/\/www.rathgeber-balance.de\/bloggen\/wp-content\/uploads\/2021\/03\/EntenIMG_0277bz.jpg\" alt=\"\" width=\"300\" height=\"199\" \/>Besuch war auch schon im Garten und mich w\u00fcrde interessieren, was die Drei hier entdeckt haben.<\/p>\n<p>Zarte Lippenpflege ist wieder entstanden, mit\u00a0 feinen \u00d6len (Rosenjojoba\u00f6l mit Duftrosen aus dem Garten), Beerenwachs und f\u00fcr den \u201eBlistex-Effekt\u201c ein wenig Menthol.<br \/>\nAuch die wiederverwendbare Lippenstifth\u00fclse aus Bambusschale macht sich gut, entweder als kleines Geschenk f\u00fcr sich selbst oder an jemand anderen, der Naturprodukte sch\u00e4tzt.<br \/>\nIn eher reizarmen Zeiten, wie sie schon l\u00e4nger herrschen, sind diese kleinen Aufmerksamkeiten und kreativen Hobbys umso wichtiger.<\/p>\n<p><img loading=\"lazy\" decoding=\"async\" class=\"alignleft size-full wp-image-8249\" src=\"http:\/\/www.rathgeber-balance.de\/bloggen\/wp-content\/uploads\/2021\/03\/LippencremeIMG_0186bhh.jpg\" alt=\"\" width=\"300\" height=\"200\" \/>Bald kann die Garten- und Naturk\u00fcche wieder ihren Betrieb aufnehmen und als erstes wird sicherlich Veilchen den Reigen unter den Heilpflanzen er\u00f6ffnen.<br \/>\nVeilchen f\u00fcr Essig mit Kandiszucker, Zitrone und Melisse und ganz sicherlich f\u00fcr einen \u00d6lauszug, um feine Pflegeprodukte herzustellen. Noch sind Vorr\u00e4te vorhanden.<\/p>\n<p>&nbsp;<\/p>\n<p>&nbsp;<\/p>\n<p>&nbsp;<\/p>\n<p>&nbsp;<\/p>\n<p>&nbsp;<\/p>\n<p>&nbsp;<\/p>\n<p>&nbsp;<\/p>\n<p>&nbsp;<\/p>\n<p>&nbsp;<\/p>\n","protected":false},"excerpt":{"rendered":"<p>Am 20.\u00a0 M\u00e4rz war dieses Jahr kalendarischer Fr\u00fchlingsanfang, auch wenn es ein Mix aus Winter- und Fr\u00fchlingsgef\u00fchlen ist.<\/p>\n","protected":false},"author":1,"featured_media":0,"comment_status":"open","ping_status":"open","sticky":false,"template":"","format":"standard","meta":{"footnotes":""},"categories":[7],"tags":[291,292],"class_list":["post-8244","post","type-post","status-publish","format-standard","hentry","category-impressionen","tag-fruehlingsknotenblumen","tag-leucojum-vernum"],"_links":{"self":[{"href":"https:\/\/www.rathgeber-balance.de\/bloggen\/wp-json\/wp\/v2\/posts\/8244","targetHints":{"allow":["GET"]}}],"collection":[{"href":"https:\/\/www.rathgeber-balance.de\/bloggen\/wp-json\/wp\/v2\/posts"}],"about":[{"href":"https:\/\/www.rathgeber-balance.de\/bloggen\/wp-json\/wp\/v2\/types\/post"}],"author":[{"embeddable":true,"href":"https:\/\/www.rathgeber-balance.de\/bloggen\/wp-json\/wp\/v2\/users\/1"}],"replies":[{"embeddable":true,"href":"https:\/\/www.rathgeber-balance.de\/bloggen\/wp-json\/wp\/v2\/comments?post=8244"}],"version-history":[{"count":25,"href":"https:\/\/www.rathgeber-balance.de\/bloggen\/wp-json\/wp\/v2\/posts\/8244\/revisions"}],"predecessor-version":[{"id":8272,"href":"https:\/\/www.rathgeber-balance.de\/bloggen\/wp-json\/wp\/v2\/posts\/8244\/revisions\/8272"}],"wp:attachment":[{"href":"https:\/\/www.rathgeber-balance.de\/bloggen\/wp-json\/wp\/v2\/media?parent=8244"}],"wp:term":[{"taxonomy":"category","embeddable":true,"href":"https:\/\/www.rathgeber-balance.de\/bloggen\/wp-json\/wp\/v2\/categories?post=8244"},{"taxonomy":"post_tag","embeddable":true,"href":"https:\/\/www.rathgeber-balance.de\/bloggen\/wp-json\/wp\/v2\/tags?post=8244"}],"curies":[{"name":"wp","href":"https:\/\/api.w.org\/{rel}","templated":true}]}}